{"id":13103,"date":"2015-06-08T09:54:50","date_gmt":"2015-06-08T12:54:50","guid":{"rendered":"https:\/\/www.mpal.mp.br\/?p=13103"},"modified":"2022-07-21T09:58:01","modified_gmt":"2022-07-21T12:58:01","slug":"sergio-juca-convoca-membros-para-capacitacao-do-cnmp-seminario-acontecera-nos-dias-11-e-12-deste-mes-e-tambem-sera-destinado-para-servidores-e-estagiarios","status":"publish","type":"post","link":"https:\/\/www.mpal.mp.br\/?p=13103","title":{"rendered":"S\u00e9rgio Juc\u00e1 convoca membros para capacita\u00e7\u00e3o do CNMP; Semin\u00e1rio acontecer\u00e1 nos dias 11 e 12 deste m\u00eas e tamb\u00e9m ser\u00e1 destinado para servidores e estagi\u00e1rios"},"content":{"rendered":"<p style=\"text-align: justify;\"><span style=\"font-size: 14pt;\">Est\u00e1 no Di\u00e1rio Oficial desta segunda-feira (08): todos os membros do Minist\u00e9rio P\u00fablico Estadual de Alagoas est\u00e3o convocados para participar do Semin\u00e1rio de Capacita\u00e7\u00e3o em Gest\u00e3o Estrat\u00e9gica, evento que est\u00e1 sendo promovido pela Assessoria de Planejamento Estrat\u00e9gico &#8211; Asplage, em parceria com a Escola Superior do Minist\u00e9rio P\u00fablico de Alagoas &#8211; ESMP e o Conselho Nacional do Minist\u00e9rio P\u00fablico \u2013 CNMP. As atividades ser\u00e3o realizadas no audit\u00f3rio da Procuradoria Geral de Justi\u00e7a, nos dias 11 e 12 de junho (quinta e sexta-feira pr\u00f3ximas), a partir das 09 horas. A capacita\u00e7\u00e3o tamb\u00e9m \u00e9 destinada a servidores e estagi\u00e1rios do MPE\/AL e tem como finalidade qualificar o p\u00fablico interno sobre a import\u00e2ncia de a\u00e7\u00f5es estrat\u00e9gicas em todas as \u00e1reas de atua\u00e7\u00e3o da institui\u00e7\u00e3o.<\/span><\/p>\n<p style=\"text-align: justify;\"><span style=\"font-size: 14pt;\">O evento j\u00e1 est\u00e1 organizado e pronto para ser ofertado aos promotores e procuradores de Justi\u00e7a, servidores e estagi\u00e1rios. Segundo a coordenadora da Asplage, promotora de Justi\u00e7a Stela Val\u00e9ria Soares, essa capacita\u00e7\u00e3o ser\u00e1 de fundamental import\u00e2ncia para que todos possam conhecer melhor o papel do planejamento estrat\u00e9gico dentro de uma institui\u00e7\u00e3o p\u00fablica. \u201cGest\u00e3o estrat\u00e9gica \u00e9 um processo cont\u00ednuo e interativo que visa auxiliar a administra\u00e7\u00e3o no gerenciamento da organiza\u00e7\u00e3o. Ela se inicia com o planejamento e segue fazendo o monitoramento, at\u00e9 a finaliza\u00e7\u00e3o do projeto, com a devida avalia\u00e7\u00e3o dos resultados alcan\u00e7ados\u201d, explicou ela.<\/span><\/p>\n<p style=\"text-align: justify;\"><span style=\"font-size: 14pt;\">Para o procurador de Justi\u00e7a Eduardo Tavares Mendes, diretor da Escola Superior do MPE\/AL, \u00e9 importante o envolvimento de cada promotor, procurador, servidor e estagi\u00e1rio. &#8220;Conclamo todos a participarem desse momento singular. Teremos membros do Conselho Nacional do Minist\u00e9rio P\u00fablico e de outros MPs brasileiros aqui em Alagoas, que vir\u00e3o nos trazer o melhor de suas experi\u00eancias. Trazer essa qualifica\u00e7\u00e3o para a unidade do Minist\u00e9rio P\u00fablico de Alagoas \u00e9 permitir que possamos desenvolver melhor os nossos projetos e, assim, conseguirmos os resultados esperados. A constru\u00e7\u00e3o dessa agenda estrat\u00e9gica vai nos permitir o alinhamento de a\u00e7\u00f5es junto aos demais MPs do Pa\u00eds. Seremos todos juntos, em torno de objetivos comuns, com foco na melhoria dos servi\u00e7os prestados \u00e0 sociedade\u201d, detalhou Tavares.<\/span><\/p>\n<p style=\"text-align: justify;\"><span style=\"font-size: 14pt;\">\u201cFoi por isso que editamos a portaria de convoca\u00e7\u00e3o, assim, os membros estar\u00e3o respaldados legalmente para participar do Semin\u00e1rio de Capacita\u00e7\u00e3o em Gest\u00e3o Estrat\u00e9gica. Ser\u00e1 um evento de grande aprendizado\u201d, acrescentou o procurador-geral de Justi\u00e7a, S\u00e9rgio Juc\u00e1.<\/span><\/p>\n<p style=\"text-align: justify;\"><span style=\"font-size: 14pt;\"><strong>A diretriz do CNMP<\/strong><\/span><\/p>\n<p style=\"text-align: justify;\"><span style=\"font-size: 14pt;\">Como miss\u00e3o estrat\u00e9gica, o CNMP defende a ordem jur\u00eddica, o regime democr\u00e1tico e os interesses sociais e individuais indispon\u00edveis para a concretiza\u00e7\u00e3o dos valores democr\u00e1ticos e da cidadania, tendo a vis\u00e3o de ter a institui\u00e7\u00e3o, Minist\u00e9rio P\u00fablico, reconhecida como transformadora da realidade social e essencial \u00e0 preserva\u00e7\u00e3o da ordem jur\u00eddica e da democracia.<\/span><\/p>\n<p style=\"text-align: justify;\"><span style=\"font-size: 14pt;\"><strong>Programa\u00e7\u00e3o<\/strong><\/span><\/p>\n<p style=\"text-align: justify;\"><span style=\"font-size: 14pt;\"><strong>1\u00ba Dia (11\/06)<\/strong><\/span><\/p>\n<p style=\"text-align: justify;\"><span style=\"font-size: 14pt;\"><strong>Manh\u00e3<\/strong><\/span><\/p>\n<p style=\"text-align: justify;\"><span style=\"font-size: 14pt;\"><strong>P\u00fablico: Col\u00e9gio de Procuradores Local: Sala dos \u00d3rg\u00e3os Colegiados<\/strong><\/span><\/p>\n<p style=\"text-align: justify;\"><span style=\"font-size: 14pt;\">9h &#8211; CL\u00c1UDIO HENRIQUE PORTELA DO REGO (Conselheiro Nacional, presidente da Comiss\u00e3o de Planejamento Estrat\u00e9gico do CNMP)<\/span><\/p>\n<p style=\"text-align: justify;\"><span style=\"font-size: 14pt;\">PALESTRA: Parceria Estrat\u00e9gica: o CNMP e o Minist\u00e9rio P\u00fablico do Estado de Alagoas<\/span><\/p>\n<p style=\"text-align: justify;\"><span style=\"font-size: 14pt;\">Contexto: A Comiss\u00e3o de Planejamento Estrat\u00e9gico e o fortalecimento da parceria com o Minist\u00e9rio P\u00fablico do Estado de Alagoas. A import\u00e2ncia do apoio\/envolvimento\/participa\u00e7\u00e3o da Administra\u00e7\u00e3o Superior na Gest\u00e3o Estrat\u00e9gica do MP\/AL. A import\u00e2ncia do apoio\/envolvimento\/participa\u00e7\u00e3o da Administra\u00e7\u00e3o Superior no F\u00f3rum Nacional de Gest\u00e3o.<\/span><\/p>\n<p style=\"text-align: justify;\"><span style=\"font-size: 14pt;\">9h30 &#8211; EQUIPE DA ASSESSORIA DE PLANEJAMENTO E GEST\u00c3O ESTRAT\u00c9GICA &#8211; ASPLAGE<\/span><\/p>\n<p style=\"text-align: justify;\"><span style=\"font-size: 14pt;\">APRESENTA\u00c7\u00c3O: \u00c1REAS DE ATUA\u00c7\u00c3O DA ASPLAGE: Gest\u00e3o estrat\u00e9gica, Escrit\u00f3rio de Projetos Estrat\u00e9gicos e Escrit\u00f3rio de Gerenciamento de Processos de Atividades.<\/span><\/p>\n<p style=\"text-align: justify;\"><span style=\"font-size: 14pt;\"><strong>Tarde<\/strong><\/span><\/p>\n<p style=\"text-align: justify;\"><span style=\"font-size: 14pt;\"><strong>P\u00fablico: Membros, Servidores e Estagi\u00e1rios Local: Audit\u00f3rio PGJ<\/strong><\/span><\/p>\n<p style=\"text-align: justify;\"><span style=\"font-size: 14pt;\">14h30 &#8211; CL\u00c1UDIO HENRIQUE PORTELA DO REGO (Conselheiro Nacional, presidente da Comiss\u00e3o de Planejamento Estrat\u00e9gico do CNMP)<\/span><\/p>\n<p style=\"text-align: justify;\"><span style=\"font-size: 14pt;\">PALESTRA: Controle, Integra\u00e7\u00e3o e Fortalecimento do Minist\u00e9rio P\u00fablico brasileiro<\/span><\/p>\n<p style=\"text-align: justify;\"><span style=\"font-size: 14pt;\">Contexto: Miss\u00e3o institucional e o papel do CNMP na constru\u00e7\u00e3o do futuro e no enfrentamento dos desafios do Minist\u00e9rio P\u00fablico brasileiro<\/span><\/p>\n<p style=\"text-align: justify;\"><span style=\"font-size: 14pt;\">15h &#8211; LU\u00cdS GUSTAVO MAIA LIMA<\/span><\/p>\n<p style=\"text-align: justify;\"><span style=\"font-size: 14pt;\">Promotor de Justi\u00e7a do MPDFT, membro-auxiliar da Comiss\u00e3o de Planejamento Estrat\u00e9gico do CNMP<\/span><\/p>\n<p style=\"text-align: justify;\"><span style=\"font-size: 14pt;\">PALESTRA: Gest\u00e3o do Conhecimento<\/span><\/p>\n<p style=\"text-align: justify;\"><span style=\"font-size: 14pt;\">Contexto: Evolu\u00e7\u00e3o do Planejamento Estrat\u00e9gico Nacional<\/span><\/p>\n<p style=\"text-align: justify;\"><span style=\"font-size: 14pt;\">15h30 \u2013 F\u00c1BIO BARROS DE MATOS<\/span><\/p>\n<p style=\"text-align: justify;\"><span style=\"font-size: 14pt;\">Promotor de Justi\u00e7a do MPDFT, membro-colaborador da Comiss\u00e3o de Planejamento Estrat\u00e9gico do CNMP<\/span><\/p>\n<p style=\"text-align: justify;\"><span style=\"font-size: 14pt;\">PALESTRA: Tabelas Unificadas do Minist\u00e9rio P\u00fablico<\/span><\/p>\n<p style=\"text-align: justify;\"><span style=\"font-size: 14pt;\">Contexto: Apresenta\u00e7\u00e3o do projeto das Tabelas Unificadas do Minist\u00e9rio P\u00fablico e dos seus modelos de implanta\u00e7\u00e3o<\/span><\/p>\n<p style=\"text-align: justify;\"><span style=\"font-size: 14pt;\">16h &#8211; JAIRO CRUZ MOREIRA<\/span><\/p>\n<p style=\"text-align: justify;\"><span style=\"font-size: 14pt;\">Promotor de Justi\u00e7a do MP\/MG, membro-colaborador da Comiss\u00e3o de Planejamento Estrat\u00e9gico do CNMP<\/span><\/p>\n<p style=\"text-align: justify;\"><span style=\"font-size: 14pt;\">PALESTRA:F\u00f3rum Nacional de Gest\u00e3o<\/span><\/p>\n<p style=\"text-align: justify;\"><span style=\"font-size: 14pt;\">Contexto: A Gest\u00e3o Estrat\u00e9gica no Minist\u00e9rio P\u00fablico Brasileiro<\/span><\/p>\n<p style=\"text-align: justify;\"><span style=\"font-size: 14pt;\"><strong>2\u00ba Dia (12\/06)<\/strong><\/span><\/p>\n<p style=\"text-align: justify;\"><span style=\"font-size: 14pt;\"><strong>P\u00fablico: Membros, servidores e estagi\u00e1rios Local: Audit\u00f3rio PGJ<\/strong><\/span><\/p>\n<p style=\"text-align: justify;\"><span style=\"font-size: 14pt;\"><strong>Manh\u00e3<\/strong><\/span><\/p>\n<p style=\"text-align: justify;\"><span style=\"font-size: 14pt;\">9h &#8211; LUDMILA REIS BRITO LOPES<\/span><\/p>\n<p style=\"text-align: justify;\"><span style=\"font-size: 14pt;\">Procuradora do Trabalho, membro-auxiliar da Comiss\u00e3o de Planejamento Estrat\u00e9gico do CNMP<\/span><\/p>\n<p style=\"text-align: justify;\"><span style=\"font-size: 14pt;\">PALESTRA: A\u00e7\u00e3o Nacional &#8211; Multiplicando a Estrat\u00e9gia<\/span><\/p>\n<p style=\"text-align: justify;\"><span style=\"font-size: 14pt;\">Contexto: Apresenta\u00e7\u00e3o do Banco Nacional de Projetos, do Pr\u00eamio CNMP e da A\u00e7\u00e3o Nacional &#8212; Multiplicando a Estrat\u00e9gia<\/span><\/p>\n<p style=\"text-align: justify;\"><span style=\"font-size: 14pt;\">9h30 &#8211; P\u00c2MELLA QUEIROZ WERNECK<\/span><\/p>\n<p style=\"text-align: justify;\"><span style=\"font-size: 14pt;\">Assessora de Planejamento e Gest\u00e3o Integrada do Minist\u00e9rio P\u00fablico do Esp\u00edrito Santo<\/span><\/p>\n<p style=\"text-align: justify;\"><span style=\"font-size: 14pt;\">PALESTRA: Gest\u00e3o por Processos no Minist\u00e9rio P\u00fablico Brasileiro<\/span><\/p>\n<p style=\"text-align: justify;\"><span style=\"font-size: 14pt;\">Contexto:Metodologia de Gest\u00e3o de Processos do Minist\u00e9rio P\u00fablico brasileiro e o Banco Nacional de Processos. Estudo de caso.<\/span><\/p>\n<p style=\"text-align: justify;\"><span style=\"font-size: 14pt;\">10h &#8211; ROG\u00c9RIO CARNEIRO PAES<\/span><\/p>\n<p style=\"text-align: justify;\"><span style=\"font-size: 14pt;\">Assessor de Planejamento da Comiss\u00e3o de Planejamento Estrat\u00e9gico do CNMP<\/span><\/p>\n<p style=\"text-align: justify;\"><span style=\"font-size: 14pt;\">PALESTRA: Metas &amp; Indicadores<\/span><\/p>\n<p style=\"text-align: justify;\"><span style=\"font-size: 14pt;\">Contexto: Mecanismos de monitoramento e acompanhamento de projetos. Estudo de caso.<\/span><\/p>\n<p style=\"text-align: justify;\"><span style=\"font-size: 14pt;\"><strong>Tarde<\/strong><\/span><\/p>\n<p style=\"text-align: justify;\"><span style=\"font-size: 14pt;\">14h30 \u2013 ASSESSORIA DE PLANEJAMENTO E GEST\u00c3O ESTRAT\u00c9GICA<\/span><\/p>\n<p style=\"text-align: justify;\"><span style=\"font-size: 14pt;\">Dra. Stela Val\u00e9ria Soares, &#8211; Assessora de Planejamento e Gest\u00e3o Estrat\u00e9gica e servidores respons\u00e1veis pelas se\u00e7\u00f5es do Escrit\u00f3rio de Projetos e Escrit\u00f3rio de Processos \u2013 Renata Teixeira Cavalcante e Alyson Elvis Lima Balbino<\/span><\/p>\n<p style=\"text-align: justify;\"><span style=\"font-size: 14pt;\">Explana\u00e7\u00e3o acerca das atividades desenvolvidas nas \u00e1reas de Gest\u00e3o Estrat\u00e9gica, Gerenciamento de Projetos e Processos de Atividades<\/span><\/p>\n<p style=\"text-align: justify;\"><span style=\"font-size: 14pt;\">15h15 &#8211; PROJETOS ESTRAT\u00c9GICOS DO MPAL<\/span><\/p>\n<p style=\"text-align: justify;\"><span style=\"font-size: 14pt;\">Grupo de Trabalho de Combate \u00e0 Improbidade Administrativa.<\/span><\/p>\n<p style=\"text-align: justify;\"><span style=\"font-size: 14pt;\">Grupo de Trabalho de Defesa da Sa\u00fade P\u00fablica.<\/span><\/p>\n<p style=\"text-align: justify;\"><span style=\"font-size: 14pt;\">Fiscaliza\u00e7\u00e3o Preventiva Integrada \u2013 FPI S\u00e3o Francisco.<\/span><\/p>\n<p style=\"text-align: justify;\"><span style=\"font-size: 14pt;\">Socioeduca\u00e7\u00e3o: lugar de adolescente \u00e9 em casa.<\/span><\/p>\n","protected":false},"excerpt":{"rendered":"<p> [&hellip;]<\/p>\n","protected":false},"author":4,"featured_media":8732,"comment_status":"open","ping_status":"open","sticky":false,"template":"","format":"standard","meta":{"om_disable_all_campaigns":false,"_monsterinsights_skip_tracking":false,"_monsterinsights_sitenote_active":false,"_monsterinsights_sitenote_note":"","_monsterinsights_sitenote_category":0,"_uf_show_specific_survey":0,"_uf_disable_surveys":false,"footnotes":""},"categories":[2],"tags":[],"class_list":["post-13103","post","type-post","status-publish","format-standard","has-post-thumbnail","hentry","category-not_mpal"],"aioseo_notices":[],"_links":{"self":[{"href":"https:\/\/www.mpal.mp.br\/index.php?rest_route=\/wp\/v2\/posts\/13103","targetHints":{"allow":["GET"]}}],"collection":[{"href":"https:\/\/www.mpal.mp.br\/index.php?rest_route=\/wp\/v2\/posts"}],"about":[{"href":"https:\/\/www.mpal.mp.br\/index.php?rest_route=\/wp\/v2\/types\/post"}],"author":[{"embeddable":true,"href":"https:\/\/www.mpal.mp.br\/index.php?rest_route=\/wp\/v2\/users\/4"}],"replies":[{"embeddable":true,"href":"https:\/\/www.mpal.mp.br\/index.php?rest_route=%2Fwp%2Fv2%2Fcomments&post=13103"}],"version-history":[{"count":2,"href":"https:\/\/www.mpal.mp.br\/index.php?rest_route=\/wp\/v2\/posts\/13103\/revisions"}],"predecessor-version":[{"id":13105,"href":"https:\/\/www.mpal.mp.br\/index.php?rest_route=\/wp\/v2\/posts\/13103\/revisions\/13105"}],"wp:featuredmedia":[{"embeddable":true,"href":"https:\/\/www.mpal.mp.br\/index.php?rest_route=\/wp\/v2\/media\/8732"}],"wp:attachment":[{"href":"https:\/\/www.mpal.mp.br\/index.php?rest_route=%2Fwp%2Fv2%2Fmedia&parent=13103"}],"wp:term":[{"taxonomy":"category","embeddable":true,"href":"https:\/\/www.mpal.mp.br\/index.php?rest_route=%2Fwp%2Fv2%2Fcategories&post=13103"},{"taxonomy":"post_tag","embeddable":true,"href":"https:\/\/www.mpal.mp.br\/index.php?rest_route=%2Fwp%2Fv2%2Ftags&post=13103"}],"curies":[{"name":"wp","href":"https:\/\/api.w.org\/{rel}","templated":true}]}}