{"id":13097,"date":"2015-06-11T09:48:59","date_gmt":"2015-06-11T12:48:59","guid":{"rendered":"https:\/\/www.mpal.mp.br\/?p=13097"},"modified":"2022-07-21T09:52:29","modified_gmt":"2022-07-21T12:52:29","slug":"comeca-seminario-de-capacitacao-em-gestao-estrategica-conselheiro-do-cnmp-reforca-importancia-do-planejamento-para-melhor-consolidacao-das-acoes-dos-mps-brasileiros","status":"publish","type":"post","link":"https:\/\/www.mpal.mp.br\/?p=13097","title":{"rendered":"Come\u00e7a Semin\u00e1rio de Capacita\u00e7\u00e3o em Gest\u00e3o Estrat\u00e9gica; conselheiro do CNMP refor\u00e7a import\u00e2ncia do planejamento para melhor consolida\u00e7\u00e3o das a\u00e7\u00f5es dos MPs brasileiros"},"content":{"rendered":"<p style=\"text-align: justify;\"><span style=\"font-size: 14pt;\">Come\u00e7ou o Semin\u00e1rio de Capacita\u00e7\u00e3o em Gest\u00e3o Estrat\u00e9gica, evento promovido pela Assessoria de Planejamento Estrat\u00e9gico \u2013 Asplage, pela Escola Superior do Minist\u00e9rio P\u00fablico de Alagoas &#8211; ESMP e pelo Conselho Nacional do Minist\u00e9rio P\u00fablico \u2013 CNMP. Em sua apresenta\u00e7\u00e3o de abertura, o promotor de Justi\u00e7a e conselheiro do CNMP, Cl\u00e1udio Henrique Portela do Rego, falou sobre as diretrizes e objetivos a serem alcan\u00e7ados pelo Conselho no tocante ao plano de gest\u00e3o tra\u00e7ado pela institui\u00e7\u00e3o e destacou que, por meio do planejamento, ficar\u00e1 mais f\u00e1cil aos Minist\u00e9rios P\u00fablicos brasileiros conseguirem alcan\u00e7ar as metas elaboradas.<\/span><\/p>\n<p style=\"text-align: justify;\"><span style=\"font-size: 14pt;\">A primeira atividade do Semin\u00e1rio foi destinada aos procuradores de Justi\u00e7a do Minist\u00e9rio P\u00fablico Estadual de Alagoas. A apresenta\u00e7\u00e3o, conduzida pelo conselheiro Cl\u00e1udio Henrique Portela do Rego, mostrou a import\u00e2ncia da unidade atrav\u00e9s de um planejamento estrat\u00e9gico coordenado pelo Conselho Nacional e que deve ser compartilhado pelas demais unidades dos MPs no Brasil. \u201cEstamos atuando na estrutura\u00e7\u00e3o da gest\u00e3o estrat\u00e9gica do CNMP e na condu\u00e7\u00e3o democr\u00e1tica do processo de planejamento de m\u00e9dio e de longo prazos, de forma a cumprir o que est\u00e1 estabelecido no Planejamento Nacional Estrat\u00e9gico (PNE), de acordo com a estrutura organizacional do CNMP e dos Minist\u00e9rios P\u00fablicos em cada estado\u201d, explicou Portela.<\/span><\/p>\n<p style=\"text-align: justify;\"><span style=\"font-size: 14pt;\">\u201cE essa a\u00e7\u00e3o nacional \u00e9 executada por meio de projetos e processos, com o devido monitoramento dos indicadores e metas. Assim, estamos conseguindo planejar o MP brasileiro e, consequentemente, estimular o fortalecimento dos Bancos Nacionais de Projetos e Processos e a concorr\u00eancia no Pr\u00eamio do Conselho Nacional do Minist\u00e9rio P\u00fablico. \u00c9 importante que compartilhemos e repliquemos iniciativas de como fazer, como fortalecer, como controlar e integrar as atividades das institui\u00e7\u00f5es\u201d, acrescentou o conselheiro.<\/span><\/p>\n<p style=\"text-align: justify;\"><span style=\"font-size: 14pt;\">Ainda segundo Cl\u00e1udio Portela, todo esse trabalho voltado para a \u00e1rea de gest\u00e3o, que faz parte do mapa estrat\u00e9gico nacional, tem como maiores objetivos fazer com que o Minist\u00e9rio P\u00fablico seja reconhecido como institui\u00e7\u00e3o transformadora de realidade social e essencial \u00e0 preserva\u00e7\u00e3o da ordem jur\u00eddica e da democracia.<\/span><\/p>\n<p style=\"text-align: justify;\"><span style=\"font-size: 14pt;\">\u201cA iniciativa de trazer esse evento para o Minist\u00e9rio P\u00fablico do Estado de Alagoas tem uma grande import\u00e2ncia para n\u00f3s, haja vista que podemos aperfei\u00e7oar o nosso modelo de gest\u00e3o estrat\u00e9gica a partir de formatos bem-sucedidos de outras unidades brasileiras. E o fortalecimento do apoio do conselheiro Cl\u00e1udio Portela \u00e9 essencial nesse processo, j\u00e1 que \u00e9 um colega que sempre est\u00e1 de bra\u00e7os abertos para atender as demandas de cada MP\u201d, afirmou o procurador-geral de Justi\u00e7a, S\u00e9rgio Juc\u00e1.<\/span><\/p>\n<p style=\"text-align: justify;\"><span style=\"font-size: 14pt;\">\u201cO desejo de todo Minist\u00e9rio P\u00fablico \u00e9 ser uma institui\u00e7\u00e3o de excel\u00eancia transformadora da realidade social e refer\u00eancia na conscientiza\u00e7\u00e3o dos princ\u00edpios constitucionais. \u00c9 por isso que o planejar as a\u00e7\u00f5es \u00e9 uma a\u00e7\u00e3o fundamental\u201d, defendeu a coordenadora da Asplage, promotora de Justi\u00e7a Stela Val\u00e9ria Soares.<\/span><\/p>\n<p style=\"text-align: justify;\"><span style=\"font-size: 14pt;\">O Semin\u00e1rio \u00e9 destinado a todos os membros, servidores e estagi\u00e1rios do Minist\u00e9rio P\u00fablico do Estado de Alagoas e pretende compartilhar com eles os ensinamentos de promotores de Justi\u00e7a, procuradores do Trabalho e assessores da \u00e1rea de planejamento de diferentes unidades dos MPs brasileiros, experi\u00eancias essas, claro, voltadas para a \u00e1rea de gest\u00e3o estrat\u00e9gica.<\/span><\/p>\n<p style=\"text-align: justify;\"><span style=\"font-size: 14pt;\"><strong>Planejamento estrat\u00e9gico do MPE\/AL<\/strong><\/span><\/p>\n<p style=\"text-align: justify;\"><span style=\"font-size: 14pt;\">A primeira parte do evento foi encerrada com a apresenta\u00e7\u00e3o da Asplage, a respeito do funcionamento do setor, no tocante as atividades desenvolvidas pelo Minist\u00e9rio P\u00fablico do Estado de Alagoas. O promotor de Justi\u00e7a e ex-assessor de Planejamento e Gest\u00e3o Estrat\u00e9gica, Humberto Pimentel, e o assessor jur\u00eddico e ex-chefe da se\u00e7\u00e3o de Gest\u00e3o Estrat\u00e9gica do MPE\/AL, Willams Oliveira, falaram a respeito da cria\u00e7\u00e3o, modelo de gest\u00e3o e a execu\u00e7\u00e3o dos projetos propostos por membros e servidores. J\u00e1 Renata Oliveira Teixeira Cavalcante, chefe da se\u00e7\u00e3o do Escrit\u00f3rio de Projetos, fez uma explana\u00e7\u00e3o de como funciona o Escrit\u00f3rio, quais s\u00e3o os projetos em execu\u00e7\u00e3o e como anda a aplica\u00e7\u00e3o de cada um deles. Por fim, Alysson Elvis Lima Balbino, chefe da se\u00e7\u00e3o de Processos de Atividades, fez uma apresenta\u00e7\u00e3o sobre como se d\u00e1 o mapeamento das atividades relacionadas a institui\u00e7\u00e3o, al\u00e9m de detalhar de que maneira acontece o suporte e a elabora\u00e7\u00e3o dos processos relacionados as \u00e1reas fim e meio.<\/span><\/p>\n<p style=\"text-align: justify;\"><span style=\"font-size: 14pt;\">O Semin\u00e1rio tem continua\u00e7\u00e3o na tarde desta quinta-feira e continuar\u00e1 nesta sexta-feira (12) com a participa\u00e7\u00e3o de promotores e procuradores de outras unidades do Minist\u00e9rio P\u00fablico brasileiro.<\/span><\/p>\n","protected":false},"excerpt":{"rendered":"<p> [&hellip;]<\/p>\n","protected":false},"author":4,"featured_media":13098,"comment_status":"open","ping_status":"open","sticky":false,"template":"","format":"standard","meta":{"om_disable_all_campaigns":false,"_monsterinsights_skip_tracking":false,"_monsterinsights_sitenote_active":false,"_monsterinsights_sitenote_note":"","_monsterinsights_sitenote_category":0,"_uf_show_specific_survey":0,"_uf_disable_surveys":false,"footnotes":""},"categories":[2],"tags":[],"class_list":["post-13097","post","type-post","status-publish","format-standard","has-post-thumbnail","hentry","category-not_mpal"],"aioseo_notices":[],"_links":{"self":[{"href":"https:\/\/www.mpal.mp.br\/index.php?rest_route=\/wp\/v2\/posts\/13097","targetHints":{"allow":["GET"]}}],"collection":[{"href":"https:\/\/www.mpal.mp.br\/index.php?rest_route=\/wp\/v2\/posts"}],"about":[{"href":"https:\/\/www.mpal.mp.br\/index.php?rest_route=\/wp\/v2\/types\/post"}],"author":[{"embeddable":true,"href":"https:\/\/www.mpal.mp.br\/index.php?rest_route=\/wp\/v2\/users\/4"}],"replies":[{"embeddable":true,"href":"https:\/\/www.mpal.mp.br\/index.php?rest_route=%2Fwp%2Fv2%2Fcomments&post=13097"}],"version-history":[{"count":1,"href":"https:\/\/www.mpal.mp.br\/index.php?rest_route=\/wp\/v2\/posts\/13097\/revisions"}],"predecessor-version":[{"id":13099,"href":"https:\/\/www.mpal.mp.br\/index.php?rest_route=\/wp\/v2\/posts\/13097\/revisions\/13099"}],"wp:featuredmedia":[{"embeddable":true,"href":"https:\/\/www.mpal.mp.br\/index.php?rest_route=\/wp\/v2\/media\/13098"}],"wp:attachment":[{"href":"https:\/\/www.mpal.mp.br\/index.php?rest_route=%2Fwp%2Fv2%2Fmedia&parent=13097"}],"wp:term":[{"taxonomy":"category","embeddable":true,"href":"https:\/\/www.mpal.mp.br\/index.php?rest_route=%2Fwp%2Fv2%2Fcategories&post=13097"},{"taxonomy":"post_tag","embeddable":true,"href":"https:\/\/www.mpal.mp.br\/index.php?rest_route=%2Fwp%2Fv2%2Ftags&post=13097"}],"curies":[{"name":"wp","href":"https:\/\/api.w.org\/{rel}","templated":true}]}}