{"id":13093,"date":"2015-06-12T09:34:06","date_gmt":"2015-06-12T12:34:06","guid":{"rendered":"https:\/\/www.mpal.mp.br\/?p=13093"},"modified":"2022-07-21T09:48:53","modified_gmt":"2022-07-21T12:48:53","slug":"do-mpe-al-ao-cnmp-seminario-leva-dezenas-de-membros-servidores-e-estagiarios-a-predio-sede-da-pgj-em-busca-de-capacitacao-na-area-de-gestao-estrategica","status":"publish","type":"post","link":"https:\/\/www.mpal.mp.br\/?p=13093","title":{"rendered":"Do MPE\/AL ao CNMP: semin\u00e1rio leva dezenas de membros, servidores e estagi\u00e1rios a pr\u00e9dio-sede da PGJ em busca de capacita\u00e7\u00e3o na \u00e1rea de gest\u00e3o estrat\u00e9gica"},"content":{"rendered":"<p style=\"text-align: justify;\"><span style=\"font-size: 14pt;\">Membros, servidores e estagi\u00e1rios lotaram o audit\u00f3rio da Procuradoria Geral de Justi\u00e7a para acompanhar o Semin\u00e1rio de Capacita\u00e7\u00e3o em Gest\u00e3o Estrat\u00e9gica pelo Conselho Nacional do Minist\u00e9rio P\u00fablico (CNMP) promovido pela Assessoria de Planejamento Estrat\u00e9gico (Asplage), em parceria com a Escola Superior do Minist\u00e9rio P\u00fablico do Estado de Alagoas (ESMP). O evento que chegou ao fim nesta sexta-feira (12) teve como objetivo capacitar o p\u00fablico interno do Minist\u00e9rio P\u00fablico Estadual (MPE\/AL) sobre a import\u00e2ncia do foco em a\u00e7\u00f5es estrat\u00e9gicas.<\/span><\/p>\n<p style=\"text-align: justify;\"><span style=\"font-size: 14pt;\">Para apresentar o espa\u00e7o de forma\u00e7\u00e3o, estiveram na mesa de abertura o diretor da ESMP, procurador de Justi\u00e7a Eduardo Tavares Mendes; a chefe da Assessoria de Planejamento e Gest\u00e3o Estrat\u00e9gica (Asplage), promotora Stela Val\u00e9ria Soares; o procurador-geral do Minist\u00e9rio P\u00fablico de Contas, Rafael Alc\u00e2ntara; a presidente da Assossia\u00e7\u00e3o do Minist\u00e9rio P\u00fablico do Estado de Alagoas (Ampal), promotora de Justi\u00e7a Adilza In\u00e1cio Freitas; e o presidente do Sindicato dos Servidores do Minist\u00e9rio P\u00fablico do Estado de Alagoas (Simpeal), Rafael Barreto.<\/span><\/p>\n<p style=\"text-align: justify;\"><span style=\"font-size: 14pt;\">O presidente da Comiss\u00e3o de Planejamento Estrat\u00e9gico do CNMP, Cl\u00e1udio Henrique Portela do Rego tamb\u00e9m esteve na mesa. Ele elogiou o trabalho desenvolvido pelo procurador-geral de Justi\u00e7a, S\u00e9rgio Juc\u00e1, no comando do MPE\/AL, em especial, por garantir a presen\u00e7a de um representante do Minist\u00e9rio P\u00fablico de Contas do estado e de um servidor na casa no ato de abertura do evento. Coube ao conselheiro nacional fazer a primeira palestra do dia, cujo tema foi \u201cControle, Integra\u00e7\u00e3o e Fortalecimento do Minist\u00e9rio P\u00fablico brasileiro\u201d.<\/span><\/p>\n<p style=\"text-align: justify;\"><span style=\"font-size: 14pt;\">Na sua fala, Cl\u00e1udio Portela defendeu a a\u00e7\u00e3o conjunta das institui\u00e7\u00f5es que comp\u00f5em o Minist\u00e9rio P\u00fablico no pa\u00eds, refor\u00e7ando a necessidade de ter compet\u00eancia em gest\u00f5es estrat\u00e9gicas para que a institui\u00e7\u00e3o seja reconhecida como um agente da transforma\u00e7\u00e3o social essencial \u00e0 preserva\u00e7\u00e3o da ordem jur\u00eddica e da democracia. \u201cIsso s\u00f3 ocorrer\u00e1 se tamb\u00e9m formos \u00e0s ruas, hospitais e escolas. Se n\u00f3s nos aproximarmos da popula\u00e7\u00e3o. Precisamos saber vender nosso servi\u00e7o para ter o seu apoio, como ocorreu durante a luta contra a PEC 37\u201d, completou.<\/span><\/p>\n<p style=\"text-align: justify;\"><span style=\"font-size: 14pt;\">Em rela\u00e7\u00e3o ao planejamento estrat\u00e9gico nacional, o conselheiro apontou como vantagens o comportamento convergente de \u00e1reas que comp\u00f5em a institui\u00e7\u00e3o; a demonstra\u00e7\u00e3o da import\u00e2ncia de cada um dos integrantes da organiza\u00e7\u00e3o para a consecu\u00e7\u00e3o dos resultados; diretriz mais eficientes; est\u00edmulo ao comportamento proativo, \u00e0 fun\u00e7\u00e3o diretiva e, consequentemente gera uma melhor orienta\u00e7\u00e3o ao processo decis\u00f3rio; al\u00e9m de racionalizar a gest\u00e3o or\u00e7ament\u00e1ria. \u201cS\u00e3o projetos estrat\u00e9gicos que v\u00e3o refor\u00e7ar nossa imagem junto \u00e0 sociedade. Eles v\u00e3o dizer com suas a\u00e7\u00f5es como somos e porque existimos\u201d, destacou.<\/span><\/p>\n<p style=\"text-align: justify;\"><span style=\"font-size: 14pt;\"><strong>F\u00f3rum Nacional de Gest\u00e3o e Gest\u00e3o do Conhecimento<\/strong><\/span><\/p>\n<p style=\"text-align: justify;\"><span style=\"font-size: 14pt;\">Na palestra \u201cA Gest\u00e3o Estrat\u00e9gica no Minist\u00e9rio P\u00fablico Brasileiro\u201d, o promotor de Justi\u00e7a do Minist\u00e9rio P\u00fablico de Minas Gerais e membro-colaborador da Comiss\u00e3o de Planejamento Estrat\u00e9gico do CNMP, Jairo Cruz Moreira ressaltou a velocidade com que as mudan\u00e7as na cultura de gest\u00e3o se deu na institui\u00e7\u00e3o nacional. \u201cH\u00e1 10 anos, n\u00f3s n\u00e3o t\u00ednhamos nem Conselho. O que dizer de a\u00e7\u00e3o estrat\u00e9gica?! De 2009 para c\u00e1, o Minist\u00e9rio P\u00fablico caminhou bem nessa \u00e1rea de planejamento estrat\u00e9gico devido \u00e0 qualifica\u00e7\u00e3o t\u00e9cnicas de membros e servidores\u201d, disse.<\/span><\/p>\n<p style=\"text-align: justify;\"><span style=\"font-size: 14pt;\">O promotor de Justi\u00e7a apontou como ferramentas para uma gest\u00e3o mais eficientes recursos como o F\u00f3rum Nacional de Gest\u00e3o, o rec\u00e9m-criado Banco Nacional de Processos e o bem-sucedido Banco Nacional de Projetos, que j\u00e1 possui 687 iniciativas de todo o pa\u00eds dispon\u00edveis no site do CNMP. \u201cCom a disputa crescente por recursos, em breve, s\u00f3 ter\u00e3o acesso a eles os \u00f3rg\u00e3os e setores que desenvolverem os melhores projetos e se mostrarem mais eficientes. Nem sempre quem possui a melhor estrutura, possui a melhor gest\u00e3o\u201d, lembrou Jairo Cruz, que defendeu a pactua\u00e7\u00e3o de resultados entre o comando da institui\u00e7\u00e3o com membros e servidores nas \u00e1reas fim e meio.<\/span><\/p>\n<p style=\"text-align: justify;\"><span style=\"font-size: 14pt;\">Em seguida foi a vez do promotor de Justi\u00e7a do Minist\u00e9rio P\u00fablico do Distrito Federal e Territ\u00f3rios, Lu\u00eds Gustavo Maia Lima, falar sobre \u201cO CNMP e a Gest\u00e3o de Conhecimento\u201d. Ele, que tamb\u00e9m \u00e9 membro-auxiliar da Comiss\u00e3o de Planejamento Estrat\u00e9gico do Conselho Nacional, apresentou ao p\u00fablico o mapa estrat\u00e9gico nacional repleto de ramifica\u00e7\u00f5es, afirmando que o instrumento s\u00f3 funciona se houver comprometimento de todos que o comp\u00f5em.<\/span><\/p>\n<p style=\"text-align: justify;\"><span style=\"font-size: 14pt;\">No que se refere \u00e0 Resolu\u00e7\u00e3o n\u00ba 74 do CNMP, Lu\u00eds Gustavo Maia defendeu a padroniza\u00e7\u00e3o da taxonomia entre as institui\u00e7\u00f5es ministeriais. \u201cA medida foi necess\u00e1ria para que todos os membros falem a mesma l\u00edngua, demonstrem resultado do trabalho e garantam \u00e0 sociedade o direito constitucional da informa\u00e7\u00e3o e, assim, exercer o controle social do nosso servi\u00e7o a partir da transpar\u00eancia na nossa presta\u00e7\u00e3o de contas\u201d, afirmou.<\/span><\/p>\n<p style=\"text-align: justify;\"><span style=\"font-size: 14pt;\">Por fim, o promotor elogiou a consolida\u00e7\u00e3o dos dados sobre o MP brasileiro presentes no livro Minist\u00e9rio P\u00fablico \u2013 um retrato, lan\u00e7ado anualmente pelo Conselho Nacional, decorrente do planejamento do \u00f3rg\u00e3o e da gest\u00e3o de conhecimento. \u201cCom o estudo podemos saber porque a Regi\u00e3o Nordeste firma mais TACs do que o sul, que aju\u00edza mais a\u00e7\u00f5es penais. Por que isso acontece? O Judici\u00e1rio no sul \u00e9 mais efetivo? O Nordeste busca mais a\u00e7\u00f5es extrajudiciais por dar mais efetividade ao trabalho? A partir das informa\u00e7\u00f5es levantadas podemos investigar melhor essa diferen\u00e7a\u201d, exemplificou.<\/span><\/p>\n<p style=\"text-align: justify;\"><span style=\"font-size: 14pt;\"><strong>A\u00e7\u00e3o Nacional e projeto estrat\u00e9gicos do MPE\/AL<\/strong><\/span><\/p>\n<p style=\"text-align: justify;\"><span style=\"font-size: 14pt;\">Ainda na quinta-feira, a procuradora do Trabalho da 10\u00aa Regi\u00e3o, Ludmila Reis Brito Lopes, e o promotor de Justi\u00e7a do MPDFT, F\u00e1bio Barros de Matos, discorreram sobre \u201cA A\u00e7\u00e3o Nacional &#8211; Multiplicando a Estrat\u00e9gia\u201d. Ao todo, o CNMP desenvolve 18 a\u00e7\u00f5es nacionais, sendo que 13 j\u00e1 ocorreram, paralelamente a 10 eventos e 14 projetos nacionais em andamento. \u201cPara dar in\u00edcio a um projeto, sugerimos simplicidade. Comece-os com indicadores simples, mas com monitoramento constante, mostrando que quer mesmo alcan\u00e7ar as metas a fim de garantir que o processo tenha sucesso\u201d, recomendou a procuradora.<\/span><\/p>\n<p style=\"text-align: justify;\"><span style=\"font-size: 14pt;\">J\u00e1 na sexta-feira, foi a vez da assessora de Planejamento e Gest\u00e3o Integrada do Minist\u00e9rio P\u00fablico do Esp\u00edrito Santo, P\u00e2mella Queiroz Werneck, abordar a &#8220;Gest\u00e3o por Processos no Minist\u00e9rio P\u00fablico Brasileiro&#8221;, e do assessor de Planejamento da Comiss\u00e3o de Planejamento Estrat\u00e9gico do CNMP, Rog\u00e9rio Carneiro Paes, falar sobre &#8220;Metas e Indicadores&#8221;.<\/span><\/p>\n<p style=\"text-align: justify;\"><span style=\"font-size: 14pt;\">Na manh\u00e3 de hoje, o p\u00fablico presente tamb\u00e9m a acompanhou a abordagem da chefe de Planejamento e Gest\u00e3o Estrat\u00e9gica, promotora de Justi\u00e7a Stella Val\u00e9ria Soares, e dos servidores respons\u00e1veis pelas se\u00e7\u00f5es do Escrit\u00f3rio de Projetos e Escrit\u00f3rios de Processos, respectivamente, Renata Teixeira Cavalcante e Alyson Elvis Balbino, tal como o servidor Willams Ferreira, sobre as atividades desenvolvidas nas \u00e1reas de Gest\u00e3o Estrat\u00e9gica, Gerenciamento de Projetos e Processos de Atividades.<\/span><\/p>\n<p style=\"text-align: justify;\"><span style=\"font-size: 14pt;\">No encerramento do evento, houve a apresenta\u00e7\u00e3o de quatro projetos estrat\u00e9gicos do Minist\u00e9rio P\u00fablico do Estado de Alagoas. O coordenador do N\u00facleo de Defesa do Patrim\u00f4nio P\u00fablico, promotor de Justi\u00e7a Jos\u00e9 Carlos Castro apresentou os resultados do Grupo de Trabalho de Combate \u00e0 Improbidade Administrativa, seguido pela promotora de Justi\u00e7a Alexandra Beurlen, que narrou os primeiros passos do projeto \u201cSocioeduca\u00e7\u00e3o: lugar de adolescente \u00e9 em casa\u201d.<\/span><\/p>\n<p style=\"text-align: justify;\"><span style=\"font-size: 14pt;\">Na sequ\u00eancia, a coordenadora do N\u00facleo de Defesa da Sa\u00fade P\u00fablica, promotora de Justi\u00e7a Micheline Ten\u00f3rio, descreveu o andamento do Grupo de Trabalho hom\u00f4nimo ao n\u00facleo, e a promotora de Justi\u00e7a Lav\u00ednia Fragoso abordou as tr\u00eas primeiras etapas da Fiscaliza\u00e7\u00e3o Preventiva Integrada da Bacia Hidrogr\u00e1fica do Rio S\u00e3o Francisco.<\/span><\/p>\n","protected":false},"excerpt":{"rendered":"<p> [&hellip;]<\/p>\n","protected":false},"author":4,"featured_media":13094,"comment_status":"open","ping_status":"open","sticky":false,"template":"","format":"standard","meta":{"om_disable_all_campaigns":false,"_monsterinsights_skip_tracking":false,"_monsterinsights_sitenote_active":false,"_monsterinsights_sitenote_note":"","_monsterinsights_sitenote_category":0,"_uf_show_specific_survey":0,"_uf_disable_surveys":false,"footnotes":""},"categories":[2],"tags":[],"class_list":["post-13093","post","type-post","status-publish","format-standard","has-post-thumbnail","hentry","category-not_mpal"],"aioseo_notices":[],"_links":{"self":[{"href":"https:\/\/www.mpal.mp.br\/index.php?rest_route=\/wp\/v2\/posts\/13093","targetHints":{"allow":["GET"]}}],"collection":[{"href":"https:\/\/www.mpal.mp.br\/index.php?rest_route=\/wp\/v2\/posts"}],"about":[{"href":"https:\/\/www.mpal.mp.br\/index.php?rest_route=\/wp\/v2\/types\/post"}],"author":[{"embeddable":true,"href":"https:\/\/www.mpal.mp.br\/index.php?rest_route=\/wp\/v2\/users\/4"}],"replies":[{"embeddable":true,"href":"https:\/\/www.mpal.mp.br\/index.php?rest_route=%2Fwp%2Fv2%2Fcomments&post=13093"}],"version-history":[{"count":1,"href":"https:\/\/www.mpal.mp.br\/index.php?rest_route=\/wp\/v2\/posts\/13093\/revisions"}],"predecessor-version":[{"id":13095,"href":"https:\/\/www.mpal.mp.br\/index.php?rest_route=\/wp\/v2\/posts\/13093\/revisions\/13095"}],"wp:featuredmedia":[{"embeddable":true,"href":"https:\/\/www.mpal.mp.br\/index.php?rest_route=\/wp\/v2\/media\/13094"}],"wp:attachment":[{"href":"https:\/\/www.mpal.mp.br\/index.php?rest_route=%2Fwp%2Fv2%2Fmedia&parent=13093"}],"wp:term":[{"taxonomy":"category","embeddable":true,"href":"https:\/\/www.mpal.mp.br\/index.php?rest_route=%2Fwp%2Fv2%2Fcategories&post=13093"},{"taxonomy":"post_tag","embeddable":true,"href":"https:\/\/www.mpal.mp.br\/index.php?rest_route=%2Fwp%2Fv2%2Ftags&post=13093"}],"curies":[{"name":"wp","href":"https:\/\/api.w.org\/{rel}","templated":true}]}}