{"id":13083,"date":"2016-04-12T09:15:09","date_gmt":"2016-04-12T12:15:09","guid":{"rendered":"https:\/\/www.mpal.mp.br\/?p=13083"},"modified":"2022-07-21T09:17:17","modified_gmt":"2022-07-21T12:17:17","slug":"asplage-convida-membros-e-servidores-do-mpe-al-a-participarem-do-premio-cnmp-2016","status":"publish","type":"post","link":"https:\/\/www.mpal.mp.br\/?p=13083","title":{"rendered":"Asplage convida membros e servidores do MPE\/AL a participarem do Pr\u00eamio CNMP 2016"},"content":{"rendered":"<p style=\"text-align: justify;\"><span style=\"font-size: 14pt;\">O F\u00f3rum Nacional de Gest\u00e3o do Conselho Nacional do Minist\u00e9rio P\u00fablico est\u00e1 com inscri\u00e7\u00f5es abertas para a edi\u00e7\u00e3o deste ano do Pr\u00eamio CNMP. Podem concorrer ao pr\u00eamio os projetos de membros e\/ou servidores inscritos no Banco Nacional de Projetos (BNP) at\u00e9 o dia 19 de abril de 2016. Neste prazo, para se habilitarem ao certame, as iniciativas j\u00e1 cadastradas devem ser atualizadas de acordo com o novo Regulamento do BNP e da premia\u00e7\u00e3o em destaque.<\/span><\/p>\n<p style=\"text-align: justify;\"><span style=\"font-size: 14pt;\">A chefe da Se\u00e7\u00e3o de Escrit\u00f3rio de Projetos do Minist\u00e9rio P\u00fablico do Estado de Alagoas (MPE\/AL), Renata Teixeira, afirma que o Pr\u00eamio CNMP 2016 \u00e9 uma boa oportunidade para mostrar o que a institui\u00e7\u00e3o alagoana tem de melhor. Os participantes podem inscrever mais de um projeto.<\/span><\/p>\n<p style=\"text-align: justify;\"><span style=\"font-size: 14pt;\">\u201cPara quem j\u00e1 realizou alguma iniciativa bem-sucedida e ainda n\u00e3o a documentou, chegou o momento de divulgar a boa pr\u00e1tica a outros Minist\u00e9rios P\u00fablicos. Dessa forma, eles poder\u00e3o tamb\u00e9m adotar o projeto junto ao seu p\u00fablico-alvo. O Escrit\u00f3rio de Projetos est\u00e1 \u00e0 disposi\u00e7\u00e3o para inserir a pr\u00e1tica no banco de projetos e, em seguida, inscrever no concurso\u201d, disse a chefe da Se\u00e7\u00e3o de Escrit\u00f3rio de Projetos do MPE\/AL, Renata Teixeira.<\/span><\/p>\n<p style=\"text-align: justify;\"><span style=\"font-size: 14pt;\">A cerim\u00f4nia de entrega do Pr\u00eamio CNMP 2016 est\u00e1 prevista para ocorrer no dia 21 de setembro deste ano, na abertura \u201cVII Congresso Brasileiro de Gest\u00e3o do Minist\u00e9rio P\u00fablico\u201d.<\/span><\/p>\n<p style=\"text-align: justify;\"><span style=\"font-size: 14pt;\"><strong>O pr\u00eamio<\/strong><\/span><\/p>\n<p style=\"text-align: justify;\"><span style=\"font-size: 14pt;\">O Pr\u00eamio CNMP \u00e9 um instrumento para identificar, premiar e disseminar projetos bem-sucedidos do Minist\u00e9rio P\u00fablico brasileiro, alinhados ao Mapa Estrat\u00e9gico Nacional, e que contribuam, de alguma forma, para a melhoria da efici\u00eancia institucional e dos servi\u00e7os prestados \u00e0 sociedade.<\/span><\/p>\n<p style=\"text-align: justify;\"><span style=\"font-size: 14pt;\">Os interessados em participar da premia\u00e7\u00e3o devem submeter seus projetos \u00e0 administra\u00e7\u00e3o superior de sua unidade para aprova\u00e7\u00e3o. Ap\u00f3s aprovado, para efetuar a inscri\u00e7\u00e3o no Banco Nacional de Projetos, dever\u00e1 entrar em contato com o cadastrador local da sua unidade.<\/span><\/p>\n<p style=\"text-align: justify;\"><span style=\"font-size: 14pt;\">Na edi\u00e7\u00e3o deste ano, ser\u00e3o premiados os projetos inscritos nas seguintes categorias: Defesa dos Direitos Fundamentais; Transforma\u00e7\u00e3o Social; Indu\u00e7\u00e3o de Pol\u00edticas P\u00fablicas; Redu\u00e7\u00e3o da Criminalidade; Redu\u00e7\u00e3o da Corrup\u00e7\u00e3o; Unidade e Efici\u00eancia da Atua\u00e7\u00e3o Institucional e Operacional; Comunica\u00e7\u00e3o e Relacionamento; Profissionaliza\u00e7\u00e3o da Gest\u00e3o; e Tecnologia da Informa\u00e7\u00e3o. Ser\u00e3o premiados os tr\u00eas primeiros colocados de cada categoria.<\/span><\/p>\n<p style=\"text-align: justify;\"><span style=\"font-size: 14pt;\"><strong>Banco Nacional de Projetos<\/strong><\/span><\/p>\n<p style=\"text-align: justify;\"><span style=\"font-size: 14pt;\">O Banco Nacional de Projetos, produto do Planejamento Estrat\u00e9gico Nacional, \u00e9 ferramenta respons\u00e1vel por coletar e disseminar pr\u00e1ticas bem-sucedidas no Minist\u00e9rio P\u00fablico brasileiro.<\/span><\/p>\n<p style=\"text-align: justify;\"><span style=\"font-size: 14pt;\">\u00c9 por meio do Banco Nacional de Projetos que as unidades do Minist\u00e9rio P\u00fablico brasileiro cadastram projetos de autoria de seus membros ou servidores, com o objetivo de torn\u00e1-los acess\u00edveis \u00e0s demais unidades, ao Poder P\u00fablico e \u00e0 sociedade em geral.<\/span><\/p>\n<p style=\"text-align: justify;\"><span style=\"font-size: 14pt;\">Mais informa\u00e7\u00f5es podem ser obtidas pelo e-mail\u00a0<a href=\"mailto:asplage@mpal.mp.br\">asplage@mpal.mp.br<\/a>\u00a0e (82) 2122-3514.<\/span><\/p>\n","protected":false},"excerpt":{"rendered":"<p> [&hellip;]<\/p>\n","protected":false},"author":4,"featured_media":13084,"comment_status":"open","ping_status":"open","sticky":false,"template":"","format":"standard","meta":{"om_disable_all_campaigns":false,"_monsterinsights_skip_tracking":false,"_monsterinsights_sitenote_active":false,"_monsterinsights_sitenote_note":"","_monsterinsights_sitenote_category":0,"_uf_show_specific_survey":0,"_uf_disable_surveys":false,"footnotes":""},"categories":[2],"tags":[],"class_list":["post-13083","post","type-post","status-publish","format-standard","has-post-thumbnail","hentry","category-not_mpal"],"aioseo_notices":[],"_links":{"self":[{"href":"https:\/\/www.mpal.mp.br\/index.php?rest_route=\/wp\/v2\/posts\/13083","targetHints":{"allow":["GET"]}}],"collection":[{"href":"https:\/\/www.mpal.mp.br\/index.php?rest_route=\/wp\/v2\/posts"}],"about":[{"href":"https:\/\/www.mpal.mp.br\/index.php?rest_route=\/wp\/v2\/types\/post"}],"author":[{"embeddable":true,"href":"https:\/\/www.mpal.mp.br\/index.php?rest_route=\/wp\/v2\/users\/4"}],"replies":[{"embeddable":true,"href":"https:\/\/www.mpal.mp.br\/index.php?rest_route=%2Fwp%2Fv2%2Fcomments&post=13083"}],"version-history":[{"count":1,"href":"https:\/\/www.mpal.mp.br\/index.php?rest_route=\/wp\/v2\/posts\/13083\/revisions"}],"predecessor-version":[{"id":13085,"href":"https:\/\/www.mpal.mp.br\/index.php?rest_route=\/wp\/v2\/posts\/13083\/revisions\/13085"}],"wp:featuredmedia":[{"embeddable":true,"href":"https:\/\/www.mpal.mp.br\/index.php?rest_route=\/wp\/v2\/media\/13084"}],"wp:attachment":[{"href":"https:\/\/www.mpal.mp.br\/index.php?rest_route=%2Fwp%2Fv2%2Fmedia&parent=13083"}],"wp:term":[{"taxonomy":"category","embeddable":true,"href":"https:\/\/www.mpal.mp.br\/index.php?rest_route=%2Fwp%2Fv2%2Fcategories&post=13083"},{"taxonomy":"post_tag","embeddable":true,"href":"https:\/\/www.mpal.mp.br\/index.php?rest_route=%2Fwp%2Fv2%2Ftags&post=13083"}],"curies":[{"name":"wp","href":"https:\/\/api.w.org\/{rel}","templated":true}]}}