{"id":13080,"date":"2016-09-21T09:12:21","date_gmt":"2016-09-21T12:12:21","guid":{"rendered":"https:\/\/www.mpal.mp.br\/?p=13080"},"modified":"2022-07-21T09:15:05","modified_gmt":"2022-07-21T12:15:05","slug":"membros-e-servidores-do-mpe-al-participam-do-7o-congresso-brasileiro-de-gestao-do-ministerio-publico","status":"publish","type":"post","link":"https:\/\/www.mpal.mp.br\/?p=13080","title":{"rendered":"Membros e servidores do MPE\/AL participam do 7\u00ba Congresso Brasileiro de Gest\u00e3o do Minist\u00e9rio P\u00fablico"},"content":{"rendered":"<p style=\"text-align: justify;\"><span style=\"font-size: 14pt;\">O subprocurador-geral Administrativo-Institucional, Walber Jos\u00e9 Valente de Lima, e a chefe da Assessoria de Planejamento e Gest\u00e3o Estrat\u00e9gica, promotora de Justi\u00e7a Stela Val\u00e9ria Soares de Farias Cavalcanti, representam o Minist\u00e9rio P\u00fablico do Estado de Alagoas no 7\u00ba Congresso Brasileiro de Gest\u00e3o do Minist\u00e9rio P\u00fablico, que segue at\u00e9 sexta-feira, 23, em Bras\u00edlia. Neste ano, o tema do evento \u00e9 \u201cInovar para o cidad\u00e3o: o desafio de criar experi\u00eancias que gerem valor\u201d.<\/span><\/p>\n<p style=\"text-align: justify;\"><span style=\"font-size: 14pt;\">Os membros participar\u00e3o de espa\u00e7os de discuss\u00e3o relacionados \u00e0 Administra\u00e7\u00e3o Superior e a Pol\u00edticas de Gest\u00e3o Administrativa, respectivamente. Al\u00e9m deles, tamb\u00e9m est\u00e3o presentes no evento promovido pelo Conselho Nacional do Minist\u00e9rio P\u00fablico (CNMP) servidores que integram os Comit\u00eas de Pol\u00edticas de Comunica\u00e7\u00e3o Social, Gest\u00e3o de Pessoas, Gest\u00e3o Or\u00e7ament\u00e1ria e Pol\u00edticas de Gest\u00e3o de Tecnologia da Informa\u00e7\u00e3o.<\/span><\/p>\n<p style=\"text-align: justify;\"><span style=\"font-size: 14pt;\">Em 2016, o congresso conta com um formato inovador, apresentando dez salas integradas por participantes de diferentes \u00e1reas, que ter\u00e3o de encontrar solu\u00e7\u00f5es para desafios lan\u00e7ados pela sociedade. A programa\u00e7\u00e3o do encontro prev\u00ea, ainda, a realiza\u00e7\u00e3o de palestras, oficinas, reuni\u00f5es e pain\u00e9is com integrantes do MP e com convidados, como a consultora e palestrante em marketing digital, inova\u00e7\u00e3o e educa\u00e7\u00e3o Martha Gabriel e o consultor e advogado em direito p\u00fablico Carlos Sundfeld.<\/span><\/p>\n<p style=\"text-align: justify;\"><span style=\"font-size: 14pt;\"><strong>Congresso de Gest\u00e3o<\/strong><\/span><\/p>\n<p style=\"text-align: justify;\"><span style=\"font-size: 14pt;\">O Congresso ocorre anualmente desde 2010 e re\u00fane cerca de 600 membros e servidores do Minist\u00e9rio P\u00fablico.<\/span><\/p>\n<p style=\"text-align: justify;\"><span style=\"font-size: 14pt;\">O objetivo \u00e9 reunir membros e servidores do Minist\u00e9rio P\u00fablico para a realiza\u00e7\u00e3o de debates e de troca de experi\u00eancias. A proposta deste ano \u00e9 estimular o MP a adotar postura inovadora e com foco no cidad\u00e3o em rela\u00e7\u00e3o \u00e0s rotinas, aos projetos e aos processos, tanto na \u00e1rea-meio quanto na \u00e1rea-fim.<\/span><\/p>\n<p style=\"text-align: justify;\"><span style=\"font-size: 14pt;\">O prop\u00f3sito, em consequ\u00eancia, \u00e9 fazer com que a institui\u00e7\u00e3o atenda melhor \u00e0s necessidades da sociedade por meio de solu\u00e7\u00f5es efetivas.<\/span><\/p>\n","protected":false},"excerpt":{"rendered":"<p> [&hellip;]<\/p>\n","protected":false},"author":4,"featured_media":13081,"comment_status":"open","ping_status":"open","sticky":false,"template":"","format":"standard","meta":{"om_disable_all_campaigns":false,"_monsterinsights_skip_tracking":false,"_monsterinsights_sitenote_active":false,"_monsterinsights_sitenote_note":"","_monsterinsights_sitenote_category":0,"_uf_show_specific_survey":0,"_uf_disable_surveys":false,"footnotes":""},"categories":[2],"tags":[],"class_list":["post-13080","post","type-post","status-publish","format-standard","has-post-thumbnail","hentry","category-not_mpal"],"aioseo_notices":[],"_links":{"self":[{"href":"https:\/\/www.mpal.mp.br\/index.php?rest_route=\/wp\/v2\/posts\/13080","targetHints":{"allow":["GET"]}}],"collection":[{"href":"https:\/\/www.mpal.mp.br\/index.php?rest_route=\/wp\/v2\/posts"}],"about":[{"href":"https:\/\/www.mpal.mp.br\/index.php?rest_route=\/wp\/v2\/types\/post"}],"author":[{"embeddable":true,"href":"https:\/\/www.mpal.mp.br\/index.php?rest_route=\/wp\/v2\/users\/4"}],"replies":[{"embeddable":true,"href":"https:\/\/www.mpal.mp.br\/index.php?rest_route=%2Fwp%2Fv2%2Fcomments&post=13080"}],"version-history":[{"count":1,"href":"https:\/\/www.mpal.mp.br\/index.php?rest_route=\/wp\/v2\/posts\/13080\/revisions"}],"predecessor-version":[{"id":13082,"href":"https:\/\/www.mpal.mp.br\/index.php?rest_route=\/wp\/v2\/posts\/13080\/revisions\/13082"}],"wp:featuredmedia":[{"embeddable":true,"href":"https:\/\/www.mpal.mp.br\/index.php?rest_route=\/wp\/v2\/media\/13081"}],"wp:attachment":[{"href":"https:\/\/www.mpal.mp.br\/index.php?rest_route=%2Fwp%2Fv2%2Fmedia&parent=13080"}],"wp:term":[{"taxonomy":"category","embeddable":true,"href":"https:\/\/www.mpal.mp.br\/index.php?rest_route=%2Fwp%2Fv2%2Fcategories&post=13080"},{"taxonomy":"post_tag","embeddable":true,"href":"https:\/\/www.mpal.mp.br\/index.php?rest_route=%2Fwp%2Fv2%2Ftags&post=13080"}],"curies":[{"name":"wp","href":"https:\/\/api.w.org\/{rel}","templated":true}]}}