{"id":13045,"date":"2012-04-09T09:38:31","date_gmt":"2012-04-09T12:38:31","guid":{"rendered":"https:\/\/www.mpal.mp.br\/?p=13045"},"modified":"2022-07-20T09:40:33","modified_gmt":"2022-07-20T12:40:33","slug":"posse-de-subprocuradores-acontece-nesta-quarta-feira","status":"publish","type":"post","link":"https:\/\/www.mpal.mp.br\/?p=13045","title":{"rendered":"Posse de subprocuradores acontece nesta quarta-feira"},"content":{"rendered":"<p style=\"text-align: justify;\"><span style=\"font-size: 14pt;\">Construindo um novo ambiente de trabalho seguindo os passos estabelecidos no Plano de Gest\u00e3o Estrat\u00e9gica do Minist\u00e9rio P\u00fablico Estadual, o procurador-geral de Justi\u00e7a, Eduardo Tavares, empossar\u00e1 nesta quarta-feira (11), \u00e0s 10h, no pr\u00e9dio-sede do MPE, o novo subprocurador-geral Judicial, Afr\u00e2nio Roberto Pereira de Queiroz e o novo subprocurador-geral Administrativo, S\u00e9rgio Juc\u00e1. Al\u00e9m do promotor Luiz Vasconcelos, como assessor especial do PGJ e os novos integrantes do Grupo Estadual de Combate \u00e0s Organiza\u00e7\u00f5es Criminosas (Gecoc).<\/span><\/p>\n<p style=\"text-align: justify;\"><span style=\"font-size: 14pt;\">O plano \u00e9 que a partir de agora a gest\u00e3o passe a atuar de forma descentralizada, conforme o projeito de lei enviado ao Legislativo, baseado em cima dos debates surgidos na constru\u00e7\u00e3o do Plano de Gest\u00e3o Estrat\u00e9gica, com metas at\u00e9 2022. Agora, Queiroz responder\u00e1 aos processos que tramitam na 2\u00aa inst\u00e2ncia, no Tribunal de Justi\u00e7a, conforme publicado no Di\u00e1rio Oficial do Estado desta segunda-feira. J\u00e1 Juc\u00e1 assumir\u00e1 as fun\u00e7\u00f5es administrativas, do dia a dia da institui\u00e7\u00e3o.<\/span><\/p>\n<p style=\"text-align: justify;\"><span style=\"font-size: 14pt;\">O promotor Luiz Vasconcelos toma posse como assessor especial com atribui\u00e7\u00e3o de oferecer pareceres nos processos administrativos da Procuradoria-Geral de Justi\u00e7a. O procurador-geral destacou ainda a posse da nova composi\u00e7\u00e3o do Gecoc com os promotores Alfredo Gaspar de Mendon\u00e7a, Hamilton Carneiro J\u00fanior e Antonio Luiz dos Santos Filho.<\/span><\/p>\n","protected":false},"excerpt":{"rendered":"<p> [&hellip;]<\/p>\n","protected":false},"author":4,"featured_media":13046,"comment_status":"open","ping_status":"open","sticky":false,"template":"","format":"standard","meta":{"om_disable_all_campaigns":false,"_monsterinsights_skip_tracking":false,"_monsterinsights_sitenote_active":false,"_monsterinsights_sitenote_note":"","_monsterinsights_sitenote_category":0,"_uf_show_specific_survey":0,"_uf_disable_surveys":false,"footnotes":""},"categories":[2],"tags":[],"class_list":["post-13045","post","type-post","status-publish","format-standard","has-post-thumbnail","hentry","category-not_mpal"],"aioseo_notices":[],"_links":{"self":[{"href":"https:\/\/www.mpal.mp.br\/index.php?rest_route=\/wp\/v2\/posts\/13045","targetHints":{"allow":["GET"]}}],"collection":[{"href":"https:\/\/www.mpal.mp.br\/index.php?rest_route=\/wp\/v2\/posts"}],"about":[{"href":"https:\/\/www.mpal.mp.br\/index.php?rest_route=\/wp\/v2\/types\/post"}],"author":[{"embeddable":true,"href":"https:\/\/www.mpal.mp.br\/index.php?rest_route=\/wp\/v2\/users\/4"}],"replies":[{"embeddable":true,"href":"https:\/\/www.mpal.mp.br\/index.php?rest_route=%2Fwp%2Fv2%2Fcomments&post=13045"}],"version-history":[{"count":1,"href":"https:\/\/www.mpal.mp.br\/index.php?rest_route=\/wp\/v2\/posts\/13045\/revisions"}],"predecessor-version":[{"id":13047,"href":"https:\/\/www.mpal.mp.br\/index.php?rest_route=\/wp\/v2\/posts\/13045\/revisions\/13047"}],"wp:featuredmedia":[{"embeddable":true,"href":"https:\/\/www.mpal.mp.br\/index.php?rest_route=\/wp\/v2\/media\/13046"}],"wp:attachment":[{"href":"https:\/\/www.mpal.mp.br\/index.php?rest_route=%2Fwp%2Fv2%2Fmedia&parent=13045"}],"wp:term":[{"taxonomy":"category","embeddable":true,"href":"https:\/\/www.mpal.mp.br\/index.php?rest_route=%2Fwp%2Fv2%2Fcategories&post=13045"},{"taxonomy":"post_tag","embeddable":true,"href":"https:\/\/www.mpal.mp.br\/index.php?rest_route=%2Fwp%2Fv2%2Ftags&post=13045"}],"curies":[{"name":"wp","href":"https:\/\/api.w.org\/{rel}","templated":true}]}}