{"id":13042,"date":"2012-04-18T09:35:53","date_gmt":"2012-04-18T12:35:53","guid":{"rendered":"https:\/\/www.mpal.mp.br\/?p=13042"},"modified":"2022-07-20T09:38:26","modified_gmt":"2022-07-20T12:38:26","slug":"cnpg-mobiliza-procuradores-gerais-de-justica-contra-pec-que-pretende-restringir-poderes","status":"publish","type":"post","link":"https:\/\/www.mpal.mp.br\/?p=13042","title":{"rendered":"CNPG mobiliza Procuradores-Gerais de Justi\u00e7a contra PEC que pretende restringir poderes"},"content":{"rendered":"<p style=\"text-align: justify;\"><span style=\"font-size: 14pt;\">O Presidente do Conselho Nacional dos Procuradores-Gerais (CNPG) dos Estados e da Uni\u00e3o, Cl\u00e1udio Lopes, lamentou a tramita\u00e7\u00e3o urgente da PEC 37 na Comiss\u00e3o Especial da C\u00e2mara dos Deputados, que, uma vez aprovada, restringir\u00e1 o poder de investiga\u00e7\u00e3o do Minist\u00e9rio P\u00fablico. Ele disse estar mobilizando todos os Procuradores-Gerais de Justi\u00e7a contra a PEC que poder\u00e1 levar \u00e0 impunidade: \u201cEssa PEC \u00e9 manifestamente inconstitucional\u201d, afirmou Lopes. A pr\u00f3xima reuni\u00e3o da Comiss\u00e3o Especial est\u00e1 marcada para o dia 18 de abril, \u00e0s 14h30min, na C\u00e2mara dos Deputados.<\/span><\/p>\n<p style=\"text-align: justify;\"><span style=\"font-size: 14pt;\">Instaurada segunda-feira (09\/04), a Comiss\u00e3o Especial da C\u00e2mara dos Deputados criada para apreciar o m\u00e9rito da PEC 37\/2011, que confere \u00e0s Pol\u00edcias Judici\u00e1rias dos Estados e Federal o poder de investiga\u00e7\u00e3o criminal, designou nesta ter\u00e7a-feira (10\/04) como Presidente da Comiss\u00e3o o Deputado Arnaldo Faria de S\u00e1, do PTB\/SP. Este, por sua vez, nomeou como relator o Deputado F\u00e1bio Trad, do PMDB\/MS.<\/span><\/p>\n<p style=\"text-align: justify;\"><span style=\"font-size: 14pt;\">De acordo com o Presidente do CNPG, Cl\u00e1udio Lopes, n\u00e3o se pretende dividir com a pol\u00edcia o poder de investigar. \u201cApenas n\u00e3o podemos ficar privados de investigar diretamente em alguns casos, especialmente dependendo dos envolvidos. Al\u00e9m disso, cumpre alertar que essa PEC, caso aprovada, levar\u00e1 \u00e0 impunidade de casos de repercuss\u00e3o que tiveram origem em investiga\u00e7\u00f5es diretas do Minist\u00e9rio P\u00fablico\u201d, adverte Lopes<\/span><\/p>\n<p style=\"text-align: justify;\"><span style=\"font-size: 14pt;\">O Presidente do CNPG cita o Estado do Rio de Janeiro, do qual \u00e9 Procurador-Geral de Justi\u00e7a, como um exemplo de parceria entre o Minist\u00e9rio P\u00fablico e as pol\u00edcias que vem dando certo. \u201cDesenvolvemos investiga\u00e7\u00f5es e opera\u00e7\u00f5es conjuntas, com acesso in\u00e9dito no pa\u00eds ao banco de dados da Secretaria de Seguran\u00e7a P\u00fablica. \u00c9 o exemplo que deve servir para o Brasil\u201d, explica Lopes. Segundo ele, limitar o poder investigat\u00f3rio de quem tem, pela Constitui\u00e7\u00e3o, a iniciativa de promover a a\u00e7\u00e3o penal e para quem s\u00e3o produzidas as provas nos inqu\u00e9ritos policiais \u00e9 um retrocesso com consequ\u00eancias \u201cnefastas\u201d para a sociedade. \u201cA regra \u00e9 a pol\u00edcia investigar. Mas n\u00e3o se pode retirar essa possibilidade do Minist\u00e9rio P\u00fablico. N\u00e3o posso crer que deputados que t\u00eam compromisso com os interesses do povo possam aprov\u00e1-la, e nem o governo da Presidente Dilma Rousseff\u201d, concluiu Lopes.<\/span><\/p>\n<p style=\"text-align: justify;\"><span style=\"font-size: 14pt;\">O deputado federal Vieira Cunha (RS) apresentou requerimento de informa\u00e7\u00e3o para a realiza\u00e7\u00e3o de audi\u00eancia p\u00fablica e j\u00e1 convidou o Presidente do CNPG e o da CONAMP para participar do encontro.<\/span><\/p>\n<p style=\"text-align: justify;\"><span style=\"font-size: 14pt;\">De autoria do Deputado Lourival Mendes, do PTdoB\/MA, Delegado de Pol\u00edcia e ex-dirigente do Sindicato dos Delegados, a PEC 37 j\u00e1 teve sua admissibilidade reconhecida pela CCJC da C\u00e2mara dos Deputados e agora est\u00e1 sendo apreciada pela Comiss\u00e3o Especial, composta por 28 Membros.<\/span><\/p>\n","protected":false},"excerpt":{"rendered":"<p> [&hellip;]<\/p>\n","protected":false},"author":4,"featured_media":13043,"comment_status":"open","ping_status":"open","sticky":false,"template":"","format":"standard","meta":{"om_disable_all_campaigns":false,"_monsterinsights_skip_tracking":false,"_monsterinsights_sitenote_active":false,"_monsterinsights_sitenote_note":"","_monsterinsights_sitenote_category":0,"_uf_show_specific_survey":0,"_uf_disable_surveys":false,"footnotes":""},"categories":[2],"tags":[],"class_list":["post-13042","post","type-post","status-publish","format-standard","has-post-thumbnail","hentry","category-not_mpal"],"aioseo_notices":[],"_links":{"self":[{"href":"https:\/\/www.mpal.mp.br\/index.php?rest_route=\/wp\/v2\/posts\/13042","targetHints":{"allow":["GET"]}}],"collection":[{"href":"https:\/\/www.mpal.mp.br\/index.php?rest_route=\/wp\/v2\/posts"}],"about":[{"href":"https:\/\/www.mpal.mp.br\/index.php?rest_route=\/wp\/v2\/types\/post"}],"author":[{"embeddable":true,"href":"https:\/\/www.mpal.mp.br\/index.php?rest_route=\/wp\/v2\/users\/4"}],"replies":[{"embeddable":true,"href":"https:\/\/www.mpal.mp.br\/index.php?rest_route=%2Fwp%2Fv2%2Fcomments&post=13042"}],"version-history":[{"count":1,"href":"https:\/\/www.mpal.mp.br\/index.php?rest_route=\/wp\/v2\/posts\/13042\/revisions"}],"predecessor-version":[{"id":13044,"href":"https:\/\/www.mpal.mp.br\/index.php?rest_route=\/wp\/v2\/posts\/13042\/revisions\/13044"}],"wp:featuredmedia":[{"embeddable":true,"href":"https:\/\/www.mpal.mp.br\/index.php?rest_route=\/wp\/v2\/media\/13043"}],"wp:attachment":[{"href":"https:\/\/www.mpal.mp.br\/index.php?rest_route=%2Fwp%2Fv2%2Fmedia&parent=13042"}],"wp:term":[{"taxonomy":"category","embeddable":true,"href":"https:\/\/www.mpal.mp.br\/index.php?rest_route=%2Fwp%2Fv2%2Fcategories&post=13042"},{"taxonomy":"post_tag","embeddable":true,"href":"https:\/\/www.mpal.mp.br\/index.php?rest_route=%2Fwp%2Fv2%2Ftags&post=13042"}],"curies":[{"name":"wp","href":"https:\/\/api.w.org\/{rel}","templated":true}]}}