{"id":13032,"date":"2012-04-19T09:32:14","date_gmt":"2012-04-19T12:32:14","guid":{"rendered":"https:\/\/www.mpal.mp.br\/?p=13032"},"modified":"2022-07-20T09:35:48","modified_gmt":"2022-07-20T12:35:48","slug":"conamp-e-cnpg-se-reunem-com-ayres-britto","status":"publish","type":"post","link":"https:\/\/www.mpal.mp.br\/?p=13032","title":{"rendered":"CONAMP e CNPG se re\u00fanem com Ayres Britto"},"content":{"rendered":"<p style=\"text-align: justify;\"><span style=\"font-size: 14pt;\">O presidente eleito do Supremo Tribunal Federal (STF), Carlos Ayres Britto, se reuniu hoje (18) com os presidentes da Associa\u00e7\u00e3o Nacional dos Membros do Minist\u00e9rio P\u00fablico (CONAMP), C\u00e9sar Mattar Jr.; e do Conselho Nacional de Procuradores-Gerais (CNPG), Cl\u00e1udio Lopes, a 1\u00aa vice-presidente da CONAMP, Norma Ang\u00e9lica Cavalcanti, e PGJs de todo o pa\u00eds. O ministro ser\u00e1 empossado na presid\u00eancia do STF nesta quinta-feira (19). Vice-Presidente do CNPG, Eduardo Tavares, esteve presente na reuni\u00e3o.<\/span><\/p>\n<p style=\"text-align: justify;\"><span style=\"font-size: 14pt;\">O objetivo da reuni\u00e3o foi discutir assuntos de interesse do Minist\u00e9rio P\u00fablico e o trabalho conjunto do MP e Judici\u00e1rio para a melhoria do sistema judicial brasileiro. Ayres Britto adiantou que uma das prioridades de sua gest\u00e3o \u00e0 frente do STF ser\u00e1 o julgamento dos processos que t\u00eam como foco o combate \u00e0 corrup\u00e7\u00e3o. &#8220;Vou priorizar o combate \u00e0 corrup\u00e7\u00e3o em minha administra\u00e7\u00e3o. A gente pode fazer da nossa pauta um mecanismo de di\u00e1logo com a sociedade, que espera esse combate. E vamos tentar transferir essa seletividade \u00e0 Justi\u00e7a em todo o pa\u00eds&#8221;, explicou.<\/span><\/p>\n<p style=\"text-align: justify;\"><span style=\"font-size: 14pt;\">O ministro destacou ainda a import\u00e2ncia da parceria entre Judici\u00e1rio e Minist\u00e9rio P\u00fablico e garantiu que ir\u00e1 intensificar o trabalho conjunto entre as duas institui\u00e7\u00f5es. &#8220;Minha gest\u00e3o ser\u00e1 compartilhada. Quero abrir um canal de interlocu\u00e7\u00e3o com todos os representantes da Justi\u00e7a do pa\u00eds. O Minist\u00e9rio P\u00fablico \u00e9 um parceiro natural do Judici\u00e1rio. Estamos todos no mesmo barco&#8221;, ressaltou Ayres Britto.<\/span><\/p>\n<p style=\"text-align: justify;\"><span style=\"font-size: 14pt;\">O presidente da CONAMP aproveitou a reuni\u00e3o para convidar o ministro para a solenidade festiva de posse da nova diretoria da entidade. &#8220;Tenho um v\u00ednculo muito grande de proximidade coma CONAMP, que j\u00e1 vem de muitos anos&#8221;, respondeu Ayres Britto, ao ser convidado para o evento, marcado para 15 de maio, em Bras\u00edlia.<\/span><\/p>\n","protected":false},"excerpt":{"rendered":"<p> [&hellip;]<\/p>\n","protected":false},"author":4,"featured_media":13040,"comment_status":"open","ping_status":"open","sticky":false,"template":"","format":"standard","meta":{"om_disable_all_campaigns":false,"_monsterinsights_skip_tracking":false,"_monsterinsights_sitenote_active":false,"_monsterinsights_sitenote_note":"","_monsterinsights_sitenote_category":0,"_uf_show_specific_survey":0,"_uf_disable_surveys":false,"footnotes":""},"categories":[2],"tags":[],"class_list":["post-13032","post","type-post","status-publish","format-standard","has-post-thumbnail","hentry","category-not_mpal"],"aioseo_notices":[],"_links":{"self":[{"href":"https:\/\/www.mpal.mp.br\/index.php?rest_route=\/wp\/v2\/posts\/13032","targetHints":{"allow":["GET"]}}],"collection":[{"href":"https:\/\/www.mpal.mp.br\/index.php?rest_route=\/wp\/v2\/posts"}],"about":[{"href":"https:\/\/www.mpal.mp.br\/index.php?rest_route=\/wp\/v2\/types\/post"}],"author":[{"embeddable":true,"href":"https:\/\/www.mpal.mp.br\/index.php?rest_route=\/wp\/v2\/users\/4"}],"replies":[{"embeddable":true,"href":"https:\/\/www.mpal.mp.br\/index.php?rest_route=%2Fwp%2Fv2%2Fcomments&post=13032"}],"version-history":[{"count":1,"href":"https:\/\/www.mpal.mp.br\/index.php?rest_route=\/wp\/v2\/posts\/13032\/revisions"}],"predecessor-version":[{"id":13041,"href":"https:\/\/www.mpal.mp.br\/index.php?rest_route=\/wp\/v2\/posts\/13032\/revisions\/13041"}],"wp:featuredmedia":[{"embeddable":true,"href":"https:\/\/www.mpal.mp.br\/index.php?rest_route=\/wp\/v2\/media\/13040"}],"wp:attachment":[{"href":"https:\/\/www.mpal.mp.br\/index.php?rest_route=%2Fwp%2Fv2%2Fmedia&parent=13032"}],"wp:term":[{"taxonomy":"category","embeddable":true,"href":"https:\/\/www.mpal.mp.br\/index.php?rest_route=%2Fwp%2Fv2%2Fcategories&post=13032"},{"taxonomy":"post_tag","embeddable":true,"href":"https:\/\/www.mpal.mp.br\/index.php?rest_route=%2Fwp%2Fv2%2Ftags&post=13032"}],"curies":[{"name":"wp","href":"https:\/\/api.w.org\/{rel}","templated":true}]}}