{"id":13021,"date":"2012-04-24T09:29:07","date_gmt":"2012-04-24T12:29:07","guid":{"rendered":"https:\/\/www.mpal.mp.br\/?p=13021"},"modified":"2022-07-20T09:32:09","modified_gmt":"2022-07-20T12:32:09","slug":"colegio-de-procuradores-elogia-eduardo-tavares","status":"publish","type":"post","link":"https:\/\/www.mpal.mp.br\/?p=13021","title":{"rendered":"Col\u00e9gio de Procuradores elogia Eduardo Tavares"},"content":{"rendered":"<p style=\"text-align: justify;\"><span style=\"font-size: 14pt;\">O Col\u00e9gio de Procuradores de Justi\u00e7a do Minist\u00e9rio P\u00fablico Estadual aprovou por unanimidade um voto de felicita\u00e7\u00e3o ao Procurador-Geral de Justi\u00e7a, Eduardo Tavares, por ter recebido a comenda Colar de M\u00e9rito outorgada pelo Conselho Nacional de Procuradores Gerais. Ele recebeu a homenagem na reuni\u00e3o do CNPG que aconteceu nos dias 01 e 02 de mar\u00e7o de 2012, na Cidade de Macei\u00f3. A proposta do cumprimento foi feita pelo Procurador de Justi\u00e7a Afr\u00e2nio Roberto Pereira de Queiroz.<\/span><\/p>\n","protected":false},"excerpt":{"rendered":"<p> [&hellip;]<\/p>\n","protected":false},"author":4,"featured_media":13026,"comment_status":"open","ping_status":"open","sticky":false,"template":"","format":"standard","meta":{"om_disable_all_campaigns":false,"_monsterinsights_skip_tracking":false,"_monsterinsights_sitenote_active":false,"_monsterinsights_sitenote_note":"","_monsterinsights_sitenote_category":0,"_uf_show_specific_survey":0,"_uf_disable_surveys":false,"footnotes":""},"categories":[2],"tags":[],"class_list":["post-13021","post","type-post","status-publish","format-standard","has-post-thumbnail","hentry","category-not_mpal"],"aioseo_notices":[],"_links":{"self":[{"href":"https:\/\/www.mpal.mp.br\/index.php?rest_route=\/wp\/v2\/posts\/13021","targetHints":{"allow":["GET"]}}],"collection":[{"href":"https:\/\/www.mpal.mp.br\/index.php?rest_route=\/wp\/v2\/posts"}],"about":[{"href":"https:\/\/www.mpal.mp.br\/index.php?rest_route=\/wp\/v2\/types\/post"}],"author":[{"embeddable":true,"href":"https:\/\/www.mpal.mp.br\/index.php?rest_route=\/wp\/v2\/users\/4"}],"replies":[{"embeddable":true,"href":"https:\/\/www.mpal.mp.br\/index.php?rest_route=%2Fwp%2Fv2%2Fcomments&post=13021"}],"version-history":[{"count":1,"href":"https:\/\/www.mpal.mp.br\/index.php?rest_route=\/wp\/v2\/posts\/13021\/revisions"}],"predecessor-version":[{"id":13030,"href":"https:\/\/www.mpal.mp.br\/index.php?rest_route=\/wp\/v2\/posts\/13021\/revisions\/13030"}],"wp:featuredmedia":[{"embeddable":true,"href":"https:\/\/www.mpal.mp.br\/index.php?rest_route=\/wp\/v2\/media\/13026"}],"wp:attachment":[{"href":"https:\/\/www.mpal.mp.br\/index.php?rest_route=%2Fwp%2Fv2%2Fmedia&parent=13021"}],"wp:term":[{"taxonomy":"category","embeddable":true,"href":"https:\/\/www.mpal.mp.br\/index.php?rest_route=%2Fwp%2Fv2%2Fcategories&post=13021"},{"taxonomy":"post_tag","embeddable":true,"href":"https:\/\/www.mpal.mp.br\/index.php?rest_route=%2Fwp%2Fv2%2Ftags&post=13021"}],"curies":[{"name":"wp","href":"https:\/\/api.w.org\/{rel}","templated":true}]}}