{"id":13014,"date":"2012-12-12T09:25:51","date_gmt":"2012-12-12T11:25:51","guid":{"rendered":"https:\/\/www.mpal.mp.br\/?p=13014"},"modified":"2022-07-20T09:29:01","modified_gmt":"2022-07-20T12:29:01","slug":"marcos-mero-toma-posse-como-novo-procurador-de-justica","status":"publish","type":"post","link":"https:\/\/www.mpal.mp.br\/?p=13014","title":{"rendered":"Marcos M\u00e9ro toma posse como novo procurador de Justi\u00e7a"},"content":{"rendered":"<p class=\"western\" style=\"text-align: justify;\" align=\"JUSTIFY\"><span style=\"font-size: 14pt;\">Em solenidade realizada no pr\u00e9dio-sede da Procuradoria Geral de Justi\u00e7a nesta segunda-feira (17), o promotor de Justi\u00e7a Marcos Barros M\u00e9ro tomou posse do 9\u00ba cargo de Procurador de Justi\u00e7a C\u00edvel, de 2\u00aa inst\u00e2ncia, do Minist\u00e9rio P\u00fablico Estadual (MPE). M\u00e9ro ocupar\u00e1 a vaga deixada pelo procurador F\u00e1bio Rocha Cabral, que se aposentou em novembro.<\/span><\/p>\n<p class=\"western\" style=\"text-align: justify;\" align=\"JUSTIFY\"><span style=\"font-size: 14pt;\">Pelo crit\u00e9rio de merecimento, o novo procurador encabe\u00e7ou a lista tr\u00edplice definida pelo Conselho Superior do Minist\u00e9rio P\u00fablico, em que constavam ainda os nomes dos promotores Valter Jos\u00e9 Omena e Luiz Vasconcelos. Em sua \u00faltima fun\u00e7\u00e3o como promotor, M\u00e9ro respondeu pela coordena\u00e7\u00e3o da Promotoria de Justi\u00e7a Coletiva da Fazenda Municipal.<\/span><\/p>\n<p class=\"western\" style=\"text-align: justify;\" align=\"JUSTIFY\"><span style=\"font-size: 14pt;\">Confira abaixo o discurso do novo procurador na \u00edntegra:<\/span><\/p>\n<p class=\"western\" style=\"text-align: justify;\" align=\"JUSTIFY\"><span style=\"font-size: 14pt;\">\u201c<em>Eminente Senhor Procurador-Geral de Justi\u00e7a,<\/em><\/span><\/p>\n<p class=\"western\" style=\"text-align: justify;\" align=\"JUSTIFY\"><span style=\"font-size: 14pt;\"><em>Car\u00edssimos Procuradores de Justi\u00e7a e demais membros do Minist\u00e9rio P\u00fablico local,<\/em><\/span><\/p>\n<p class=\"western\" style=\"text-align: justify;\" align=\"JUSTIFY\"><span style=\"font-size: 14pt;\"><em>Excelent\u00edssimos Senhores Advogados, nobres integrantes do Minist\u00e9rio P\u00fablico de Contas e preclaros Magistrados,<\/em><\/span><\/p>\n<p class=\"western\" style=\"text-align: justify;\" align=\"JUSTIFY\"><span style=\"font-size: 14pt;\"><em>Demais autoridades aqui presentes,<\/em><\/span><\/p>\n<p class=\"western\" style=\"text-align: justify;\" align=\"JUSTIFY\"><span style=\"font-size: 14pt;\"><em>Operosos servidores desta valorosa Institui\u00e7\u00e3o,<\/em><\/span><\/p>\n<p class=\"western\" style=\"text-align: justify;\" align=\"JUSTIFY\"><span style=\"font-size: 14pt;\"><em>Meus queridos familiares, os quais sa\u00fado atrav\u00e9s de Consinha, minha dileta esposa, ponto central da minha vida e com quem tenho a imensa alegria de comemorar, coincidentemente hoje, 35 anos de vida matrimonial,<\/em><\/span><\/p>\n<p class=\"western\" style=\"text-align: justify;\" align=\"JUSTIFY\"><span style=\"font-size: 14pt;\"><em>Minhas senhoras e meus senhores,<\/em><\/span><\/p>\n<p class=\"western\" style=\"text-align: justify;\" align=\"JUSTIFY\"><span style=\"font-size: 14pt;\"><em>A inspirada poeta Cora Coralina, reescrevendo o que j\u00e1 ensina a milenar sabedoria chinesa, adverte que: O que vale na vida n\u00e3o \u00e9 o ponto de partida e sim a caminhada.<\/em><\/span><\/p>\n<p class=\"western\" style=\"text-align: justify;\" align=\"JUSTIFY\"><span style=\"font-size: 14pt;\"><em>Mas jamais poderemos negar que n\u00e3o h\u00e1 caminho que n\u00e3o tenha come\u00e7os com um primeiro passo, ali\u00e1s o mais importante, no pensar de Vin\u00edcius de Moraes.<\/em><\/span><\/p>\n<p class=\"western\" style=\"text-align: justify;\" align=\"JUSTIFY\"><span style=\"font-size: 14pt;\"><em>E \u00e9 por isso mesmo que, ap\u00f3s longa viv\u00eancia no Minist\u00e9rio P\u00fablico, sempre volto os olhos para o nosso primeiro encontro, isso nos hoje distantes idos de 1974, quando se inaugurou o meu exerc\u00edcio como Adjunto de Promotor na Comarca de Igreja Nova.<\/em><\/span><\/p>\n<p class=\"western\" style=\"text-align: justify;\" align=\"JUSTIFY\"><span style=\"font-size: 14pt;\"><em>Sim, pois que oportunidade em tudo e por tudo para mim verdadeiramente construtiva. De um lado, na medida em que se fez estimuladora dos meus estudos no campo do Direito. De outro, quando me propiciou singular e valiosa experi\u00eancia de vida, m\u00e1xime quando era ainda t\u00e3o jovem. Finalmente, porque a plantar em mim a firme disposi\u00e7\u00e3o de definitivamente integrar-me nesta combativa Institui\u00e7\u00e3o.<\/em><\/span><\/p>\n<p class=\"western\" style=\"text-align: justify;\" align=\"JUSTIFY\"><span style=\"font-size: 14pt;\"><em>Com efeito, logo mais graduado e desde ent\u00e3o a autonomamente operar o direito, vinculei os meus esfor\u00e7os profissionais, inicialmente, \u00e0 representa\u00e7\u00e3o e \u00e0 defesa de interesses privados.<\/em><\/span><\/p>\n<p class=\"western\" style=\"text-align: justify;\" align=\"JUSTIFY\"><span style=\"font-size: 14pt;\"><em>Mas n\u00e3o titubeei quando, em ciente da convoca\u00e7\u00e3o de concurso p\u00fablico para ingresso no Minist\u00e9rio P\u00fablico, neste me inscrevi, nele concorri, fui aprovado e finalmente nomeado para o cargo de Promotor de Justi\u00e7a substituto.<\/em><\/span><\/p>\n<p class=\"western\" style=\"text-align: justify;\" align=\"JUSTIFY\"><span style=\"font-size: 14pt;\"><em>A partir de ent\u00e3o o longo, nem sempre f\u00e1cil e por vezes espinhoso percurso pelas Comarcas de Olho d\u2019\u00c1gua da Flores, Delmiro Gouveia, onde me titularizei, Pia\u00e7abu\u00e7\u00fa, Palmeira dos \u00cdndios, Vi\u00e7osa, Atalaia, Arapiraca e finalmente Macei\u00f3, sendo de anotar que, quando na primeira, a responder pelos feitos vinculados \u00e0 Comarca de S\u00e3o Jos\u00e9 da Tapera, \u00e0 \u00e9poca ainda em processo de implanta\u00e7\u00e3o.<\/em><\/span><\/p>\n<p class=\"western\" style=\"text-align: justify;\" align=\"JUSTIFY\"><span style=\"font-size: 14pt;\"><em>E como entreatos \u00a0no cen\u00e1rio do meu desempenho como membro do Minist\u00e9rio P\u00fablico, minhas presen\u00e7as, nesta Procuradoria-Geral de Justi\u00e7a, a exercer, sucessivamente, os cargos de Assessor de Gabinete do Procurador-Geral de Justi\u00e7a, Chefe de Gabinete do Procurador-Geral de Justi\u00e7a, Secret\u00e1rio-Geral desta Procuradoria, Secret\u00e1rio, por mais de uma vez, do Col\u00e9gio de Procuradores de Justi\u00e7a, Membro integrante da Assessoria T\u00e9cnica \u00a0do Procurador-Geral de Justi\u00e7a, Secret\u00e1rio, tamb\u00e9m por mais de uma vez, do Conselho Superior do Minist\u00e9rio P\u00fablico, Secret\u00e1rio da Corregedoria-Geral do Minist\u00e9rio P\u00fablico, Diretor de Reda\u00e7\u00e3o do Jornal do Minist\u00e9rio P\u00fablico, Supervisor do Site do Minist\u00e9rio P\u00fablico, Coordenador do Programa Televisivo do Minist\u00e9rio P\u00fablico intitulado \u201cCidadania \u00e9 Direito\u201d, Membro Titular representante do Minist\u00e9rio P\u00fablico no Conselho de Administra\u00e7\u00e3o da Superintend\u00eancia de Previd\u00eancia para a execu\u00e7\u00e3o das A\u00e7\u00f5es Previdenci\u00e1rias inerentes ao AL Previd\u00eancia e ao Fundo de Previd\u00eancia de Alagoas, Presidente do Conselho Editorial do Jornal do \u00a0Minist\u00e9rio P\u00fablico e Agente do processo de estrutura\u00e7\u00e3o f\u00edsica, Organizador do acervo e Coordenador da Biblioteca Ernani M\u00e9ro, do Minist\u00e9rio P\u00fablico Estadual.<\/em><\/span><\/p>\n<p class=\"western\" style=\"text-align: justify;\" align=\"JUSTIFY\"><span style=\"font-size: 14pt;\"><em>De mais a mais, nunca me furtei a cumprir, individualmente, relevantes miss\u00f5es que me foram cometidas, tantas vezes a responder pela concep\u00e7\u00e3o e pela reda\u00e7\u00e3o de instrumentos normativos que, \u00a0mais tarde formalizados, ainda hoje regem esta Casa.<\/em><\/span><\/p>\n<p class=\"western\" style=\"text-align: justify;\" align=\"JUSTIFY\"><span style=\"font-size: 14pt;\"><em>Inclusive, seja permitido ressaltar, aquele que resultou na gera\u00e7\u00e3o da bandeira e do bras\u00e3o do Minist\u00e9rio P\u00fablico nas Alagoas.<\/em><\/span><\/p>\n<p class=\"western\" style=\"text-align: justify;\" align=\"JUSTIFY\"><span style=\"font-size: 14pt;\"><em>Chego, portanto, \u00e0 c\u00fapula do Minist\u00e9rio P\u00fablico, com a minha fronte erguida, eis que c\u00f4nscio do dever cumprido e ap\u00f3s vasta estrada profissional percorrida, hist\u00f3ria, garanto, escrita com dedica\u00e7\u00e3o, com probidade, com prud\u00eancia, com independ\u00eancia e com inarred\u00e1vel apre\u00e7o ao ideal de Justi\u00e7a.<\/em><\/span><\/p>\n<p class=\"western\" style=\"text-align: justify;\" align=\"JUSTIFY\"><span style=\"font-size: 14pt;\"><em>Mas chego com a consci\u00eancia daquele lend\u00e1rio pastor, talvez persa, que tendo sido erguido \u00e0 al\u00e7ada fun\u00e7\u00e3o de Ministro do Reino, mantinha escondida, em um canto qualquer, a gasta e pobre t\u00fanica que no passado envergara, de modo a que, a ela sempre revendo, n\u00e3o viesse, iludido pela nobreza do seu novo estado, a se esquecer das suas humildes origens.<\/em><\/span><\/p>\n<p class=\"western\" style=\"text-align: justify;\" align=\"JUSTIFY\"><span style=\"font-size: 14pt;\"><em>\u00c9 certo que dificuldades e incompreens\u00f5es tiveram de ser suportadas, mas confesso que n\u00e3o guardo ressentimentos, mesmo porque guardo comigo a li\u00e7\u00e3o, trazida pelo magist\u00e9rio de Ernani M\u00e9ro, meu pai, de que n\u00e3o h\u00e1 de ser grande quem se deixa \u00a0inflamar pela pequenez alheia.<\/em><\/span><\/p>\n<p class=\"western\" style=\"text-align: justify;\" align=\"JUSTIFY\"><span style=\"font-size: 14pt;\"><em>Afinal de contas, fiquemos com a sabedoria de Wlliam Shakespeare: Sendo o fim doce, que importa que o come\u00e7o amargo fosse? Bem est\u00e1 o que bem acaba?<\/em><\/span><\/p>\n<p class=\"western\" style=\"text-align: justify;\" align=\"JUSTIFY\"><span style=\"font-size: 14pt;\"><em>Portanto, meu eterno reconhecimento a todos e a cada um dos que tomaram parte, num esfor\u00e7o comum, por esse meu sucesso e gra\u00e7as e louvores a Deus Pai Todo-Poderoso que a tudo presidiu e consentiu.<\/em><\/span><\/p>\n<p class=\"western\" style=\"text-align: justify;\" align=\"JUSTIFY\"><span style=\"font-size: 14pt;\"><em>Muito obrigado\u201d.<\/em><\/span><\/p>\n<p class=\"western\" style=\"text-align: justify;\" align=\"JUSTIFY\"><span style=\"font-size: 14pt;\">(Marcos Barros M\u00e9ro)<\/span><\/p>\n","protected":false},"excerpt":{"rendered":"<p> [&hellip;]<\/p>\n","protected":false},"author":4,"featured_media":13019,"comment_status":"open","ping_status":"open","sticky":false,"template":"","format":"standard","meta":{"om_disable_all_campaigns":false,"_monsterinsights_skip_tracking":false,"_monsterinsights_sitenote_active":false,"_monsterinsights_sitenote_note":"","_monsterinsights_sitenote_category":0,"_uf_show_specific_survey":0,"_uf_disable_surveys":false,"footnotes":""},"categories":[2],"tags":[],"class_list":["post-13014","post","type-post","status-publish","format-standard","has-post-thumbnail","hentry","category-not_mpal"],"aioseo_notices":[],"_links":{"self":[{"href":"https:\/\/www.mpal.mp.br\/index.php?rest_route=\/wp\/v2\/posts\/13014","targetHints":{"allow":["GET"]}}],"collection":[{"href":"https:\/\/www.mpal.mp.br\/index.php?rest_route=\/wp\/v2\/posts"}],"about":[{"href":"https:\/\/www.mpal.mp.br\/index.php?rest_route=\/wp\/v2\/types\/post"}],"author":[{"embeddable":true,"href":"https:\/\/www.mpal.mp.br\/index.php?rest_route=\/wp\/v2\/users\/4"}],"replies":[{"embeddable":true,"href":"https:\/\/www.mpal.mp.br\/index.php?rest_route=%2Fwp%2Fv2%2Fcomments&post=13014"}],"version-history":[{"count":1,"href":"https:\/\/www.mpal.mp.br\/index.php?rest_route=\/wp\/v2\/posts\/13014\/revisions"}],"predecessor-version":[{"id":13020,"href":"https:\/\/www.mpal.mp.br\/index.php?rest_route=\/wp\/v2\/posts\/13014\/revisions\/13020"}],"wp:featuredmedia":[{"embeddable":true,"href":"https:\/\/www.mpal.mp.br\/index.php?rest_route=\/wp\/v2\/media\/13019"}],"wp:attachment":[{"href":"https:\/\/www.mpal.mp.br\/index.php?rest_route=%2Fwp%2Fv2%2Fmedia&parent=13014"}],"wp:term":[{"taxonomy":"category","embeddable":true,"href":"https:\/\/www.mpal.mp.br\/index.php?rest_route=%2Fwp%2Fv2%2Fcategories&post=13014"},{"taxonomy":"post_tag","embeddable":true,"href":"https:\/\/www.mpal.mp.br\/index.php?rest_route=%2Fwp%2Fv2%2Ftags&post=13014"}],"curies":[{"name":"wp","href":"https:\/\/api.w.org\/{rel}","templated":true}]}}