{"id":12996,"date":"2013-07-03T09:18:13","date_gmt":"2013-07-03T12:18:13","guid":{"rendered":"https:\/\/www.mpal.mp.br\/?p=12996"},"modified":"2022-07-20T09:21:02","modified_gmt":"2022-07-20T12:21:02","slug":"luciano-chagas-se-despede-do-mp-al-durante-reuniao-do-colegio-de-procuradores","status":"publish","type":"post","link":"https:\/\/www.mpal.mp.br\/?p=12996","title":{"rendered":"Luciano Chagas se despede do MP\/AL durante reuni\u00e3o do Col\u00e9gio de Procuradores"},"content":{"rendered":"<p style=\"text-align: justify;\"><span style=\"font-size: 14pt;\">Foi durante uma sess\u00e3o extraordin\u00e1ria do Col\u00e9gio de Procuradores de Justi\u00e7a, ocorrida na tarde desta ter\u00e7a-feira (02), que Luciano Chagas, que ocupava o cargo de procurador h\u00e1 13 anos e ingressou nos quadros do Minist\u00e9rio P\u00fablico Estadual de Alagoas em 12 de janeiro de 1977, despediu-se da fun\u00e7\u00e3o para gozar do beneficio da aposentadoria. Numa reuni\u00e3o que contou com as presen\u00e7as de quase todo o Colegiado e se familiares do homenageado, os membros do MP\/AL destacaram o trabalho desenvolvido por Chagas durante seus 36 anos de institui\u00e7\u00e3o.<\/span><\/p>\n<p style=\"text-align: justify;\"><span style=\"font-size: 14pt;\">O procurador de Justi\u00e7a Ant\u00f4nio Arecippo de Barros Teixeira Neto reconheceu a presta\u00e7\u00e3o de servi\u00e7os feita pelo colega Luciano Chagas. \u201cSeu trabalho foi respeitado atrav\u00e9s de todos os cargos pelos quais passou, a exemplo de promotor, procurador e secret\u00e1rio deste Col\u00e9gio. Sua dedica\u00e7\u00e3o, amizade, o v\u00ednculo que manteve com os membros do Minist\u00e9rio P\u00fablico, a qualidade acolhedora e as palavras de orienta\u00e7\u00e3o ser\u00e3o sempre lembrados por n\u00f3s. Vai nos deixar saudosos\u201d, disse ele.<\/span><\/p>\n<p style=\"text-align: justify;\"><span style=\"font-size: 14pt;\">\u201cTemos que reverenciar sua passagem pelo MP de Alagoas e ressaltar que vossa excel\u00eancia foi o \u00fanico representante da nossa institui\u00e7\u00e3o a participar da composi\u00e7\u00e3o do Conselho Nacional do Minist\u00e9rio P\u00fablico (CNMP). Tenho certeza que cumpriu com tudo aquilo que lhe foi atribu\u00eddo como miss\u00e3o e que conseguiu desempenhou seu papel com sucesso\u201d, afirmou o procurador Afr\u00e2nio Roberto Pereira de Queiroz.<\/span><\/p>\n<p style=\"text-align: justify;\"><span style=\"font-size: 14pt;\">As homenagens a Luciano Chagas continuaram durante toda a sess\u00e3o. \u201cRecordo-me de sua atua\u00e7\u00e3o desde quando o Minist\u00e9rio P\u00fablico se limitava a um anexo do Tribunal de Justi\u00e7a de Alagoas, nos idos de 1977. Como membros deste \u00f3rg\u00e3o, passamos por muitas alegrias e sufocos e nunca o vi desanimar diante dos desafios. Luciano tem revelantes servi\u00e7os prestados \u00e0 sociedade e, exatamente porque \u00e9 um homem bom, Deus estar\u00e1 sempre presente, construindo os la\u00e7os do bem\u201d, destacou o procurador Geraldo Magela Barbosa Pirau\u00e1.<\/span><\/p>\n<p style=\"text-align: justify;\"><span style=\"font-size: 14pt;\">Dilmar Lopes Camerino contou que foi o colega Luciano Chagas quem o transmitiu v\u00e1rios ensinamentos a respeito do Minist\u00e9rio P\u00fablico. \u201cCom seu temperamento am\u00e1vel e o car\u00e1ter de homem bom, foi ele quem me fez aprender bastante sobre o MP. Prova disso \u00e9 que o convidei para ser meu chefe de gabinete quando ocupei o cargo de procurador-geral de Justi\u00e7a. Luciano muito me orientou, relatou.<\/span><\/p>\n<p style=\"text-align: justify;\"><span style=\"font-size: 14pt;\">\u201cQuero agradecer o acolhimento que sempre recebi do procurador Luciano Chagas e, inclusive, sua colabora\u00e7\u00e3o para me conduzir ao cargo de procurador de Justi\u00e7a, que \u00e9 o topo da nossa carreira. Tamb\u00e9m preciso enfatizar seus coleguismos no dia a dia de trabalho. Meu desejo \u00e9 para que ele continue ativo e possa ter melhor qualidade de vida a partir de agora, com sa\u00fades mental e f\u00edsica perfeitas para poder aproveitar a vida ao lado dos seus familiares\u201d, declarou o procurador de Justi\u00e7a Marcos Barros M\u00e9ro.<\/span><\/p>\n<p style=\"text-align: justify;\"><span style=\"font-size: 14pt;\"><strong>Outros reconhecimentos<\/strong><\/span><\/p>\n<p style=\"text-align: justify;\"><span style=\"font-size: 14pt;\">\u201cQuero externar meu carinho especial ao colega Luciano e lembrar do seu comportamento carinhoso com aqueles que lhe cercam. Ele nunca fechou as portas de seu gabinete para quem quer que seja e sempre foi um ser humano exemplar, um homem que sabe compreender, perdoar e fazer amizades\u201d, relatou o procurador Artran de Pereira Monte.<\/span><\/p>\n<p style=\"text-align: justify;\"><span style=\"font-size: 14pt;\">O procurador Lean Ant\u00f4nio Ferreira de Ara\u00fajo emendou os elogios. \u201cTenho grande apre\u00e7o por vossa excel\u00eancia. Sabemos que a vida \u00e9 um processo cont\u00ednuo de experi\u00eancias e transforma\u00e7\u00f5es e tenho certeza que o colega tem a exata consci\u00eancia do papel cumprido em nome do Minist\u00e9rio P\u00fablico\u201d, disse.<\/span><\/p>\n<p style=\"text-align: justify;\"><span style=\"font-size: 14pt;\">\u201cSou testemunha da sua trajet\u00f3ria de vida, desde a \u00e9poca de sindicalista, passando pelo exerc\u00edcio da profiss\u00e3o de jornalista, at\u00e9 o posterior ingresso na carreira do MP. Sua conduta sempre foi \u00edmpar e o Luciano sai do Minist\u00e9rio P\u00fablico imaculado. Isso \u00e9 motivo de orgulho para n\u00f3s\u201d, elogiou o procurador de Justi\u00e7a Luiz Barbosa Carna\u00faba.<\/span><\/p>\n<p style=\"text-align: justify;\"><span style=\"font-size: 14pt;\">\u201cO amigo Luciano Chagas sai para o merecido descanso, entretanto, sua presen\u00e7a espiritual continuar\u00e1 entre n\u00f3s. Seu nome permanecer\u00e1 nessa institui\u00e7\u00e3o, sendo lembrado sempre pelo trabalho que fez pelo Minist\u00e9rio P\u00fablico. \u00c9 importante destacar que ele comp\u00f4s o primeiro Colegiado do CNMP, o que dignificou o MP de Alagoas. Hoje ele \u00e9 um homem de respeito porque se fez respeitar\u201d, disse o corregedor-geral, M\u00e1rcio Roberto Ten\u00f3rio de Albuquerque.<\/span><\/p>\n<p style=\"text-align: justify;\"><span style=\"font-size: 14pt;\">O procurador Vicente F\u00e9lix Correia agradeceu a parceria do colega Luciano Chagas e tamb\u00e9m enalteceu as qualidades dele. \u201cSei que fui promovido porque contei com o seu apoio, amizade e fidelidade. Luciano \u00e9 uma pessoa incapaz de dizer n\u00e3o, \u00e9 bom companheiro e, lamentavelmente, deixa-nos em pleno vigor intelectual\u201d, frisou ele.<\/span><\/p>\n<p style=\"text-align: justify;\"><span style=\"font-size: 14pt;\">\u201cLuciano continuar\u00e1 sua jornada fora do Minist\u00e9rio P\u00fablico fazendo amigos, n\u00e3o tenho d\u00favidas disso, afinal, sua maior caracter\u00edstica \u00e9 saber ser amigo do outro. Todos os gabinetes continuar\u00e3o a ser receptivos com ele\u201d, assegurou o procurador Jos\u00e9 Artur Melo.<\/span><\/p>\n<p style=\"text-align: justify;\"><span style=\"font-size: 14pt;\">\u201cDesejo que o amigo siga em frente, ao lado de sua bela fam\u00edlia e que continue sendo essa pessoa leal e amiga que todos n\u00f3s conhecemos. Parab\u00e9ns pela intelig\u00eancia que tens. O colega sempre ser\u00e1 considerado o advogado das causas imposs\u00edveis\u201d, destacou subprocurador-geral judicial, Anti\u00f3genes Marques de Lira.<\/span><\/p>\n<p style=\"text-align: justify;\"><span style=\"font-size: 14pt;\"><strong>Presid\u00eancia do TJ e chefia do MP\/AL destacam trabalho de Chagas<\/strong><\/span><\/p>\n<p style=\"text-align: justify;\"><span style=\"font-size: 14pt;\">O presidente do Tribunal de Justi\u00e7a de Alagoas, desembargador Jos\u00e9 Carlos Malta Marques, tamb\u00e9m compareceu \u00e0 sess\u00e3o extraordin\u00e1ria para homenagear Luciano Chagas. \u201cUma cabe\u00e7a pensante est\u00e1 sendo alijada do Minist\u00e9rio P\u00fablico porque \u00e9 obrigado, por lei, a se aposentar por conta da idade. Certamente o MP perder\u00e1 com a sa\u00edda do colega Luciano. O Brasil ainda \u00e9 pobre demais para querer abrir m\u00e3o de profissionais que ainda podem prestar servi\u00e7os importantes \u00e0 sua institui\u00e7\u00e3o de origem. Quero dizer que, foi dele, a primeira m\u00e3o que me acolheu quando ingressei na carreira de promotor de Justi\u00e7a e jamais vou me esquecer disso. Foi ele quem mostrou como e por onde andar dentro do MP e cada ensinamento foi muito importante para mim\u201d, recordou.<\/span><\/p>\n<p style=\"text-align: justify;\"><span style=\"font-size: 14pt;\">O procurador-geral de Justi\u00e7a de Alagoas, S\u00e9rgio Juc\u00e1, encerrou os pronunciamentos. \u201cLuciano \u00e9 um companheiro sol\u00edcito, acolhedor e sempre deu provas inequ\u00edvocas de que \u00e9 um amigo de valor. Atuou como uma b\u00fassola para indicar o norte a ser seguido por muitos membros do MP. Durante minha carreira, eu, com minha vontade de distribuir justi\u00e7a, muitas vezes fui orientado a agir com um pouco mais de sensatez e prud\u00eancia. Com vossa excel\u00eancia aprendi grandes li\u00e7\u00f5es e posso assegur\u00e1-lo que \u00e9s sin\u00f4nimo de Minist\u00e9rio P\u00fablico\u201d, declarou Juc\u00e1.<\/span><\/p>\n<p style=\"text-align: justify;\"><span style=\"font-size: 14pt;\"><strong>Agradecimentos<\/strong><\/span><\/p>\n<p style=\"text-align: justify;\"><span style=\"font-size: 14pt;\">Luciano Chagas agradeceu, nominalmente, a cada um dos colegas procuradores de Justi\u00e7a, relembrou sua carreira dentro do MP de Alagoas e afirmou que deixa a fun\u00e7\u00e3o com a consci\u00eancia do dever executado. \u201cAgrade\u00e7o as manifesta\u00e7\u00f5es de todos, estou muito feliz com o que ouvi\u201d, disse ele.<\/span><\/p>\n<p style=\"text-align: justify;\"><span style=\"font-size: 14pt;\">\u201cDentro do Minist\u00e9rio P\u00fablico, sempre procurei fazer o bem e tratar a todos com justi\u00e7a. Estamos aqui de passagem e somos lembrados quando n\u00e3o temos a pr\u00e1tica de produzir o mal. \u00c9 claro que diverg\u00eancias ocorreram durante a minha estada como membro, mas, nunca constru\u00ed inimizades\u201d, afirmou ele.<\/span><\/p>\n<p style=\"text-align: justify;\"><span style=\"font-size: 14pt;\">Luciano Chagas ingressou no Minist\u00e9rio P\u00fablico de Alagoas em 12 de janeiro de 1977. Como promotor de Justi\u00e7a, trabalhou nas comarcas de Piranhas, Murici, Porto de Pedras, Coruripe e Palmeira dos \u00cdndios. Em 1985 ele foi promovido para a capital Macei\u00f3 e, em 95, tornou-se procurador de Justi\u00e7a. Entre os anos de 2005 e 2007 comp\u00f4s o Conselho Nacional do Minist\u00e9rio P\u00fablico, tendo participado da primeira forma\u00e7\u00e3o daquele Colegiado, ap\u00f3s ter concorrido com 25 representantes de MPs de outros estados brasileiros. Dentre as tr\u00eas vagas abertas, Luciano Chagas foi na 2\u00aa coloca\u00e7\u00e3o.<\/span><\/p>\n<p style=\"text-align: justify;\"><span style=\"font-size: 14pt;\"><strong>Fam\u00edlia<\/strong><\/span><\/p>\n<p style=\"text-align: justify;\"><span style=\"font-size: 14pt;\">E a sess\u00e3o extraordin\u00e1ria desta ter\u00e7a-feira foi acompanhada tamb\u00e9m por familiares do procurador. A esposa dele, Maria de Lourdes Ten\u00f3rio da Silva, ao mesmo tempo em que reconheceu a dedica\u00e7\u00e3o do marido \u00e0 institui\u00e7\u00e3o Minist\u00e9rio P\u00fablico, comemorou a aposentadoria do companheiro de 48 anos. \u201cAgora terei ele s\u00f3 para mim. Enfim, s\u00f3s\u201d, brincou ela.<\/span><\/p>\n","protected":false},"excerpt":{"rendered":"<p> [&hellip;]<\/p>\n","protected":false},"author":4,"featured_media":12997,"comment_status":"open","ping_status":"open","sticky":false,"template":"","format":"standard","meta":{"om_disable_all_campaigns":false,"_monsterinsights_skip_tracking":false,"_monsterinsights_sitenote_active":false,"_monsterinsights_sitenote_note":"","_monsterinsights_sitenote_category":0,"_uf_show_specific_survey":0,"_uf_disable_surveys":false,"footnotes":""},"categories":[2],"tags":[],"class_list":["post-12996","post","type-post","status-publish","format-standard","has-post-thumbnail","hentry","category-not_mpal"],"aioseo_notices":[],"_links":{"self":[{"href":"https:\/\/www.mpal.mp.br\/index.php?rest_route=\/wp\/v2\/posts\/12996","targetHints":{"allow":["GET"]}}],"collection":[{"href":"https:\/\/www.mpal.mp.br\/index.php?rest_route=\/wp\/v2\/posts"}],"about":[{"href":"https:\/\/www.mpal.mp.br\/index.php?rest_route=\/wp\/v2\/types\/post"}],"author":[{"embeddable":true,"href":"https:\/\/www.mpal.mp.br\/index.php?rest_route=\/wp\/v2\/users\/4"}],"replies":[{"embeddable":true,"href":"https:\/\/www.mpal.mp.br\/index.php?rest_route=%2Fwp%2Fv2%2Fcomments&post=12996"}],"version-history":[{"count":1,"href":"https:\/\/www.mpal.mp.br\/index.php?rest_route=\/wp\/v2\/posts\/12996\/revisions"}],"predecessor-version":[{"id":12998,"href":"https:\/\/www.mpal.mp.br\/index.php?rest_route=\/wp\/v2\/posts\/12996\/revisions\/12998"}],"wp:featuredmedia":[{"embeddable":true,"href":"https:\/\/www.mpal.mp.br\/index.php?rest_route=\/wp\/v2\/media\/12997"}],"wp:attachment":[{"href":"https:\/\/www.mpal.mp.br\/index.php?rest_route=%2Fwp%2Fv2%2Fmedia&parent=12996"}],"wp:term":[{"taxonomy":"category","embeddable":true,"href":"https:\/\/www.mpal.mp.br\/index.php?rest_route=%2Fwp%2Fv2%2Fcategories&post=12996"},{"taxonomy":"post_tag","embeddable":true,"href":"https:\/\/www.mpal.mp.br\/index.php?rest_route=%2Fwp%2Fv2%2Ftags&post=12996"}],"curies":[{"name":"wp","href":"https:\/\/api.w.org\/{rel}","templated":true}]}}