{"id":12976,"date":"2013-08-16T09:09:51","date_gmt":"2013-08-16T12:09:51","guid":{"rendered":"https:\/\/www.mpal.mp.br\/?p=12976"},"modified":"2022-07-20T09:13:09","modified_gmt":"2022-07-20T12:13:09","slug":"paulo-dos-anjos-sera-o-novo-titular-da-10a-procuradoria-de-justica-civel","status":"publish","type":"post","link":"https:\/\/www.mpal.mp.br\/?p=12976","title":{"rendered":"Paulo dos Anjos ser\u00e1 o novo titular da 10\u00aa Procuradoria de Justi\u00e7a C\u00edvel"},"content":{"rendered":"<p style=\"text-align: justify;\" align=\"JUSTIFY\"><span style=\"font-size: 14pt;\">O promotor de Justi\u00e7a Paulo Roberto Marques dos Anjos ser\u00e1 o novo procurador de Justi\u00e7a do Minist\u00e9rio P\u00fablico do Estado de Alagoas (MP\/AL). Nesta quinta-feira (14), foi publicado no Di\u00e1rio Oficial do Estado a decis\u00e3o do Conselho Superior do Minist\u00e9rio P\u00fablico, que aprovou o pedido de promo\u00e7\u00e3o de Paulo dos Anjos pelo crit\u00e9rio de antiguidade. Com a promo\u00e7\u00e3o, o promotor integrar\u00e1 o Col\u00e9gio de Procuradores e ser\u00e1 respons\u00e1vel pela 10\u00aa Procuradoria de Justi\u00e7a C\u00edvel, de 2\u00aa inst\u00e2ncia, comandada at\u00e9 julho pelo ent\u00e3o procurador Luciano Chagas. Atualmente, Paulo dos Anjos atua como titular da 2\u00aa Promotoria de Justi\u00e7a da Comarca de Arapiraca, que tem compet\u00eancia privativa de Execu\u00e7\u00f5es Penais.<\/span><\/p>\n<p style=\"text-align: justify;\" align=\"JUSTIFY\"><span style=\"font-size: 14pt;\"><strong>Hist\u00f3rico<\/strong><\/span><\/p>\n<p style=\"text-align: justify;\" align=\"JUSTIFY\"><span style=\"font-size: 14pt;\">Natural de Olho d&#8217;\u00c1gua das Flores, Paulo Roberto dos Anjos iniciou sua rela\u00e7\u00e3o com o Minist\u00e9rio P\u00fablico do Estado de Alagoas em 1977, com o cargo de adjunto de promotor.\u00a0Extinto pela Lei Complementar n\u00ba 40\/82, o cargo era equivalente ao de promotor de Justi\u00e7a substituto e tinha como finalidade substituir o membro titular do Minist\u00e9rio P\u00fablico nas f\u00e9rias e em per\u00edodos de vac\u00e2ncia.<\/span><\/p>\n<p style=\"text-align: justify;\" align=\"JUSTIFY\"><span style=\"font-size: 14pt;\">Paulo dos Anjos se tornou promotor de Justi\u00e7a no dia 8 de julho de 1982, quando entrou em exerc\u00edcio no \u00f3rg\u00e3o ministerial ap\u00f3s ser nomeado pelo ent\u00e3o governador do Estado de Alagoas, Teobaldo Vasconcelos Barbosa. Nessa nova fase dentro do MP\/AL, o seu primeiro trabalho foi como promotor de Justi\u00e7a substituto, de 1\u00aa inst\u00e2ncia, na 2\u00aa Promotoria de Justi\u00e7a da Comarca de Santana do Ipanema. O promotor atuou ainda nos munic\u00edpios de P\u00e3o de A\u00e7\u00facar, \u00c1gua Branca, Major Izidoro, Mata Grande, Batalha, Cacimbinhas, Dois Riachos, Maravilha, Ouro Branca, Taquarana, Igaci, Porto Real do Col\u00e9gio, Feira Grande, Macei\u00f3 e Arapiraca.<\/span><\/p>\n<p style=\"text-align: justify;\" align=\"JUSTIFY\"><span style=\"font-size: 14pt;\">Em 1988, por meio de Ato Governamental, Paulo dos Anjos foi promovido a promotor de Justi\u00e7a de 2\u00aa entr\u00e2ncia do quadro do MP\/AL pelo crit\u00e9rio de antiguidade para atuar na 3\u00aa Promotoria de Justi\u00e7a de Santana de Ipanema. Quatro anos depois, o promotor voltou a ser promovido, dessa vez por Ato da Procuradoria Geral de Justi\u00e7a, para a 1\u00aa Promotoria de Justi\u00e7a de Arapiraca, de 3\u00aa entr\u00e2ncia, por merecimento. Na Comarca de Arapiraca, Paulo dos Anjos tamb\u00e9m assumiu a Promotoria de Inf\u00e2ncia e Juventude e atuou nas \u00e1reas c\u00edvel e criminal.<\/span><\/p>\n<p style=\"text-align: justify;\" align=\"JUSTIFY\"><span style=\"font-size: 14pt;\">Nesses 36 anos de servi\u00e7os prestados ao Minist\u00e9rio P\u00fablico Estadual e \u00e0 sociedade, o promotor ganhou maior destaque pelo combate \u00e0 temida Gangue da Carga Pesada, respons\u00e1vel por assaltos nas estradas, assassinatos de caminhoneiros e roubo de cargas em Alagoas nos anos 1990. O novo procurador de Justi\u00e7a assumiu o caso quando atuava junto \u00e0 4\u00aa Vara Criminal de Arapiraca.<\/span><\/p>\n","protected":false},"excerpt":{"rendered":"<p> [&hellip;]<\/p>\n","protected":false},"author":4,"featured_media":12980,"comment_status":"open","ping_status":"open","sticky":false,"template":"","format":"standard","meta":{"om_disable_all_campaigns":false,"_monsterinsights_skip_tracking":false,"_monsterinsights_sitenote_active":false,"_monsterinsights_sitenote_note":"","_monsterinsights_sitenote_category":0,"_uf_show_specific_survey":0,"_uf_disable_surveys":false,"footnotes":""},"categories":[2],"tags":[],"class_list":["post-12976","post","type-post","status-publish","format-standard","has-post-thumbnail","hentry","category-not_mpal"],"aioseo_notices":[],"_links":{"self":[{"href":"https:\/\/www.mpal.mp.br\/index.php?rest_route=\/wp\/v2\/posts\/12976","targetHints":{"allow":["GET"]}}],"collection":[{"href":"https:\/\/www.mpal.mp.br\/index.php?rest_route=\/wp\/v2\/posts"}],"about":[{"href":"https:\/\/www.mpal.mp.br\/index.php?rest_route=\/wp\/v2\/types\/post"}],"author":[{"embeddable":true,"href":"https:\/\/www.mpal.mp.br\/index.php?rest_route=\/wp\/v2\/users\/4"}],"replies":[{"embeddable":true,"href":"https:\/\/www.mpal.mp.br\/index.php?rest_route=%2Fwp%2Fv2%2Fcomments&post=12976"}],"version-history":[{"count":1,"href":"https:\/\/www.mpal.mp.br\/index.php?rest_route=\/wp\/v2\/posts\/12976\/revisions"}],"predecessor-version":[{"id":12983,"href":"https:\/\/www.mpal.mp.br\/index.php?rest_route=\/wp\/v2\/posts\/12976\/revisions\/12983"}],"wp:featuredmedia":[{"embeddable":true,"href":"https:\/\/www.mpal.mp.br\/index.php?rest_route=\/wp\/v2\/media\/12980"}],"wp:attachment":[{"href":"https:\/\/www.mpal.mp.br\/index.php?rest_route=%2Fwp%2Fv2%2Fmedia&parent=12976"}],"wp:term":[{"taxonomy":"category","embeddable":true,"href":"https:\/\/www.mpal.mp.br\/index.php?rest_route=%2Fwp%2Fv2%2Fcategories&post=12976"},{"taxonomy":"post_tag","embeddable":true,"href":"https:\/\/www.mpal.mp.br\/index.php?rest_route=%2Fwp%2Fv2%2Ftags&post=12976"}],"curies":[{"name":"wp","href":"https:\/\/api.w.org\/{rel}","templated":true}]}}