{"id":12962,"date":"2014-07-18T09:05:37","date_gmt":"2014-07-18T12:05:37","guid":{"rendered":"https:\/\/www.mpal.mp.br\/?p=12962"},"modified":"2022-07-20T09:07:54","modified_gmt":"2022-07-20T12:07:54","slug":"colegio-de-procuradores-de-justica-instala-promotorias-de-justica-em-quatro-comarcas","status":"publish","type":"post","link":"https:\/\/www.mpal.mp.br\/?p=12962","title":{"rendered":"Col\u00e9gio de Procuradores de Justi\u00e7a instala Promotorias de Justi\u00e7a em quatro comarcas"},"content":{"rendered":"<p style=\"text-align: justify;\" align=\"justify\"><span style=\"font-size: 14pt;\">O Minist\u00e9rio P\u00fablico do Estado de Alagoas (MPE\/AL) amanheceu maior nesta sexta-feira (19). Ap\u00f3s decis\u00e3o do Col\u00e9gio de Procuradores de Justi\u00e7a, as comarcas de Porto Calvo, Atalaia, Coruripe e Marechal Deodoro ganharam uma segunda Promotoria de Justi\u00e7a cada, o que comprova uma demanda crescente pelos servi\u00e7os da institui\u00e7\u00e3o defensora da ordem jur\u00eddica e fiscalizadora do cumprimento da lei no estado.<\/span><\/p>\n<p style=\"text-align: justify;\" align=\"justify\"><span style=\"font-size: 14pt;\">A 2\u00aa Promotoria de Justi\u00e7a de Porto Calvo atuar\u00e1 perante a 2\u00aa Vara da Comarca do munic\u00edpio nos procedimentos criminais de menor potencial ofensivo e ter\u00e1 atribui\u00e7\u00f5es extrajudiciais plenas, com exce\u00e7\u00e3o em mat\u00e9ria de defesa da inf\u00e2ncia e da juventude.<\/span><\/p>\n<p style=\"text-align: justify;\" align=\"justify\"><span style=\"font-size: 14pt;\">Nas outras tr\u00eas comarcas, as novas representa\u00e7\u00f5es do MPE\/AL ter\u00e3o as mesmas atribui\u00e7\u00f5es das Promotorias de Justi\u00e7a j\u00e1 em atividade.<\/span><\/p>\n<p style=\"text-align: justify;\" align=\"justify\"><span style=\"font-size: 14pt;\">Os membros do Minist\u00e9rio Publico atuar\u00e3o nos processos judiciais e nos procedimentos extrajudiciais, de modo que a Promotoria de Justi\u00e7a mais antiga fique com os feitos tombados com n\u00fameros terminados em algarismos \u00edmpares e a mais moderna com os terminados em algarismos pares.<\/span><\/p>\n<p style=\"text-align: justify;\" align=\"justify\"><span style=\"font-size: 14pt;\">O edital para provimento das quatro novas Promotorias ser\u00e1 publicado em 30 dias pelo Conselho Superior do Minist\u00e9rio P\u00fablico.<\/span><\/p>\n<p style=\"text-align: justify;\" align=\"justify\"><span style=\"font-size: 14pt;\">Participaram da reuni\u00e3o ordin\u00e1ria do \u00f3rg\u00e3o colegiado, nesta quarta-feira (16), o procurador-geral de Justi\u00e7a, S\u00e9rgio Rocha Cavalcanti Juc\u00e1 e os procuradores de Justi\u00e7a Ant\u00f4nio Arecippo de Barros Teixeira Neto, Luiz Barbosa Carna\u00faba, Geraldo Magela Barbosa Pirau\u00e1, Walber Jos\u00e9 Valente de Lima, Lean Ant\u00f4nio Ferreira de Ara\u00fajo, Anti\u00f3genes Marques de Lira, Dilmar Lopes Camerino, Dennis Lima Calheiros, Vicente Felix Correia, Jos\u00e9 Artur Melo, M\u00e1rcio Roberto Ten\u00f3rio de Albuquerque, Afr\u00e2nio Roberto Pereira de Queiroz, Marcos Barros M\u00e9ro, Paulo Roberto Marques do Anjos, Valter Jos\u00e9 de Omena Acioly.<\/span><\/p>\n","protected":false},"excerpt":{"rendered":"<p> [&hellip;]<\/p>\n","protected":false},"author":4,"featured_media":8732,"comment_status":"open","ping_status":"open","sticky":false,"template":"","format":"standard","meta":{"om_disable_all_campaigns":false,"_monsterinsights_skip_tracking":false,"_monsterinsights_sitenote_active":false,"_monsterinsights_sitenote_note":"","_monsterinsights_sitenote_category":0,"_uf_show_specific_survey":0,"_uf_disable_surveys":false,"footnotes":""},"categories":[2],"tags":[],"class_list":["post-12962","post","type-post","status-publish","format-standard","has-post-thumbnail","hentry","category-not_mpal"],"aioseo_notices":[],"_links":{"self":[{"href":"https:\/\/www.mpal.mp.br\/index.php?rest_route=\/wp\/v2\/posts\/12962","targetHints":{"allow":["GET"]}}],"collection":[{"href":"https:\/\/www.mpal.mp.br\/index.php?rest_route=\/wp\/v2\/posts"}],"about":[{"href":"https:\/\/www.mpal.mp.br\/index.php?rest_route=\/wp\/v2\/types\/post"}],"author":[{"embeddable":true,"href":"https:\/\/www.mpal.mp.br\/index.php?rest_route=\/wp\/v2\/users\/4"}],"replies":[{"embeddable":true,"href":"https:\/\/www.mpal.mp.br\/index.php?rest_route=%2Fwp%2Fv2%2Fcomments&post=12962"}],"version-history":[{"count":1,"href":"https:\/\/www.mpal.mp.br\/index.php?rest_route=\/wp\/v2\/posts\/12962\/revisions"}],"predecessor-version":[{"id":12965,"href":"https:\/\/www.mpal.mp.br\/index.php?rest_route=\/wp\/v2\/posts\/12962\/revisions\/12965"}],"wp:featuredmedia":[{"embeddable":true,"href":"https:\/\/www.mpal.mp.br\/index.php?rest_route=\/wp\/v2\/media\/8732"}],"wp:attachment":[{"href":"https:\/\/www.mpal.mp.br\/index.php?rest_route=%2Fwp%2Fv2%2Fmedia&parent=12962"}],"wp:term":[{"taxonomy":"category","embeddable":true,"href":"https:\/\/www.mpal.mp.br\/index.php?rest_route=%2Fwp%2Fv2%2Fcategories&post=12962"},{"taxonomy":"post_tag","embeddable":true,"href":"https:\/\/www.mpal.mp.br\/index.php?rest_route=%2Fwp%2Fv2%2Ftags&post=12962"}],"curies":[{"name":"wp","href":"https:\/\/api.w.org\/{rel}","templated":true}]}}