{"id":12944,"date":"2014-09-10T08:53:16","date_gmt":"2014-09-10T11:53:16","guid":{"rendered":"https:\/\/www.mpal.mp.br\/?p=12944"},"modified":"2022-07-20T08:56:55","modified_gmt":"2022-07-20T11:56:55","slug":"denise-guimaraes-toma-posse-como-procuradora-de-justica-ela-assume-a-10a-procuradoria-de-justica-civel-do-ministerio-publico-do-estado-de-alagoas","status":"publish","type":"post","link":"https:\/\/www.mpal.mp.br\/?p=12944","title":{"rendered":"Denise Guimar\u00e3es toma posse como procuradora de Justi\u00e7a; ela assume a 10\u00aa Procuradoria de Justi\u00e7a C\u00edvel do Minist\u00e9rio P\u00fablico do Estado de Alagoas"},"content":{"rendered":"<p style=\"text-align: justify;\"><span style=\"font-size: 14pt;\">Ap\u00f3s 10 anos sendo composto apenas por homens, o Col\u00e9gio de Procuradores de Justi\u00e7a ganhou, nesta quarta-feira (10), um assento feminino. Denise Guimar\u00e3es tomou posse oficialmente como a titular da 10\u00aa Procuradoria de Justi\u00e7a C\u00edvel do Minist\u00e9rio P\u00fablico do Estado de Alagoas. Ela assume a fun\u00e7\u00e3o deixada ap\u00f3s a aposentadoria do procurador Paulo dos Anjos. A solenidade festiva de ascens\u00e3o ao cargo est\u00e1 marcada para a noite do pr\u00f3ximo dia 26.<\/span><\/p>\n<p style=\"text-align: justify;\"><span style=\"font-size: 14pt;\">O ato de promo\u00e7\u00e3o n\u00ba 07\/2014 de Denise Guimar\u00e3es est\u00e1 publicado no Di\u00e1rio Oficial desta quarta-feira. A posse aconteceu na sala do procurador-geral de Justi\u00e7a, S\u00e9rgio Juc\u00e1, e foi prestigiada por promotores e procuradores de Justi\u00e7a.<\/span><\/p>\n<p style=\"text-align: justify;\"><span style=\"font-size: 14pt;\">\u201cDenise Guimar\u00e3es \u00e9 o retrato da promotora alagoana: inteligente, preparada e combativa. \u00c9 uma colega vocacionada que brilha no Minist\u00e9rio P\u00fablico desde que ingressou na carreira. A sua ascens\u00e3o para integrar o egr\u00e9gio Col\u00e9gio de Procuradores \u00e9 o coroamento de uma atividade institucional exemplar e dedicada inteiramente a fazer justi\u00e7a, &#8216;dando a cada um, o que \u00e9 seu&#8217;, na frase imorredora de Ulpianus (jurista romano)\u201d, declarou S\u00e9rgio Juc\u00e1.<\/span><\/p>\n<p style=\"text-align: justify;\"><span style=\"font-size: 14pt;\">\u201cTodos os membros e servidores do Minist\u00e9rio P\u00fablico est\u00e3o orgulhosos com a nova procuradora que, a partir de agora, exercer\u00e1 o seu of\u00edcio perante o nosso Tribunal\u201d, completou o procurador-geral de Justi\u00e7a.<\/span><\/p>\n<p style=\"text-align: justify;\"><span style=\"font-size: 14pt;\"><strong>Realiza\u00e7\u00e3o profissional<\/strong><\/span><\/p>\n<p style=\"text-align: justify;\"><span style=\"font-size: 14pt;\">Denise Guimar\u00e3es afirmou que a chegada ao Col\u00e9gio de Procuradores de Justi\u00e7a \u00e9 a realiza\u00e7\u00e3o de um sonho profissional. \u201cAssumo o cargo com muita expecativa e com vontade de somar e multiplicar, jamais diminuir ou dividir. Sabemos que a responsabilidade \u00e9 enorme, mas, ap\u00f3s 17 anos atuando como promotora de Justi\u00e7a, sinto-me preparada para esse novo desafio. Inclusive, exatamente por ter sido promotora por tantos anos, chego ao cargo com o desejo de ser um elo de liga\u00e7\u00e3o entre a 1\u00aa a 2\u00aa inst\u00e2ncia. Quero ser uma ponte de comunica\u00e7\u00e3o entre promotores e procuradores de Justi\u00e7a\u201d, disse ela.<\/span><\/p>\n<p style=\"text-align: justify;\"><span style=\"font-size: 14pt;\">A nova procuradora tamb\u00e9m lembrou que o Colegiado, ap\u00f3s uma d\u00e9cada, novamente ter\u00e1 uma mulher em sua composi\u00e7\u00e3o. \u201cForam 10 anos sem um assento feminino no Col\u00e9gio. Agora, teremos a voz de uma mulher para ajudar nas decis\u00f5es de 2\u00aa inst\u00e2ncia. A mulher costuma ser mais detalhista, mais sens\u00edvel aos problemas. \u00c9 com esse olhar que quero trabalhar a partir de hoje\u201d, afirmou Denise Guimar\u00e3es, que, durante quatro anos e meio, na gest\u00e3o do ex-procurador-geral Lean Ara\u00fajo, ocupava o cargo de secret\u00e1ria do Col\u00e9gio de Procuradores.<\/span><\/p>\n<p style=\"text-align: justify;\"><span style=\"font-size: 14pt;\"><strong>Reconhecimento<\/strong><\/span><\/p>\n<p style=\"text-align: justify;\"><span style=\"font-size: 14pt;\">\u201cA Denise \u00e9 merecedora do cargo que hoje ascende. E ela deve gratid\u00e3o ao tempo, pois foi ele que, na sua paci\u00eancia, determinou a hora desse reconhecimento, outorgando-lhe assento ao Col\u00e9gio. Nesta quarta-feira um ciclo se fecha e um novo momento se inicia. Sucesso \u00e9 o que eu desejo \u00e0 ela\u201d, comentou o coordenador do N\u00facleo de Defesa do Consumidor de Macei\u00f3, promotor de Justi\u00e7a Max Martins.<\/span><\/p>\n<p style=\"text-align: justify;\"><span style=\"font-size: 14pt;\">\u201cTeremos uma mulher entre n\u00f3s. Certamente o Col\u00e9gio de Procuradores ter\u00e1 suas sess\u00f5es em clima de mais amor e alegria\u201d, afirmou o procurador de Justi\u00e7a Marcos M\u00e9ro.<\/span><\/p>\n<p style=\"text-align: justify;\"><span style=\"font-size: 14pt;\">O procurador de Justi\u00e7a aposentado Paulo dos Anjos foi mais um dos membros que acompanhou a posse e fez um agradecimento \u00e0 Denise Guimar\u00e3es. \u201cEla pode nem se recordar, mas, l\u00e1 atr\u00e1s, em 1992, eu participei de um processo de promo\u00e7\u00e3o por merecimento. Meu desejo era deixar a Promotoria de Justi\u00e7a de P\u00e3o de A\u00e7\u00facar e ser transferido para Arapiraca. Eu a procurei e expliquei sobre a minha necessidade. A Denise prontamente renunciou a promo\u00e7\u00e3o em meu favor. Isso demonstra o tamanho da sua generosidade\u201d, recordou-se.<\/span><\/p>\n<p style=\"text-align: justify;\"><span style=\"font-size: 14pt;\">Saulo Ventura, coordenador do N\u00facleo de Defesa do Consumidor de Arapiraca, tamb\u00e9m prestigou a solenidade. \u201cPerde a Promotoria de Justi\u00e7a do Consumidor de Macei\u00f3, que deixar\u00e1 de ter uma promotora atuante, mas, ganhamos n\u00f3s promotores e o Col\u00e9gio de Procuradores, que passa a ter uma profissional que pretende ser unir as duas inst\u00e2ncias. Inclusive, o pr\u00f3prio consumidor tamb\u00e9m sai vitorioso, haja vista que ter\u00e1 uma pessoa que lutar\u00e1 por seus direitos em n\u00edvel de segundo grau\u201d, explicou ele.<\/span><\/p>\n<p style=\"text-align: justify;\"><span style=\"font-size: 14pt;\">A posse de Denise Guimar\u00e3es foi ainda acompanhada pelo procurador de Justi\u00e7a Valter Acioly e pelos promotores Luiz Medeiros, Norma Medeiros, Luciano Romero e Vicente Porci\u00fancula. A diretora de pessoal do Minist\u00e9rio P\u00fablico, Dilma Queir\u00f3z, tamb\u00e9m prestigiou a solenidade.<\/span><\/p>\n<p style=\"text-align: justify;\"><span style=\"font-size: 14pt;\">A posse festiva da nova procuradora est\u00e1 marcada para o dia 26 deste m\u00eas, a partir das 19h, no audit\u00f3rio do pr\u00e9dio-sede da Procuradoria Geral de Justi\u00e7a.<\/span><\/p>\n<p style=\"text-align: justify;\"><span style=\"font-size: 14pt;\"><strong>Hist\u00f3rico<\/strong><\/span><\/p>\n<p style=\"text-align: justify;\"><span style=\"font-size: 14pt;\">Denise Guimar\u00e3es ingressou no Minist\u00e9rio P\u00fablico no dia 09 de janeiro de 1984, tendo sido a Promotoria de Justi\u00e7a de Porto Calvo o seu primeiro local de trabalho. Ela j\u00e1 exerceu suas atribui\u00e7\u00f5es nas Promotorias de Justi\u00e7a de Porto de Pedras, Passo de Camaragibe, Maragogi, S\u00e3o Br\u00e1s, Porto Real do Col\u00e9gio, Matriz do Camaragibe, Delmiro Gouveia, S\u00e3o Miguel dos Campos, Marechal Deodoro, Arapiraca, Igreja Nova, P\u00e3o de A\u00e7\u00facar, Penedo e Macei\u00f3.<\/span><\/p>\n","protected":false},"excerpt":{"rendered":"<p> [&hellip;]<\/p>\n","protected":false},"author":4,"featured_media":12945,"comment_status":"open","ping_status":"open","sticky":false,"template":"","format":"standard","meta":{"om_disable_all_campaigns":false,"_monsterinsights_skip_tracking":false,"_monsterinsights_sitenote_active":false,"_monsterinsights_sitenote_note":"","_monsterinsights_sitenote_category":0,"_uf_show_specific_survey":0,"_uf_disable_surveys":false,"footnotes":""},"categories":[2],"tags":[],"class_list":["post-12944","post","type-post","status-publish","format-standard","has-post-thumbnail","hentry","category-not_mpal"],"aioseo_notices":[],"_links":{"self":[{"href":"https:\/\/www.mpal.mp.br\/index.php?rest_route=\/wp\/v2\/posts\/12944","targetHints":{"allow":["GET"]}}],"collection":[{"href":"https:\/\/www.mpal.mp.br\/index.php?rest_route=\/wp\/v2\/posts"}],"about":[{"href":"https:\/\/www.mpal.mp.br\/index.php?rest_route=\/wp\/v2\/types\/post"}],"author":[{"embeddable":true,"href":"https:\/\/www.mpal.mp.br\/index.php?rest_route=\/wp\/v2\/users\/4"}],"replies":[{"embeddable":true,"href":"https:\/\/www.mpal.mp.br\/index.php?rest_route=%2Fwp%2Fv2%2Fcomments&post=12944"}],"version-history":[{"count":1,"href":"https:\/\/www.mpal.mp.br\/index.php?rest_route=\/wp\/v2\/posts\/12944\/revisions"}],"predecessor-version":[{"id":12946,"href":"https:\/\/www.mpal.mp.br\/index.php?rest_route=\/wp\/v2\/posts\/12944\/revisions\/12946"}],"wp:featuredmedia":[{"embeddable":true,"href":"https:\/\/www.mpal.mp.br\/index.php?rest_route=\/wp\/v2\/media\/12945"}],"wp:attachment":[{"href":"https:\/\/www.mpal.mp.br\/index.php?rest_route=%2Fwp%2Fv2%2Fmedia&parent=12944"}],"wp:term":[{"taxonomy":"category","embeddable":true,"href":"https:\/\/www.mpal.mp.br\/index.php?rest_route=%2Fwp%2Fv2%2Fcategories&post=12944"},{"taxonomy":"post_tag","embeddable":true,"href":"https:\/\/www.mpal.mp.br\/index.php?rest_route=%2Fwp%2Fv2%2Ftags&post=12944"}],"curies":[{"name":"wp","href":"https:\/\/api.w.org\/{rel}","templated":true}]}}