{"id":12941,"date":"2014-09-26T08:49:32","date_gmt":"2014-09-26T11:49:32","guid":{"rendered":"https:\/\/www.mpal.mp.br\/?p=12941"},"modified":"2022-07-20T08:53:10","modified_gmt":"2022-07-20T11:53:10","slug":"colegio-de-procuradores-empossa-denise-guimaraes-no-cargo-da-10a-procuradoria-de-justica-civel-do-mpe-al","status":"publish","type":"post","link":"https:\/\/www.mpal.mp.br\/?p=12941","title":{"rendered":"Col\u00e9gio de Procuradores empossa Denise Guimar\u00e3es no cargo da 10\u00aa Procuradoria de Justi\u00e7a C\u00edvel do MPE\/AL"},"content":{"rendered":"<p style=\"text-align: justify;\"><span style=\"font-size: 14pt;\">Aconteceu na noite desta sexta-feira (26) a solenidade festiva de posse da mais nova procuradora de Justi\u00e7a do Minist\u00e9rio P\u00fablico Estadual de Alagoas (MPE\/AL). Diante de dezenas de familiares, amigos, membros e servidores da Casa e autoridades estaduais, Denise Guimar\u00e3es tomou assento no cargo da 10\u00aa Procuradoria de Justi\u00e7a C\u00edvel, vaga deixada ap\u00f3s a aposentadoria do ent\u00e3o procurador Paulo dos Anjos. Ela assume tal titularidade por meio do crit\u00e9rio de antiguidade e j\u00e1 chega ao Colegiado com a proposta de criar uma Procuradoria de Recursos e de atuar na 2\u00aa inst\u00e2ncia como um elo de liga\u00e7\u00e3o entre promotores e procuradores de Justi\u00e7a.<\/span><\/p>\n<p style=\"text-align: justify;\"><span style=\"font-size: 14pt;\">Ap\u00f3s 10 anos sem ter uma mulher em sua composi\u00e7\u00e3o \u2013 a \u00faltima foi a procuradora Vera Nolasco, o Col\u00e9gio de Procuradores do MPE\/AL deu posse a Denise Guimar\u00e3es, que deixou a fun\u00e7\u00e3o de promotora de Justi\u00e7a da Promotoria Coletiva de Defesa do Consumidor para ocupar a cadeira da 10\u00aa Procuradoria de Justi\u00e7a C\u00edvel. Em sua nova atua\u00e7\u00e3o, Denise Guimar\u00e3es ter\u00e1 atribui\u00e7\u00f5es de trabalhar junto \u00e0s se\u00e7\u00f5es de Direito P\u00fablico e de Direito Privado do Tribunal de Justi\u00e7a, emitindo pareceres, fazendo sustenta\u00e7\u00f5es orais e apresentando recursos.<\/span><\/p>\n<p style=\"text-align: justify;\"><span style=\"font-size: 14pt;\">Inclusive, \u00e9 para essa \u00e1rea de recursos que a nova procuradora de Justi\u00e7a quer dedicar aten\u00e7\u00e3o especial. \u201cApresentei uma sugest\u00e3o para que possamos criar uma Procuradoria de Recursos. Assim, poderemos aumentar a nossa produtividade em 2\u00aa inst\u00e2ncia. \u00c9 muito importante recorrermos aos demais graus superiores para garantir o posicionamento do Minist\u00e9rio P\u00fablico adotado em 1\u00aa inst\u00e2ncia.\u00a0Al\u00e9m disso, como trabalhei por 17 anos na Promotoria do Consumidor, gostaria muito que fosse criada uma Procuradoria de Direitos Difusos e Coletivos\u201d, explicou ela.<\/span><\/p>\n<p style=\"text-align: justify;\"><span style=\"font-size: 14pt;\">Tamb\u00e9m \u00e9 ideia de Denise Guimar\u00e3es trabalhar para estreitar a rela\u00e7\u00e3o entre promotores e procuradores de Justi\u00e7a. \u201cDurante toda a minha vida profissional fui promotora de Justi\u00e7a, foram 30 anos nessa atividade, e sei bem dos desafios di\u00e1rios que enfrentamos. Quero poder ser uma ponte de comunica\u00e7\u00e3o entre os colegas que continuam atuando em 1\u00aa inst\u00e2ncia e o Col\u00e9gio de Procuradores. Quero poder ajud\u00e1-los dentro daquilo que for poss\u00edvel as minhas atribui\u00e7\u00f5es\u201d, disse.<\/span><\/p>\n<p style=\"text-align: justify;\"><span style=\"font-size: 14pt;\">\u201cDenise Guimar\u00e3es \u00e9 o retrato da promotora alagoana: inteligente, preparada e combativa. \u00c9 uma colega vocacionada que brilha no Minist\u00e9rio P\u00fablico desde que ingressou na carreira. A sua ascens\u00e3o para integrar o egr\u00e9gio Col\u00e9gio de Procuradores \u00e9 o coroamento de uma atividade institucional exemplar e dedicada inteiramente a fazer justi\u00e7a\u201d, declarou o procurador-geral de Justi\u00e7a, S\u00e9rgio Juc\u00e1.<\/span><\/p>\n<p style=\"text-align: justify;\"><span style=\"font-size: 14pt;\"><strong>Homenagem dos colegas<\/strong><\/span><\/p>\n<p style=\"text-align: justify;\"><span style=\"font-size: 14pt;\">Seguindo a tradi\u00e7\u00e3o do\u00a0<em>parquet\u00a0<\/em>alagoano, o mais recente membro do \u00f3rg\u00e3o colegiado, procurador de Justi\u00e7a, Valter Jos\u00e9 de Omena Acioly, proferiu o discurso de recep\u00e7\u00e3o \u00e0 nova titular\u00a0da 10\u00aa Procuradoria de Justi\u00e7a C\u00edvel, destacando sua atua\u00e7\u00e3o \u00e0 frente da Promotoria de Justi\u00e7a Coletiva de Defesa do Consumidor da Capital.<\/span><\/p>\n<p style=\"text-align: justify;\"><span style=\"font-size: 14pt;\">&#8220;Cada integrante do valoroso e combativo Minist\u00e9rio P\u00fablico de Alagoas, tenha certeza ne\u00f3fita procuradora, \u00e9 testemunho vivo de seu amor pela institui\u00e7\u00e3o que nos abriga, de igual modo da sua for\u00e7a laborativa e da sua devo\u00e7\u00e3o na luta incans\u00e1vel e sem tr\u00e9gua na defesa intransigente dos direitos coletivos e individuais indispon\u00edveis do consumidor, indiscutivelmente ser humano hipossuficente em toda e qualquer rela\u00e7\u00e3o de consumo&#8221;, disse o procurador.<\/span><\/p>\n<p style=\"text-align: justify;\"><span style=\"font-size: 14pt;\">J\u00e1 a presidente da Associa\u00e7\u00e3o do Minist\u00e9rio P\u00fablico de Alagoas (Ampal), Adilza In\u00e1cio de Freitas, falou pela categoria em homenagem \u00e0 procuradora de Justi\u00e7a. &#8220;Ser integrante do Minist\u00e9rio P\u00fablico \u00e9 viver o p\u00fablico no dia a dia do nosso minist\u00e9rio. A colega Denise Guimar\u00e3es encarna perfeitamente esse ideal do agente p\u00fablico dos tempos modernos, disposta a enfrentar quaisquer desafios, a criar novos desafios e a vencer todos os desafios&#8221;, falou.<\/span><\/p>\n<p style=\"text-align: justify;\"><span style=\"font-size: 14pt;\"><strong>Hist\u00f3rico<\/strong><\/span><\/p>\n<p style=\"text-align: justify;\"><span style=\"font-size: 14pt;\">Denise Guimar\u00e3es ingressou no Minist\u00e9rio P\u00fablico no dia 09 de janeiro de 1984, tendo sido a Promotoria de Justi\u00e7a de Porto Calvo o seu primeiro local de trabalho. Ela j\u00e1 exerceu suas atribui\u00e7\u00f5es nas Promotorias de Justi\u00e7a de Porto de Pedras, Passo de Camaragibe, Maragogi, S\u00e3o Br\u00e1s, Porto Real do Col\u00e9gio, Matriz do Camaragibe, Delmiro Gouveia, S\u00e3o Miguel dos Campos, Marechal Deodoro, Arapiraca, Igreja Nova, P\u00e3o de A\u00e7\u00facar, Penedo e Macei\u00f3.<\/span><\/p>\n<p style=\"text-align: justify;\"><span style=\"font-size: 14pt;\">Confira\u00a0<a href=\"https:\/\/farol.mpal.mp.br\/images\/stories\/noticias\/2014\/Out\/discursodenise.pdf\" target=\"_blank\" rel=\"noopener\">aqui<\/a>\u00a0o discurso de posse da procuradora de Justi\u00e7a.<\/span><\/p>\n","protected":false},"excerpt":{"rendered":"<p> [&hellip;]<\/p>\n","protected":false},"author":4,"featured_media":12942,"comment_status":"open","ping_status":"open","sticky":false,"template":"","format":"standard","meta":{"om_disable_all_campaigns":false,"_monsterinsights_skip_tracking":false,"_monsterinsights_sitenote_active":false,"_monsterinsights_sitenote_note":"","_monsterinsights_sitenote_category":0,"_uf_show_specific_survey":0,"_uf_disable_surveys":false,"footnotes":""},"categories":[2],"tags":[],"class_list":["post-12941","post","type-post","status-publish","format-standard","has-post-thumbnail","hentry","category-not_mpal"],"aioseo_notices":[],"_links":{"self":[{"href":"https:\/\/www.mpal.mp.br\/index.php?rest_route=\/wp\/v2\/posts\/12941","targetHints":{"allow":["GET"]}}],"collection":[{"href":"https:\/\/www.mpal.mp.br\/index.php?rest_route=\/wp\/v2\/posts"}],"about":[{"href":"https:\/\/www.mpal.mp.br\/index.php?rest_route=\/wp\/v2\/types\/post"}],"author":[{"embeddable":true,"href":"https:\/\/www.mpal.mp.br\/index.php?rest_route=\/wp\/v2\/users\/4"}],"replies":[{"embeddable":true,"href":"https:\/\/www.mpal.mp.br\/index.php?rest_route=%2Fwp%2Fv2%2Fcomments&post=12941"}],"version-history":[{"count":1,"href":"https:\/\/www.mpal.mp.br\/index.php?rest_route=\/wp\/v2\/posts\/12941\/revisions"}],"predecessor-version":[{"id":12943,"href":"https:\/\/www.mpal.mp.br\/index.php?rest_route=\/wp\/v2\/posts\/12941\/revisions\/12943"}],"wp:featuredmedia":[{"embeddable":true,"href":"https:\/\/www.mpal.mp.br\/index.php?rest_route=\/wp\/v2\/media\/12942"}],"wp:attachment":[{"href":"https:\/\/www.mpal.mp.br\/index.php?rest_route=%2Fwp%2Fv2%2Fmedia&parent=12941"}],"wp:term":[{"taxonomy":"category","embeddable":true,"href":"https:\/\/www.mpal.mp.br\/index.php?rest_route=%2Fwp%2Fv2%2Fcategories&post=12941"},{"taxonomy":"post_tag","embeddable":true,"href":"https:\/\/www.mpal.mp.br\/index.php?rest_route=%2Fwp%2Fv2%2Ftags&post=12941"}],"curies":[{"name":"wp","href":"https:\/\/api.w.org\/{rel}","templated":true}]}}