{"id":12938,"date":"2014-10-22T08:45:51","date_gmt":"2014-10-22T10:45:51","guid":{"rendered":"https:\/\/www.mpal.mp.br\/?p=12938"},"modified":"2022-07-20T08:49:25","modified_gmt":"2022-07-20T11:49:25","slug":"colegio-de-procuradores-e-apresentado-ao-projeto-mp-digital-instituicao-sera-100-informatizada-ate-dezembro","status":"publish","type":"post","link":"https:\/\/www.mpal.mp.br\/?p=12938","title":{"rendered":"Col\u00e9gio de Procuradores \u00e9 apresentado ao projeto &#8216;MP Digital&#8217;; institui\u00e7\u00e3o ser\u00e1 100% informatizada at\u00e9 dezembro"},"content":{"rendered":"<p style=\"text-align: justify;\"><span style=\"font-size: 14pt;\">O projeto de implanta\u00e7\u00e3o do sistema de informatiza\u00e7\u00e3o do Minist\u00e9rio P\u00fablico Estadual de Alagoas, o &#8216;MP Digital&#8217;, foi apresentado oficialmente ao Col\u00e9gio de Procuradores na manh\u00e3 desta quarta-feira (22). Na ocasi\u00e3o, o Comit\u00ea Estrat\u00e9gico de Tecnologia e Informa\u00e7\u00e3o do MPE\/AL e a Softplan, empresa contratada para implantar o programa, detalharam os benef\u00edcios do software desenvolvido para atender as demandas da institui\u00e7\u00e3o.<\/span><\/p>\n<p style=\"text-align: justify;\"><span style=\"font-size: 14pt;\">Foi o procurador de Justi\u00e7a Anti\u00f3genes Marques de Lira, presidente do Comit\u00ea Estrat\u00e9gico de Tecnologia e Informa\u00e7\u00e3o do Minist\u00e9rio P\u00fablico (Ceti), quem iniciou a explana\u00e7\u00e3o do projeto. Segundo ele, entre 2013 e 2014, o MPE\/AL investiu cerca de R$ 8 milh\u00f5es no sistema, recursos oriundos do Proinveste &#8211; Programa de Apoio ao Investimento dos Estados e Distrito Federal -, cr\u00e9ditos adquiridos pelo governo de Alagoas junto ao Banco Nacional de Desenvolvimento Econ\u00f4mico e Social (BNDES), atrav\u00e9s da Caixa Econ\u00f4mica Federal (CEF). \u201cEm 2013 n\u00f3s investimos na compra de equipamentos. Foram adquiridos dois data centers \u2013 aparelhos de processamento de dados, armazenamento e backup -, 150 computadores e quatro nobreaks. O aporte necess\u00e1rio para essas aquisi\u00e7\u00f5es foi de aproximadamente R$ 5 milh\u00f5es. E agora em 2014, pudemos adquirir o software que vai permitir que os membros entrem, definitivamente, na era digital. Todos o nosso trabalho ser\u00e1 feito atrav\u00e9s desse sistema de informatiza\u00e7\u00e3o que, \u00e9 importante acrescentar, vai funcionar de forma integrada com E-saj do Tribunal de Justi\u00e7a de Alagoas\u201d, explicou ele.<\/span><\/p>\n<p style=\"text-align: justify;\"><span style=\"font-size: 14pt;\">\u201cTamb\u00e9m \u00e9 fundamental destacar o trabalho dos diretores e servidores envolvidos na implanta\u00e7\u00e3o do projeto. Nosso agradecimento especial ao Marcel de Castro, diretor de Tecnologia e Informa\u00e7\u00e3o; a Elenise Daudt, consultora jur\u00eddico-administra; Jamille Mendon\u00e7a, diretora de Programa\u00e7\u00e3o e Or\u00e7amento e ao Carlos Eduardo \u00c1vila, diretor-geral do Minist\u00e9rio P\u00fablico\u201d, disse.<\/span><\/p>\n<p style=\"text-align: justify;\"><span style=\"font-size: 14pt;\"><strong>Mais investimentos<\/strong><\/span><\/p>\n<p style=\"text-align: justify;\"><span style=\"font-size: 14pt;\">Este ano, al\u00e9m das licen\u00e7as para os softawares que ser\u00e3o utilizados na execu\u00e7\u00e3o do projeto, o MPE\/AL ainda adquiriu 50 notbooks para procuradores e promotores de Justi\u00e7a, outros 104 computadores e su\u00edtes \u2013 equipamento para gerenciamento de arquivos, totalizando um investimento na ordem de R$ 2,8 milh\u00f5es. \u201cSem d\u00favida alguma esse programa vai facilitar o trabalho dos membros da nossa institui\u00e7\u00e3o. N\u00f3s vamos reduzir o tempo de atendimento ao p\u00fablico e de tr\u00e2mite processual e economizar em recursos materiais e m\u00e3o de obra\u201d, destacou Marcel Castro, diretor de Tecnologia e Informa\u00e7\u00e3o do MPE\/AL.<\/span><\/p>\n<p style=\"text-align: justify;\"><span style=\"font-size: 14pt;\"><strong>O projeto<\/strong><\/span><\/p>\n<p style=\"text-align: justify;\"><span style=\"font-size: 14pt;\">O MP Digital ser\u00e1 uma solu\u00e7\u00e3o cujo objetivo principal \u00e9 facilitar a troca de informa\u00e7\u00f5es e agilizar o tr\u00e2mite processual e de atividades do Minist\u00e9rio P\u00fablico por meio de diversos servi\u00e7os web voltados para os membros e servidores da institui\u00e7\u00e3o, magistrados e serventu\u00e1rios da Justi\u00e7a, advogados e cidad\u00e3os.<\/span><\/p>\n<p style=\"text-align: justify;\"><span style=\"font-size: 14pt;\">\u201cIncluir o Minist\u00e9rio P\u00fablico nesse programa de virtualiza\u00e7\u00e3o vai possibilitar que os membros possam emitir pareceres, recursos, of\u00edcios, formalizar TACs, termos de audi\u00eancia etc, por via eletr\u00f4nica, em suas promotorias. Os procuradores e promotores de todo o Estado poder\u00e3o se conectar por computadores por meio dessa rede e, assim, terem seu servi\u00e7o facilitado. Al\u00e9m disso, eles estar\u00e3o integrados com o Poder Judici\u00e1rio. Nossa expectativa \u00e9 obter maior agilidade no trabalho com a integra\u00e7\u00e3o dos dois sistemas, o Softplan e o E-saj, ambos softwares de gest\u00e3o\u201d, acrescentou Anti\u00f3genes Marques de Lira.<\/span><\/p>\n<p style=\"text-align: justify;\"><span style=\"font-size: 14pt;\">A implanta\u00e7\u00e3o e o treinamento<\/span><\/p>\n<p style=\"text-align: justify;\"><span style=\"font-size: 14pt;\">De acordo com Alexandre Vedovelli, executivo de Neg\u00f3cios da Softplan, os pr\u00f3ximos 45 dias ser\u00e3o destinados aos procedimentos de implanta\u00e7\u00e3o e capacita\u00e7\u00e3o do programa. \u201c20 de dezembro ser\u00e1 a data m\u00e1xima para implantarmos o sistema em todas as promotorias da capital e do interior. Iremos a cada um dos membros para fazer o treinamento, ele ser\u00e1 individualizado exatamente para que cada procurador e promotor possa aprender a manusear o software e n\u00e3o ter nenhuma d\u00favida quanto a sua operacionaliza\u00e7\u00e3o\u201d, esclareceu ele.<\/span><\/p>\n<p style=\"text-align: justify;\"><span style=\"font-size: 14pt;\">\u201cAl\u00e9m disso, teremos no in\u00edcio do m\u00eas de novembro um workshop. Ser\u00e3o tr\u00eas dias em que eles ser\u00e3o apresentados ao programa de uma forma macro, com informa\u00e7\u00f5es do que \u00e9 o sistema de informatiza\u00e7\u00e3o. Depois, a partir de janeiro, ficaremos com as equipes de suporte e manuten\u00e7\u00e3o\u201d, acrescentou o executivo.<\/span><\/p>\n<p style=\"text-align: justify;\"><span style=\"font-size: 14pt;\">\u201cO nosso parque tecnol\u00f3gico est\u00e1 sendo montado e isso significa um grande avan\u00e7o para que possamos desempenhar melhor as nossas fun\u00e7\u00f5es. A era dos processos f\u00edsicos est\u00e1 chegando ao fim e, agora, inicia-se uma nova fase no Minist\u00e9rio P\u00fablico Estadual de Alagoas, a fase da tecnologia de ponta\u201d, afirmou o procurador-geral de Justi\u00e7a, S\u00e9rgio Juc\u00e1.<\/span><\/p>\n<p style=\"text-align: justify;\"><span style=\"font-size: 14pt;\">E para facilitar o canal de comunica\u00e7\u00e3o entre os membros e o Ceti e a Softplan, ficou definido que dois membros far\u00e3o essa ponte de di\u00e1logo: o promotor de Justi\u00e7a Givaldo de Barros Lessa ficar\u00e1 respons\u00e1vel pelos contatos com os colegas da capital e, o promotor Edelzito Santos Andrade, com os do interior.<\/span><\/p>\n","protected":false},"excerpt":{"rendered":"<p> [&hellip;]<\/p>\n","protected":false},"author":4,"featured_media":12939,"comment_status":"open","ping_status":"open","sticky":false,"template":"","format":"standard","meta":{"om_disable_all_campaigns":false,"_monsterinsights_skip_tracking":false,"_monsterinsights_sitenote_active":false,"_monsterinsights_sitenote_note":"","_monsterinsights_sitenote_category":0,"_uf_show_specific_survey":0,"_uf_disable_surveys":false,"footnotes":""},"categories":[2],"tags":[],"class_list":["post-12938","post","type-post","status-publish","format-standard","has-post-thumbnail","hentry","category-not_mpal"],"aioseo_notices":[],"_links":{"self":[{"href":"https:\/\/www.mpal.mp.br\/index.php?rest_route=\/wp\/v2\/posts\/12938","targetHints":{"allow":["GET"]}}],"collection":[{"href":"https:\/\/www.mpal.mp.br\/index.php?rest_route=\/wp\/v2\/posts"}],"about":[{"href":"https:\/\/www.mpal.mp.br\/index.php?rest_route=\/wp\/v2\/types\/post"}],"author":[{"embeddable":true,"href":"https:\/\/www.mpal.mp.br\/index.php?rest_route=\/wp\/v2\/users\/4"}],"replies":[{"embeddable":true,"href":"https:\/\/www.mpal.mp.br\/index.php?rest_route=%2Fwp%2Fv2%2Fcomments&post=12938"}],"version-history":[{"count":1,"href":"https:\/\/www.mpal.mp.br\/index.php?rest_route=\/wp\/v2\/posts\/12938\/revisions"}],"predecessor-version":[{"id":12940,"href":"https:\/\/www.mpal.mp.br\/index.php?rest_route=\/wp\/v2\/posts\/12938\/revisions\/12940"}],"wp:featuredmedia":[{"embeddable":true,"href":"https:\/\/www.mpal.mp.br\/index.php?rest_route=\/wp\/v2\/media\/12939"}],"wp:attachment":[{"href":"https:\/\/www.mpal.mp.br\/index.php?rest_route=%2Fwp%2Fv2%2Fmedia&parent=12938"}],"wp:term":[{"taxonomy":"category","embeddable":true,"href":"https:\/\/www.mpal.mp.br\/index.php?rest_route=%2Fwp%2Fv2%2Fcategories&post=12938"},{"taxonomy":"post_tag","embeddable":true,"href":"https:\/\/www.mpal.mp.br\/index.php?rest_route=%2Fwp%2Fv2%2Ftags&post=12938"}],"curies":[{"name":"wp","href":"https:\/\/api.w.org\/{rel}","templated":true}]}}