{"id":12935,"date":"2014-11-05T08:40:38","date_gmt":"2014-11-05T10:40:38","guid":{"rendered":"https:\/\/www.mpal.mp.br\/?p=12935"},"modified":"2022-07-20T08:45:47","modified_gmt":"2022-07-20T11:45:47","slug":"colegio-de-procuradores-elege-vicente-felix-para-corregedor-geral-e-afranio-roberto-queiroz-para-cargo-de-ouvidor-geral-do-mpe-al","status":"publish","type":"post","link":"https:\/\/www.mpal.mp.br\/?p=12935","title":{"rendered":"Col\u00e9gio de Procuradores elege Vicente Felix para corregedor-geral e Afr\u00e2nio Roberto Queiroz para cargo de ouvidor-geral do MPE\/AL"},"content":{"rendered":"<p style=\"text-align: justify;\"><span style=\"font-size: 14pt;\">O Col\u00e9gio de Procuradores de Justi\u00e7a elegeu, na tarde nesta quarta-feira (05), os novos membros que v\u00e3o chefiar a Corregedoria-Geral e a Ouvidoria-Geral do Minist\u00e9rio P\u00fablico Estadual de Alagoas (MPE\/AL). Os procuradores de Justi\u00e7a Vicente Felix Correia e Afr\u00e2nio Roberto Pereira de Queiroz, foram eleitos para os cargos de corregedor e ouvidor, respectivamente. Com mandato de dois anos, as autoridades iniciar\u00e3o a gest\u00e3o 2015-2016 no dia 2 de janeiro.<\/span><\/p>\n<p style=\"text-align: justify;\"><span style=\"font-size: 14pt;\">A elei\u00e7\u00e3o, que foi comandada pelo subprocurador-geral Administrativo-Institucional, Walber Jos\u00e9 Valente de Lima, que atualmente est\u00e1 no comando do MPE\/AL, contou com a participa\u00e7\u00e3o de 16 procuradores de Justi\u00e7a. Para o cargo de corregedor-geral, Vicente F\u00e9lix Correia recebeu 15 votos. Apenas um voto nulo foi registrado e n\u00e3o houve concorr\u00eancia.<\/span><\/p>\n<p style=\"text-align: justify;\"><span style=\"font-size: 14pt;\">\u201cQuero agradecer os votos de confian\u00e7a dados a mim. Sinto-me honrado em ter sido escolhido por 15 colegas. Inicie meu trabalho na Corregedoria como substituto, acompanhando o atual corregedor-geral, M\u00e1rcio Ten\u00f3rio de Albuquerque e, ao lado dele, tive a oportunidade de aprender bastante. Ent\u00e3o, agora, como mais experi\u00eancia, quero poder emprestar meu trabalho a este \u00f3rg\u00e3o. Com honradez continuarei dedicado \u00e0 Corregedoria\u201d, declarou Vicente Felix Correia.<\/span><\/p>\n<p style=\"text-align: justify;\"><span style=\"font-size: 14pt;\">J\u00e1 para o cargo de ouvidor-geral, aconteceu a disputa entre os procuradores de Justi\u00e7a Luiz Barbosa Carna\u00faba \u2013 que atualmente responde pela Ouvidoria-Geral &#8211; e Afr\u00e2nio Roberto Pereira de Queiroz. Este \u00faltimo venceu a elei\u00e7\u00e3o por 13&#215;3. \u201cAssumo o compromisso de trabalhar com dignidade pela Ouvidoria do Minist\u00e9rio P\u00fablico, dando continuidade ao trabalho iniciado pelo primeiro ouvidor-geral, o procurador de Justi\u00e7a Eduardo Tavares. Ser\u00e1 mais uma oportunidade para que eu possa prestar meus servi\u00e7os n\u00e3o s\u00f3 \u00e0 Procuradoria-Geral de Justi\u00e7a, mas, tamb\u00e9m, \u00e0 sociedade alagoana\u201d, afirmou Afr\u00e2nio Roberto Pereira Queiroz.<\/span><\/p>\n<p style=\"text-align: justify;\"><span style=\"font-size: 14pt;\"><strong>Lista tr\u00edplice<\/strong><\/span><\/p>\n<p style=\"text-align: justify;\"><span style=\"font-size: 14pt;\">Atendendo a um requerimento apresentado pelo procurador de Justi\u00e7a Marcos Barros M\u00e9ro, o Col\u00e9gio de Procuradores tamb\u00e9m formou, nesta quarta-feira, as duas listes tr\u00edplices com os nomes dos candidatos aos cargos de corregedor-geral substituto e ouvidor-geral substituto. Na primeira, concorrer\u00e3o os procuradores de Justi\u00e7a Lean Ant\u00f4nio Ferreira de Ara\u00fajo, Dilmar Lopes Camerino e o pr\u00f3prio Marcos Barros M\u00e9ro. J\u00e1 os procuradores M\u00e1rcio Roberto Ten\u00f3rio de Albuquerque, Valter Jos\u00e9 de Omena Acioly e Marcos Barros M\u00e9ro disputar\u00e3o o cargo de ouvidor-geral de substituto. Tais fun\u00e7\u00f5es ser\u00e3o ocupadas pelos procuradores que forem escolhidos pelo novos corregedor-geral e ouvidor-geral a partir do ano que vem.<\/span><\/p>\n<p style=\"text-align: justify;\"><span style=\"font-size: 14pt;\"><strong>\u00d3rg\u00e3os da administra\u00e7\u00e3o superior<\/strong><\/span><\/p>\n<p style=\"text-align: justify;\"><span style=\"font-size: 14pt;\">Como \u00f3rg\u00e3o da administra\u00e7\u00e3o superior, s\u00e3o atividades da Corregedoria-Geral a realiza\u00e7\u00e3o de correi\u00e7\u00f5es e inspe\u00e7\u00f5es nos \u00f3rg\u00e3os de execu\u00e7\u00e3o do MPE, al\u00e9m da expedi\u00e7\u00e3o de recomenda\u00e7\u00f5es e instaura\u00e7\u00e3o de processo disciplinar para apura\u00e7\u00e3o da conduta do agente ministerial.<\/span><\/p>\n<p style=\"text-align: justify;\"><span style=\"font-size: 14pt;\">E a Ouvidoria do MPE\/AL, criada recentemente na condi\u00e7\u00e3o de \u00f3rg\u00e3o auxiliar do Col\u00e9gio de Procuradores de Justi\u00e7a, tem o objetivo de acolher reclama\u00e7\u00f5es, den\u00fancias e sugest\u00f5es sobre as atividades desenvolvidas pelos membros, servidores e \u00f3rg\u00e3os da Casa. A Ouvidoria tamb\u00e9m pode representar diretamente ao Conselho Superior do Minist\u00e9rio P\u00fablico e ao Conselho Nacional do Minist\u00e9rio P\u00fablico.<\/span><\/p>\n","protected":false},"excerpt":{"rendered":"<p> [&hellip;]<\/p>\n","protected":false},"author":4,"featured_media":12936,"comment_status":"open","ping_status":"open","sticky":false,"template":"","format":"standard","meta":{"om_disable_all_campaigns":false,"_monsterinsights_skip_tracking":false,"_monsterinsights_sitenote_active":false,"_monsterinsights_sitenote_note":"","_monsterinsights_sitenote_category":0,"_uf_show_specific_survey":0,"_uf_disable_surveys":false,"footnotes":""},"categories":[2],"tags":[],"class_list":["post-12935","post","type-post","status-publish","format-standard","has-post-thumbnail","hentry","category-not_mpal"],"aioseo_notices":[],"_links":{"self":[{"href":"https:\/\/www.mpal.mp.br\/index.php?rest_route=\/wp\/v2\/posts\/12935","targetHints":{"allow":["GET"]}}],"collection":[{"href":"https:\/\/www.mpal.mp.br\/index.php?rest_route=\/wp\/v2\/posts"}],"about":[{"href":"https:\/\/www.mpal.mp.br\/index.php?rest_route=\/wp\/v2\/types\/post"}],"author":[{"embeddable":true,"href":"https:\/\/www.mpal.mp.br\/index.php?rest_route=\/wp\/v2\/users\/4"}],"replies":[{"embeddable":true,"href":"https:\/\/www.mpal.mp.br\/index.php?rest_route=%2Fwp%2Fv2%2Fcomments&post=12935"}],"version-history":[{"count":1,"href":"https:\/\/www.mpal.mp.br\/index.php?rest_route=\/wp\/v2\/posts\/12935\/revisions"}],"predecessor-version":[{"id":12937,"href":"https:\/\/www.mpal.mp.br\/index.php?rest_route=\/wp\/v2\/posts\/12935\/revisions\/12937"}],"wp:featuredmedia":[{"embeddable":true,"href":"https:\/\/www.mpal.mp.br\/index.php?rest_route=\/wp\/v2\/media\/12936"}],"wp:attachment":[{"href":"https:\/\/www.mpal.mp.br\/index.php?rest_route=%2Fwp%2Fv2%2Fmedia&parent=12935"}],"wp:term":[{"taxonomy":"category","embeddable":true,"href":"https:\/\/www.mpal.mp.br\/index.php?rest_route=%2Fwp%2Fv2%2Fcategories&post=12935"},{"taxonomy":"post_tag","embeddable":true,"href":"https:\/\/www.mpal.mp.br\/index.php?rest_route=%2Fwp%2Fv2%2Ftags&post=12935"}],"curies":[{"name":"wp","href":"https:\/\/api.w.org\/{rel}","templated":true}]}}