{"id":12930,"date":"2016-02-05T08:34:12","date_gmt":"2016-02-05T10:34:12","guid":{"rendered":"https:\/\/www.mpal.mp.br\/?p=12930"},"modified":"2022-07-20T08:37:19","modified_gmt":"2022-07-20T11:37:19","slug":"apos-parecer-do-ministerio-publico-tj-al-determina-nomeacao-de-candidatos-aprovados-em-concurso","status":"publish","type":"post","link":"https:\/\/www.mpal.mp.br\/?p=12930","title":{"rendered":"Ap\u00f3s parecer do Minist\u00e9rio P\u00fablico, TJ\/AL determina nomea\u00e7\u00e3o de candidatos aprovados em concurso"},"content":{"rendered":"<div class=\"content-wrapper-1\">\n<div class=\"content-wrapper-2\">\n<div id=\"mainmiddle\">\n<div id=\"mainmiddle-expand\">\n<div id=\"content\">\n<div id=\"content-shift\">\n<div class=\"floatbox\">\n<div class=\"joomla \">\n<div class=\"article\">\n<div id=\"articlepxfontsize1\">\n<p style=\"text-align: justify;\" align=\"JUSTIFY\"><span style=\"font-size: 14pt;\">A 10\u00aa Procuradoria de Justi\u00e7a C\u00edvel foi ao encontro da tese defendida pela 19\u00aa Promotoria de Justi\u00e7a da Capital e se posicionou favor\u00e1vel, na segunda inst\u00e2ncia, \u00e0 nomea\u00e7\u00e3o dos candidatos aprovados no concurso p\u00fablico realizado para unidades de sa\u00fade do Estado em 2002. Nesta sexta-feira (5), a 3\u00aa C\u00e2mara C\u00edvel do Tribunal de Justi\u00e7a de Alagoas considerou o parecer do Minist\u00e9rio P\u00fablico do Estado de Alagoas (MPE\/AL) e manteve a decis\u00e3o judicial que havia determinado a convoca\u00e7\u00e3o dos postulantes ao servi\u00e7o p\u00fablico estadual.<\/span><\/p>\n<p style=\"text-align: justify;\" align=\"JUSTIFY\"><span style=\"font-size: 14pt;\">Segundo a senten\u00e7a original da 17\u00aa Vara C\u00edvel da Capital, o Estado dever\u00e1 nomear 25 assistentes de administra\u00e7\u00e3o, dois auxiliares de enfermagem, 47 auxiliares de servi\u00e7os diversos, dois encanadores, 17 enfermeiros, 28 fisioterapeutas, dois marceneiros, 15 padioleiros, 76 t\u00e9cnicos em enfermagem, quatro t\u00e9cnicos em seguran\u00e7a, sete psic\u00f3logos, tr\u00eas administradores, 33 nutricionistas, 13 cozinheiros, 17 copeiros, 88 m\u00e9dicos, sete farmac\u00eauticos e um odont\u00f3logo.<\/span><\/p>\n<p style=\"text-align: justify;\" align=\"JUSTIFY\"><span style=\"font-size: 14pt;\">Em defesa dos candidatos aprovados, o MPE\/AL ajuizou uma a\u00e7\u00e3o civil p\u00fablica com a finalidade de obrigar o Estado de Alagoas a nomear os integrantes da reserva t\u00e9cnica do concurso p\u00fablico regido pelo Edital n\u00ba 003\/2002\/SEARHP\/SESAU\/UNCISAL. Eles deixaram de ser convocados durante o per\u00edodo de validade da sele\u00e7\u00e3o devido \u00e0 contrata\u00e7\u00e3o irregular para preenchimento de vagas na Secretaria Estadual de Sa\u00fade (Sesau) e na Universidade Estadual de Ci\u00eancias da Sa\u00fade de Alagoas (Uncisal).<\/span><\/p>\n<p style=\"text-align: justify;\" align=\"JUSTIFY\"><span style=\"font-size: 14pt;\"><strong>Direito \u00e0 nomea\u00e7\u00e3o<\/strong><\/span><\/p>\n<p style=\"text-align: justify;\" align=\"JUSTIFY\"><span style=\"font-size: 14pt;\">Segundo a procuradora de Justi\u00e7a Denise Guimar\u00e3es de Oliveira, a interven\u00e7\u00e3o do Minist\u00e9rio P\u00fablico, por meio da atua\u00e7\u00e3o da promotora de Justi\u00e7a Maria Cec\u00edlia Carna\u00faba, se justificou por tratar de interesse p\u00fablico e da ordem jur\u00eddica. Em seu parecer, Denise Guimar\u00e3es defendeu o direito subjetivo \u00e0 nomea\u00e7\u00e3o em virtude da exist\u00eancia de cargos vagos e da comprova\u00e7\u00e3o de que os funcion\u00e1rios terceirizados foram contratados para desempenhar as atribui\u00e7\u00f5es dos cargos efetivos vagos. Por essa raz\u00e3o, ela rejeitou a apela\u00e7\u00e3o do Estado \u00e0 senten\u00e7a da 17\u00aa Vara C\u00edvel da Capital<\/span><\/p>\n<p style=\"text-align: justify;\" align=\"JUSTIFY\"><span style=\"font-size: 14pt;\">\u201cAnte o exposto, o Minist\u00e9rio P\u00fablico manifesta-se pelo conhecimento e improvimento do recurso, no sentido de que seja mantida integralmente a senten\u00e7a, declarando a ilegalidade das contrata\u00e7\u00f5es tempor\u00e1rias referidas na exordial, bem como determinando que o Estado realize a nomea\u00e7\u00e3o dos aprovados, na exata quantidade de cargos dispon\u00edveis e para aqueles cargos de lota\u00e7\u00e3o na Sesau ou na Uncisal\u201d, destacou a titular da 10\u00aa Procuradoria de Justi\u00e7a C\u00edvel, que considerou a jurisprud\u00eancia de Tribunais Superiores, como o Supremo Tribunal Federal e o Superior Tribunal de Justi\u00e7a.<\/span><\/p>\n<\/div>\n<\/div>\n<\/div>\n<\/div>\n<\/div>\n<\/div>\n<\/div>\n<\/div>\n<\/div>\n<\/div>\n<div class=\"content-wrapper-b1\">\n<div class=\"content-wrapper-b2\" style=\"text-align: justify;\"><\/div>\n<\/div>\n","protected":false},"excerpt":{"rendered":"<p> [&hellip;]<\/p>\n","protected":false},"author":4,"featured_media":12928,"comment_status":"open","ping_status":"open","sticky":false,"template":"","format":"standard","meta":{"om_disable_all_campaigns":false,"_monsterinsights_skip_tracking":false,"_monsterinsights_sitenote_active":false,"_monsterinsights_sitenote_note":"","_monsterinsights_sitenote_category":0,"_uf_show_specific_survey":0,"_uf_disable_surveys":false,"footnotes":""},"categories":[2],"tags":[],"class_list":["post-12930","post","type-post","status-publish","format-standard","has-post-thumbnail","hentry","category-not_mpal"],"aioseo_notices":[],"_links":{"self":[{"href":"https:\/\/www.mpal.mp.br\/index.php?rest_route=\/wp\/v2\/posts\/12930","targetHints":{"allow":["GET"]}}],"collection":[{"href":"https:\/\/www.mpal.mp.br\/index.php?rest_route=\/wp\/v2\/posts"}],"about":[{"href":"https:\/\/www.mpal.mp.br\/index.php?rest_route=\/wp\/v2\/types\/post"}],"author":[{"embeddable":true,"href":"https:\/\/www.mpal.mp.br\/index.php?rest_route=\/wp\/v2\/users\/4"}],"replies":[{"embeddable":true,"href":"https:\/\/www.mpal.mp.br\/index.php?rest_route=%2Fwp%2Fv2%2Fcomments&post=12930"}],"version-history":[{"count":1,"href":"https:\/\/www.mpal.mp.br\/index.php?rest_route=\/wp\/v2\/posts\/12930\/revisions"}],"predecessor-version":[{"id":12931,"href":"https:\/\/www.mpal.mp.br\/index.php?rest_route=\/wp\/v2\/posts\/12930\/revisions\/12931"}],"wp:featuredmedia":[{"embeddable":true,"href":"https:\/\/www.mpal.mp.br\/index.php?rest_route=\/wp\/v2\/media\/12928"}],"wp:attachment":[{"href":"https:\/\/www.mpal.mp.br\/index.php?rest_route=%2Fwp%2Fv2%2Fmedia&parent=12930"}],"wp:term":[{"taxonomy":"category","embeddable":true,"href":"https:\/\/www.mpal.mp.br\/index.php?rest_route=%2Fwp%2Fv2%2Fcategories&post=12930"},{"taxonomy":"post_tag","embeddable":true,"href":"https:\/\/www.mpal.mp.br\/index.php?rest_route=%2Fwp%2Fv2%2Ftags&post=12930"}],"curies":[{"name":"wp","href":"https:\/\/api.w.org\/{rel}","templated":true}]}}