{"id":12927,"date":"2016-02-23T08:29:01","date_gmt":"2016-02-23T11:29:01","guid":{"rendered":"https:\/\/www.mpal.mp.br\/?p=12927"},"modified":"2022-07-20T08:34:05","modified_gmt":"2022-07-20T11:34:05","slug":"apos-parecer-da-10a-procuradoria-de-justica-civel-tj-al-encaminha-processo-contra-ex-prefeito-de-piranhas-para-judiciario-federal","status":"publish","type":"post","link":"https:\/\/www.mpal.mp.br\/?p=12927","title":{"rendered":"Ap\u00f3s parecer da 10\u00aa Procuradoria de Justi\u00e7a C\u00edvel, TJ\/AL encaminha processo contra ex-prefeito de Piranhas para Judici\u00e1rio Federal"},"content":{"rendered":"<p style=\"text-align: justify;\"><span style=\"font-size: 14pt;\">A 3\u00aa C\u00e2mara C\u00edvel do Tribunal de Justi\u00e7a do Estado de Alagoas (TJ\/AL) acompanhou o parecer da 10\u00aa Procuradoria de Justi\u00e7a C\u00edvel e reconheceu a incompet\u00eancia do Judici\u00e1rio Estadual para julgar den\u00fancia de improbidade administrativa em rela\u00e7\u00e3o a recursos federais durante a gest\u00e3o do ex-prefeito de Piranhas, Dante Alighieri Salatiel de Alencar Bezerra de Menezes. O gestor foi alvo de decis\u00e3o do Ju\u00edzo da Vara \u00danica da Comarca do Munic\u00edpio em 2014 e entrou com um agravo de instrumento, com pedido de efeito suspensivo, contra a senten\u00e7a.<\/span><\/p>\n<p style=\"text-align: justify;\"><span style=\"font-size: 14pt;\">Tal como se manifestou o Minist\u00e9rio P\u00fablico do Estado de Alagoas, os desembargadores entenderam que o objeto da a\u00e7\u00e3o por ato de improbidade administrativa ajuizada pela pr\u00f3pria Fazenda P\u00fablica Municipal de Piranhas \u00e9 de compet\u00eancia do Judici\u00e1rio Federal. Isso porque as supostas irregularidades teriam ocorrido sobre recursos oriundos de institui\u00e7\u00f5es vinculadas \u00e0 Uni\u00e3o, como a Caixa Econ\u00f4mica Federal, Instituto Nacional do Seguro Social (INSS) e Fundo de Manuten\u00e7\u00e3o e Desenvolvimento da Educa\u00e7\u00e3o B\u00e1sica e de Valoriza\u00e7\u00e3o dos Profissionais da Educa\u00e7\u00e3o (Fundeb).<\/span><\/p>\n<p style=\"text-align: justify;\"><span style=\"font-size: 14pt;\">Foi a 10\u00aa Procuradoria de Justi\u00e7a C\u00edvel que, no estudo para seu manifesto, observou a complementa\u00e7\u00e3o da Uni\u00e3o para os gastos com do Fundeb em Piranhas, a partir dos dados fornecidos pelo Tesouro Nacional. \u201cDestaca-se, dessa forma, somente durante os dois anos auditados, 2013 e 2014, a participa\u00e7\u00e3o da Uni\u00e3o em R$ 6.124.114,13, a t\u00edtulo de complementa\u00e7\u00e3o das verbas do Fundeb do Munic\u00edpio de Piranhas\u201d, ressaltou a procuradora de Justi\u00e7a Denise Guimar\u00e3es de Oliveira. A pesquisa foi significativa para a compreens\u00e3o de compet\u00eancia do Judici\u00e1rio Federal sobre a mat\u00e9ria, uma vez que nem o agravante, nem o relator do processo tinham conhecimento da informa\u00e7\u00e3o.<\/span><\/p>\n<p style=\"text-align: justify;\"><span style=\"font-size: 14pt;\"><strong>M\u00e9rito<\/strong><\/span><\/p>\n<p style=\"text-align: justify;\"><span style=\"font-size: 14pt;\">Ao contr\u00e1rio do que pediu Dante Alighieri, o processo n\u00e3o ser\u00e1 extinto, mas sim encaminhado ao Judici\u00e1rio Federal, esgotando assim a quest\u00e3o preliminar. No entanto, em rela\u00e7\u00e3o ao m\u00e9rito do procedimento, a procuradora de Justi\u00e7a deu provimento parcial do agravo, parecer que foi acompanhado pelo Tribunal de Justi\u00e7a do Estado de Alagoas, com a anula\u00e7\u00e3o dos atos decis\u00f3rios do Ju\u00edzo da Vara \u00danica da Comarca de Piranhas, que havia determinado o bloqueio das contas banc\u00e1rias do ex-prefeito.<\/span><\/p>\n<p style=\"text-align: justify;\"><span style=\"font-size: 14pt;\">\u201cO Minist\u00e9rio P\u00fablico Estadual manifesta-se pela acolhida da preliminar suscitada, no sentido de competir \u00e0 Justi\u00e7a Federal o processamento do feito; no m\u00e9rito, pelo parcial provimento do agravo, para desbloquear as quantias comprovadamente de natureza salarial, e afastar o argumento de inexist\u00eancia de provas apta a comprovar a improbidade administrativa\u201d, manifestou a titular da 10\u00aa Procuradoria de Justi\u00e7a C\u00edvel.<\/span><\/p>\n<p style=\"text-align: justify;\"><span style=\"font-size: 14pt;\">No que se refere ao argumento de inexist\u00eancia de provas para deflagra\u00e7\u00e3o de a\u00e7\u00e3o por ato de improbidade administrativa, a procuradora de Justi\u00e7a defendeu que ele fosse afastado porque, segundo o ordenamento jur\u00eddico vigente, basta haver ind\u00edcios suficientes da exist\u00eancia de irregularidades para os titulares da a\u00e7\u00e3o ajuiz\u00e1-la.<\/span><\/p>\n","protected":false},"excerpt":{"rendered":"<p> [&hellip;]<\/p>\n","protected":false},"author":4,"featured_media":12928,"comment_status":"open","ping_status":"open","sticky":false,"template":"","format":"standard","meta":{"om_disable_all_campaigns":false,"_monsterinsights_skip_tracking":false,"_monsterinsights_sitenote_active":false,"_monsterinsights_sitenote_note":"","_monsterinsights_sitenote_category":0,"_uf_show_specific_survey":0,"_uf_disable_surveys":false,"footnotes":""},"categories":[2],"tags":[],"class_list":["post-12927","post","type-post","status-publish","format-standard","has-post-thumbnail","hentry","category-not_mpal"],"aioseo_notices":[],"_links":{"self":[{"href":"https:\/\/www.mpal.mp.br\/index.php?rest_route=\/wp\/v2\/posts\/12927","targetHints":{"allow":["GET"]}}],"collection":[{"href":"https:\/\/www.mpal.mp.br\/index.php?rest_route=\/wp\/v2\/posts"}],"about":[{"href":"https:\/\/www.mpal.mp.br\/index.php?rest_route=\/wp\/v2\/types\/post"}],"author":[{"embeddable":true,"href":"https:\/\/www.mpal.mp.br\/index.php?rest_route=\/wp\/v2\/users\/4"}],"replies":[{"embeddable":true,"href":"https:\/\/www.mpal.mp.br\/index.php?rest_route=%2Fwp%2Fv2%2Fcomments&post=12927"}],"version-history":[{"count":1,"href":"https:\/\/www.mpal.mp.br\/index.php?rest_route=\/wp\/v2\/posts\/12927\/revisions"}],"predecessor-version":[{"id":12929,"href":"https:\/\/www.mpal.mp.br\/index.php?rest_route=\/wp\/v2\/posts\/12927\/revisions\/12929"}],"wp:featuredmedia":[{"embeddable":true,"href":"https:\/\/www.mpal.mp.br\/index.php?rest_route=\/wp\/v2\/media\/12928"}],"wp:attachment":[{"href":"https:\/\/www.mpal.mp.br\/index.php?rest_route=%2Fwp%2Fv2%2Fmedia&parent=12927"}],"wp:term":[{"taxonomy":"category","embeddable":true,"href":"https:\/\/www.mpal.mp.br\/index.php?rest_route=%2Fwp%2Fv2%2Fcategories&post=12927"},{"taxonomy":"post_tag","embeddable":true,"href":"https:\/\/www.mpal.mp.br\/index.php?rest_route=%2Fwp%2Fv2%2Ftags&post=12927"}],"curies":[{"name":"wp","href":"https:\/\/api.w.org\/{rel}","templated":true}]}}