{"id":12924,"date":"2016-11-01T08:26:19","date_gmt":"2016-11-01T10:26:19","guid":{"rendered":"https:\/\/www.mpal.mp.br\/?p=12924"},"modified":"2022-07-20T08:28:55","modified_gmt":"2022-07-20T11:28:55","slug":"coordenacao-da-procuradoria-de-justica-civel-convoca-eleicao-para-coordenador-e-substituto-do-orgao","status":"publish","type":"post","link":"https:\/\/www.mpal.mp.br\/?p=12924","title":{"rendered":"Coordena\u00e7\u00e3o da Procuradoria de Justi\u00e7a C\u00edvel convoca elei\u00e7\u00e3o para coordenador e substituto do \u00f3rg\u00e3o"},"content":{"rendered":"<p style=\"text-align: justify;\"><span style=\"font-size: 14pt;\">O coordenador em exerc\u00edcio da Procuradoria de Justi\u00e7a C\u00edvel, procurador de Justi\u00e7a Marcos M\u00e9ro, convocou, nesta ter\u00e7a-feira (1\u00ba), os integrantes do \u00f3rg\u00e3o para a elei\u00e7\u00e3o dos futuros respons\u00e1veis pelos servi\u00e7os administrativos da Procuradoria, como disp\u00f5e o inciso I do artigo 19 da Lei Complementar n\u00ba 15\/96 (Lei Org\u00e2nica do Minist\u00e9rio P\u00fablico do Estado de Alagoas).<\/span><\/p>\n<p style=\"text-align: justify;\"><span style=\"font-size: 14pt;\">O pleito acontecer\u00e1 na pr\u00f3xima segunda-feira (7), na sede do Minist\u00e9rio P\u00fablico, na sala das sess\u00f5es dos \u00d3rg\u00e3os Colegiados (4\u00ba andar), com in\u00edcio ap\u00f3s a reuni\u00e3o extraordin\u00e1ria do Col\u00e9gio de Procuradores de Justi\u00e7a designada para a mesma data.<\/span><\/p>\n<p style=\"text-align: justify;\"><span style=\"font-size: 14pt;\">Na oportunidade, ser\u00e3o escolhidos o coordenador e substituto do \u00f3rg\u00e3o, que cumprir\u00e3o um mandato de um ano. As inscri\u00e7\u00f5es dos candidatos ocorrer\u00e3o depois da abertura dos trabalhos.<\/span><\/p>\n","protected":false},"excerpt":{"rendered":"<p> [&hellip;]<\/p>\n","protected":false},"author":4,"featured_media":12925,"comment_status":"open","ping_status":"open","sticky":false,"template":"","format":"standard","meta":{"om_disable_all_campaigns":false,"_monsterinsights_skip_tracking":false,"_monsterinsights_sitenote_active":false,"_monsterinsights_sitenote_note":"","_monsterinsights_sitenote_category":0,"_uf_show_specific_survey":0,"_uf_disable_surveys":false,"footnotes":""},"categories":[2],"tags":[],"class_list":["post-12924","post","type-post","status-publish","format-standard","has-post-thumbnail","hentry","category-not_mpal"],"aioseo_notices":[],"_links":{"self":[{"href":"https:\/\/www.mpal.mp.br\/index.php?rest_route=\/wp\/v2\/posts\/12924","targetHints":{"allow":["GET"]}}],"collection":[{"href":"https:\/\/www.mpal.mp.br\/index.php?rest_route=\/wp\/v2\/posts"}],"about":[{"href":"https:\/\/www.mpal.mp.br\/index.php?rest_route=\/wp\/v2\/types\/post"}],"author":[{"embeddable":true,"href":"https:\/\/www.mpal.mp.br\/index.php?rest_route=\/wp\/v2\/users\/4"}],"replies":[{"embeddable":true,"href":"https:\/\/www.mpal.mp.br\/index.php?rest_route=%2Fwp%2Fv2%2Fcomments&post=12924"}],"version-history":[{"count":1,"href":"https:\/\/www.mpal.mp.br\/index.php?rest_route=\/wp\/v2\/posts\/12924\/revisions"}],"predecessor-version":[{"id":12926,"href":"https:\/\/www.mpal.mp.br\/index.php?rest_route=\/wp\/v2\/posts\/12924\/revisions\/12926"}],"wp:featuredmedia":[{"embeddable":true,"href":"https:\/\/www.mpal.mp.br\/index.php?rest_route=\/wp\/v2\/media\/12925"}],"wp:attachment":[{"href":"https:\/\/www.mpal.mp.br\/index.php?rest_route=%2Fwp%2Fv2%2Fmedia&parent=12924"}],"wp:term":[{"taxonomy":"category","embeddable":true,"href":"https:\/\/www.mpal.mp.br\/index.php?rest_route=%2Fwp%2Fv2%2Fcategories&post=12924"},{"taxonomy":"post_tag","embeddable":true,"href":"https:\/\/www.mpal.mp.br\/index.php?rest_route=%2Fwp%2Fv2%2Ftags&post=12924"}],"curies":[{"name":"wp","href":"https:\/\/api.w.org\/{rel}","templated":true}]}}