{"id":12767,"date":"2013-06-12T08:21:51","date_gmt":"2013-06-12T11:21:51","guid":{"rendered":"https:\/\/www.mpal.mp.br\/?p=12767"},"modified":"2022-07-19T08:26:46","modified_gmt":"2022-07-19T11:26:46","slug":"em-audiencia-publica-mpe-defende-melhoria-no-transporte-publico-e-reducao-de-tarifa","status":"publish","type":"post","link":"https:\/\/www.mpal.mp.br\/?p=12767","title":{"rendered":"Em audi\u00eancia p\u00fablica, MPE defende melhoria no transporte p\u00fablico e redu\u00e7\u00e3o de tarifa"},"content":{"rendered":"<p style=\"text-align: justify;\"><span style=\"font-size: 14pt;\">A tarifa de \u00f4nibus vai continuar custando R$ 2,30, pelo menos, at\u00e9 o pr\u00f3ximo dia 01. Em audi\u00eancia que aconteceu na manh\u00e3 desta quarta-feira (12), no Tribunal de Justi\u00e7a de Alagoas, Minist\u00e9rio P\u00fablico Estadual, Poder Judici\u00e1rio, Superintend\u00eancia Municipal de Transporte e Tr\u00e2nsito (SMTT) e Transpal discutiram o valor da passagem, os elementos que levaram as empresas a pedir o reajuste e a qualidade do transporte p\u00fablico em Macei\u00f3. Ficou decidido que a Prefeitura vai estudar a planilha apresentada pela Transpal e apresentar uma avalia\u00e7\u00e3o a respeito do documento. O MPE defende a manuten\u00e7\u00e3o da tarifa durante o tempo em que os empres\u00e1rios n\u00e3o puderem melhorar a qualidade do servi\u00e7o prestado \u00e0 popula\u00e7\u00e3o.<\/span><\/p>\n<p style=\"text-align: justify;\"><span style=\"font-size: 14pt;\">\u201cN\u00f3s participamos da reuni\u00e3o enquanto fiscais da lei. Sabemos que os custos para a manuten\u00e7\u00e3o do transporte p\u00fablico variam por conta de uma s\u00e9rie de fatores, entretanto, o consumidor n\u00e3o pode pagar mais por um servi\u00e7o que \u00e9 ofertado com limita\u00e7\u00f5es. Por isso as empresas precisam cumprir as determina\u00e7\u00f5es legais. O que o Minist\u00e9rio quer a melhoria do transporte com uma tarifa mais baixa\u201d, explicou a promotora da Fazenda P\u00fablica Municipal Fernanda Moreira.<\/span><\/p>\n<p style=\"text-align: justify;\"><span style=\"font-size: 14pt;\">De acordo com ela, o MP apoiou da decis\u00e3o da SMTT de pedir um prazo para analisar a planilha confeccionada pela Transpal que detalhe os gastos do servi\u00e7o de transporte coletivo. \u201cAs empresas alegam que a tarifa precisa ser reajustada porque os custos delas aumentaram consideravelmente e querem o valor de R$ 2,85. Entretanto, a Promotoria da Fazenda P\u00fablica Municipal tem um estudo t\u00e9cnico feito pela SMTT, ano passado, que diz que os empres\u00e1rios, mesmo com todas as despesas, podem cobrar uma passagem de R$ 2,10. Ent\u00e3o, precisamos saber qual dos dois documentos t\u00eam dados mais corretos e justos. Nossa posi\u00e7\u00e3o foi de apoio \u00e0 SMTT para que a Superintend\u00eancia possa analisar as novas informa\u00e7\u00f5es e, em seguida, dizer se o Munic\u00edpio concorda com os argumentos apresentados pela Transpal\u201d, detalhou a promotora.<\/span><\/p>\n<p style=\"text-align: justify;\"><span style=\"font-size: 14pt;\">Ainda segundo ela, a SMTT se comprometeu em analisar se h\u00e1 condi\u00e7\u00f5es da Prefeitura desonerar o Imposto Sobre Servi\u00e7os (ISS) que atualmente incide sobre o setor de transporte e aumentar a fiscaliza\u00e7\u00e3o contra os transportadores clandestinos. \u201cTamb\u00e9m ser\u00e1 avaliada a possibilidade da Superintend\u00eancia arcar com parte da gratuidade das passagens de \u00f4nibus. Tudo isso ser\u00e1 analisado pelo Munic\u00edpio e, at\u00e9 o dia 01 de julho, essa posi\u00e7\u00e3o ser\u00e1 dada ao desembargador James Magalh\u00e3es. Ele \u00e9 a autoridade que vai julgar o m\u00e9rito do agravo de instrumento interposto pela Transpal, que pede o reajuste na tarifa\u201d, acrescentou Fernanda Moureira.<\/span><\/p>\n<p style=\"text-align: justify;\"><span style=\"font-size: 14pt;\"><strong>Impasse<\/strong><\/span><\/p>\n<p style=\"text-align: justify;\"><span style=\"font-size: 14pt;\">Ano passado a Transpal solicitou \u00e0 Prefeitura autoriza\u00e7\u00e3o para o aumento da passagem de \u00f4nibus. O Munic\u00edpio negou o pedido, alegando que o reajuste da tarifa s\u00f3 poderia ser permitido ap\u00f3s a finaliza\u00e7\u00e3o do processo licitat\u00f3rio para a reformula\u00e7\u00e3o no sistema de transporte p\u00fablico municipal. Diante de tal negativa, as empresas judicializaram o pedido, mas, o aumento foi novamente desautorizado em 1\u00aa inst\u00e2ncia. Novamente a Transpal recorreu e interp\u00f4s um agravo de instrumento junto ao Tribunal de Justi\u00e7a. O recurso est\u00e1 em posse do desembargador James Magalh\u00e3es.<\/span><\/p>\n","protected":false},"excerpt":{"rendered":"<p> [&hellip;]<\/p>\n","protected":false},"author":4,"featured_media":12768,"comment_status":"open","ping_status":"open","sticky":false,"template":"","format":"standard","meta":{"om_disable_all_campaigns":false,"_monsterinsights_skip_tracking":false,"_monsterinsights_sitenote_active":false,"_monsterinsights_sitenote_note":"","_monsterinsights_sitenote_category":0,"_uf_show_specific_survey":0,"_uf_disable_surveys":false,"footnotes":""},"categories":[2],"tags":[],"class_list":["post-12767","post","type-post","status-publish","format-standard","has-post-thumbnail","hentry","category-not_mpal"],"aioseo_notices":[],"_links":{"self":[{"href":"https:\/\/www.mpal.mp.br\/index.php?rest_route=\/wp\/v2\/posts\/12767","targetHints":{"allow":["GET"]}}],"collection":[{"href":"https:\/\/www.mpal.mp.br\/index.php?rest_route=\/wp\/v2\/posts"}],"about":[{"href":"https:\/\/www.mpal.mp.br\/index.php?rest_route=\/wp\/v2\/types\/post"}],"author":[{"embeddable":true,"href":"https:\/\/www.mpal.mp.br\/index.php?rest_route=\/wp\/v2\/users\/4"}],"replies":[{"embeddable":true,"href":"https:\/\/www.mpal.mp.br\/index.php?rest_route=%2Fwp%2Fv2%2Fcomments&post=12767"}],"version-history":[{"count":1,"href":"https:\/\/www.mpal.mp.br\/index.php?rest_route=\/wp\/v2\/posts\/12767\/revisions"}],"predecessor-version":[{"id":12769,"href":"https:\/\/www.mpal.mp.br\/index.php?rest_route=\/wp\/v2\/posts\/12767\/revisions\/12769"}],"wp:featuredmedia":[{"embeddable":true,"href":"https:\/\/www.mpal.mp.br\/index.php?rest_route=\/wp\/v2\/media\/12768"}],"wp:attachment":[{"href":"https:\/\/www.mpal.mp.br\/index.php?rest_route=%2Fwp%2Fv2%2Fmedia&parent=12767"}],"wp:term":[{"taxonomy":"category","embeddable":true,"href":"https:\/\/www.mpal.mp.br\/index.php?rest_route=%2Fwp%2Fv2%2Fcategories&post=12767"},{"taxonomy":"post_tag","embeddable":true,"href":"https:\/\/www.mpal.mp.br\/index.php?rest_route=%2Fwp%2Fv2%2Ftags&post=12767"}],"curies":[{"name":"wp","href":"https:\/\/api.w.org\/{rel}","templated":true}]}}