{"id":12765,"date":"2013-06-19T08:15:28","date_gmt":"2013-06-19T11:15:28","guid":{"rendered":"https:\/\/www.mpal.mp.br\/?p=12765"},"modified":"2022-07-19T08:21:46","modified_gmt":"2022-07-19T11:21:46","slug":"promotoria-da-fazenda-publica-estadual-pede-interdicao-do-predio-do-antigo-banco-produban","status":"publish","type":"post","link":"https:\/\/www.mpal.mp.br\/?p=12765","title":{"rendered":"Promotoria da Fazenda P\u00fablica Estadual pede interdi\u00e7\u00e3o do pr\u00e9dio do antigo banco Produban"},"content":{"rendered":"<p style=\"text-align: justify;\"><span style=\"font-size: 14pt;\">O Minist\u00e9rio P\u00fablico do Estado de Alagoas pediu a interdi\u00e7\u00e3o de pr\u00e9dio do antigo banco Produban, localizado no Centro de Macei\u00f3, onde funcionam, atualmente, salas de v\u00e1rios \u00f3rg\u00e3os do governo do Estado e um posto de atendimento J\u00e1. A solicita\u00e7\u00e3o aconteceu depois de uma reuni\u00e3o onde o Corpo de Bombeiros Militar afirmou que o im\u00f3vel n\u00e3o tem projeto contra p\u00e2nico e de combate a inc\u00eandio em quase todos os seus andares, com exce\u00e7\u00e3o do t\u00e9rreo.<\/span><\/p>\n<p style=\"text-align: justify;\"><span style=\"font-size: 14pt;\">Divis\u00f3rias para salas, corrim\u00e3os e para-raios instalados de formas inadequadas, escadas de emerg\u00eancia em m\u00e1s condi\u00e7\u00f5es, portas para sa\u00eddas de emerg\u00eancias bloqueadas, hidrantes quebrados e com mangueiras vencidas, bomba de pressuriza\u00e7\u00e3o com rede el\u00e9trica apresentando altera\u00e7\u00e3o. Esses foram apenas alguns dos problemas apontados pelo Corpo de Bombeiros depois de uma vistoria realizada na \u00faltima segunda-feira (17) no pr\u00e9dio do Produban, antigo banco do estado de Alagoas. Dos oito andares do edif\u00edcio, sete, a partir do 1\u00ba piso, dever\u00e3o ser interditados a qualquer momento. Isso foi o que pediu o promotor de Justi\u00e7a Jamyl Gon\u00e7alves Barbosa, titular da Promotoria da Fazenda P\u00fablica Estadual.<\/span><\/p>\n<p style=\"text-align: justify;\"><span style=\"font-size: 14pt;\">\u201cFomos provocados pelas entidades que congregam os servidores da Secretaria de Estado da Fazenda, que, atrav\u00e9s de uma representa\u00e7\u00e3o, denunciou a prec\u00e1ria infraestrutura do pr\u00e9dio. Ent\u00e3o, na \u00faltima sexta-feira (13), pedimos para que os bombeiros fizessem uma avalia\u00e7\u00e3o do local, informassem-nos sobre as condi\u00e7\u00f5es no im\u00f3vel e, ontem (ter\u00e7a-feira), fomos alertados que elas s\u00e3o bastante negativas. Diante de tal constata\u00e7\u00e3o, que foi mostrada igualmente para os representantes de todos os \u00f3rg\u00e3os que est\u00e3o l\u00e1 abrigados, recomendamos a evacua\u00e7\u00e3o imediata do edif\u00edcio\u201d, explicou Jamyl Gon\u00e7alves Barbosa.<\/span><\/p>\n<p style=\"text-align: justify;\"><span style=\"font-size: 14pt;\">De acordo com o promotor de Justi\u00e7a, somente o andar t\u00e9rreo n\u00e3o ser\u00e1 interditado. \u201cEsse \u00e9 o piso onde est\u00e1 funcionando o posto de atendimento J\u00e1 que ofertas servi\u00e7os de \u00f3rg\u00e3os como a Casal, Ceal e Detran\/AL. Os bombeiros permitiram a continuidade deles e n\u00e3o apontou risco no local. Entretanto, os demais andares dever\u00e3o ser desocupados o mais r\u00e1pido poss\u00edvel. Neles, existem salas ocupadas pela Sefaz, Corregedoria da Pol\u00edcia Militar, Uncisal e Segesp\u201d, detalhou.<\/span><\/p>\n<p style=\"text-align: justify;\"><span style=\"font-size: 14pt;\">Caber\u00e1 ao Corpo de Bombeiros estabelecer a data para a interdi\u00e7\u00e3o do im\u00f3vel. \u201cOptamos por essa recomendamos porque estamos preocupados com a integridade f\u00edsica dos trabalhadores e, por isso, defendemos que o Estado fa\u00e7a uma reforma emergencial no pr\u00e9dio e o adeque \u00e0s condi\u00e7\u00f5es de seguran\u00e7a recomendadas pelos bombeiros\u201d, disse o promotor Jamyl Gon\u00e7alves Barbosa.<\/span><\/p>\n","protected":false},"excerpt":{"rendered":"<p> [&hellip;]<\/p>\n","protected":false},"author":4,"featured_media":8732,"comment_status":"open","ping_status":"open","sticky":false,"template":"","format":"standard","meta":{"om_disable_all_campaigns":false,"_monsterinsights_skip_tracking":false,"_monsterinsights_sitenote_active":false,"_monsterinsights_sitenote_note":"","_monsterinsights_sitenote_category":0,"_uf_show_specific_survey":0,"_uf_disable_surveys":false,"footnotes":""},"categories":[2],"tags":[],"class_list":["post-12765","post","type-post","status-publish","format-standard","has-post-thumbnail","hentry","category-not_mpal"],"aioseo_notices":[],"_links":{"self":[{"href":"https:\/\/www.mpal.mp.br\/index.php?rest_route=\/wp\/v2\/posts\/12765","targetHints":{"allow":["GET"]}}],"collection":[{"href":"https:\/\/www.mpal.mp.br\/index.php?rest_route=\/wp\/v2\/posts"}],"about":[{"href":"https:\/\/www.mpal.mp.br\/index.php?rest_route=\/wp\/v2\/types\/post"}],"author":[{"embeddable":true,"href":"https:\/\/www.mpal.mp.br\/index.php?rest_route=\/wp\/v2\/users\/4"}],"replies":[{"embeddable":true,"href":"https:\/\/www.mpal.mp.br\/index.php?rest_route=%2Fwp%2Fv2%2Fcomments&post=12765"}],"version-history":[{"count":1,"href":"https:\/\/www.mpal.mp.br\/index.php?rest_route=\/wp\/v2\/posts\/12765\/revisions"}],"predecessor-version":[{"id":12766,"href":"https:\/\/www.mpal.mp.br\/index.php?rest_route=\/wp\/v2\/posts\/12765\/revisions\/12766"}],"wp:featuredmedia":[{"embeddable":true,"href":"https:\/\/www.mpal.mp.br\/index.php?rest_route=\/wp\/v2\/media\/8732"}],"wp:attachment":[{"href":"https:\/\/www.mpal.mp.br\/index.php?rest_route=%2Fwp%2Fv2%2Fmedia&parent=12765"}],"wp:term":[{"taxonomy":"category","embeddable":true,"href":"https:\/\/www.mpal.mp.br\/index.php?rest_route=%2Fwp%2Fv2%2Fcategories&post=12765"},{"taxonomy":"post_tag","embeddable":true,"href":"https:\/\/www.mpal.mp.br\/index.php?rest_route=%2Fwp%2Fv2%2Ftags&post=12765"}],"curies":[{"name":"wp","href":"https:\/\/api.w.org\/{rel}","templated":true}]}}