{"id":12760,"date":"2013-07-08T08:10:27","date_gmt":"2013-07-08T11:10:27","guid":{"rendered":"https:\/\/www.mpal.mp.br\/?p=12760"},"modified":"2022-07-19T08:13:20","modified_gmt":"2022-07-19T11:13:20","slug":"ministerio-publico-recebe-representantes-da-frente-pelo-passe-livre-em-maceio","status":"publish","type":"post","link":"https:\/\/www.mpal.mp.br\/?p=12760","title":{"rendered":"Minist\u00e9rio P\u00fablico recebe representantes da Frente pelo Passe Livre em Macei\u00f3"},"content":{"rendered":"<div class=\"content-wrapper-1\">\n<div class=\"content-wrapper-2\">\n<div id=\"mainmiddle\">\n<div id=\"mainmiddle-expand\">\n<div id=\"content\">\n<div id=\"content-shift\">\n<div class=\"floatbox\">\n<div class=\"joomla \">\n<div class=\"article\">\n<div id=\"articlepxfontsize1\">\n<p style=\"text-align: justify;\" align=\"JUSTIFY\"><span style=\"font-size: 14pt;\">O procurador-geral de Justi\u00e7a, S\u00e9rgio Juc\u00e1, recebeu na tarde desta segunda-feira (8) representantes da Frente Pelo Passe Livre em Macei\u00f3, que solicitavam do Minist\u00e9rio P\u00fablico do Estado de Alagoas (MP\/AL) uma a\u00e7\u00e3o contra a medida cautelar respons\u00e1vel pelo aumento da passagem de R$ 2,10 para R$ 2,30 em 2011. O procedimento do Tribunal de Justi\u00e7a foi assinado pelo desembargador Washington Lu\u00eds, ap\u00f3s uma a\u00e7\u00e3o das empresas de transporte coletivo da capital. Antes da medida cautelar, o juiz Ygor Figueir\u00eado havia rejeitado, em a\u00e7\u00e3o original, o aumento da passagem.<\/span><\/p>\n<p style=\"text-align: justify;\" align=\"JUSTIFY\"><span style=\"font-size: 14pt;\">A Frente composta por movimentos sociais, sindicatos, entidades estudantis e partidos pol\u00edticos entregaram um documento ao procurador-geral de Justi\u00e7a com dados que apresentam a tarifa de Macei\u00f3 como uma das mais caras do pa\u00eds, sendo inclusive a segunda de maior valor entre as capitais da regi\u00e3o nordeste. J\u00e1 a remunera\u00e7\u00e3o dos trabalhadores rodovi\u00e1rios seria uma das mais baixas do Brasil, a frente apenas de cidades como S\u00e3o Lu\u00eds e Bel\u00e9m.<\/span><\/p>\n<p style=\"text-align: justify;\" align=\"JUSTIFY\"><span style=\"font-size: 14pt;\">Ap\u00f3s escutar a reivindica\u00e7\u00e3o do movimento, o chefe do Minist\u00e9rio P\u00fablico Estadual disse que a decis\u00e3o sobre a suspens\u00e3o de medida cautelar compete agora ao pleno do Tribunal de Justi\u00e7a. \u201cH\u00e1 alguns meses entramos com um agravo regimental para que o pleno cassasse a decis\u00e3o monocr\u00e1tica do desembargador Washington Lu\u00eds. O Minist\u00e9rio P\u00fablico entende que a decis\u00e3o do juiz Ygor Figueir\u00eado deve ser considerada, inclusive por ele ter proferido senten\u00e7a de m\u00e9rito da quest\u00e3o logo ap\u00f3s o deferimento da medida cautelar. Esta medida nada mais \u00e9 que uma decis\u00e3o tempor\u00e1ria como o pr\u00f3prio nome sugere e sem qualquer consist\u00eancia jur\u00eddica, al\u00e9m de atentar contra os interesses dos usu\u00e1rios\u201d, explicou Juc\u00e1.<\/span><\/p>\n<p style=\"text-align: justify;\" align=\"JUSTIFY\"><span style=\"font-size: 14pt;\"><strong>Apoio \u00e0 Frente<\/strong><\/span><\/p>\n<p style=\"text-align: justify;\" align=\"JUSTIFY\"><span style=\"font-size: 14pt;\">Juc\u00e1 tamb\u00e9m fez quest\u00e3o de ressaltar que a Frente pelo Passe Livre em Macei\u00f3 tem o apoio do Minist\u00e9rio P\u00fablico na luta contra o aumento abusivo da tarifa de \u00f4nibus. \u201cA Procuradoria Geral de Justi\u00e7a e a Promotoria de Justi\u00e7a Coletiva da Fazenda Municipal, por meio da promotora Fernanda Moreira, v\u00eam acompanhando todos as discuss\u00f5es relacionadas ao transporte coletivo em Macei\u00f3. Infelizmente, durante o julgamento da medida cautelar, o regimento interno do Tribunal de Justi\u00e7a impede qualquer sustenta\u00e7\u00e3o oral de ambas as partes. Mas seguiremos na defesa dos interesses coletivos, inclusive, na fiscaliza\u00e7\u00e3o do processo licitat\u00f3rio dos servi\u00e7os de transporte urbano quando o edital for lan\u00e7ado\u201d, afirmou o procurador.<\/span><\/p>\n<\/div>\n<\/div>\n<\/div>\n<\/div>\n<\/div>\n<\/div>\n<\/div>\n<\/div>\n<\/div>\n<\/div>\n<div class=\"content-wrapper-b1\">\n<div class=\"content-wrapper-b2\" style=\"text-align: justify;\"><\/div>\n<\/div>\n","protected":false},"excerpt":{"rendered":"<p> [&hellip;]<\/p>\n","protected":false},"author":4,"featured_media":12761,"comment_status":"open","ping_status":"open","sticky":false,"template":"","format":"standard","meta":{"om_disable_all_campaigns":false,"_monsterinsights_skip_tracking":false,"_monsterinsights_sitenote_active":false,"_monsterinsights_sitenote_note":"","_monsterinsights_sitenote_category":0,"_uf_show_specific_survey":0,"_uf_disable_surveys":false,"footnotes":""},"categories":[2],"tags":[],"class_list":["post-12760","post","type-post","status-publish","format-standard","has-post-thumbnail","hentry","category-not_mpal"],"aioseo_notices":[],"_links":{"self":[{"href":"https:\/\/www.mpal.mp.br\/index.php?rest_route=\/wp\/v2\/posts\/12760","targetHints":{"allow":["GET"]}}],"collection":[{"href":"https:\/\/www.mpal.mp.br\/index.php?rest_route=\/wp\/v2\/posts"}],"about":[{"href":"https:\/\/www.mpal.mp.br\/index.php?rest_route=\/wp\/v2\/types\/post"}],"author":[{"embeddable":true,"href":"https:\/\/www.mpal.mp.br\/index.php?rest_route=\/wp\/v2\/users\/4"}],"replies":[{"embeddable":true,"href":"https:\/\/www.mpal.mp.br\/index.php?rest_route=%2Fwp%2Fv2%2Fcomments&post=12760"}],"version-history":[{"count":1,"href":"https:\/\/www.mpal.mp.br\/index.php?rest_route=\/wp\/v2\/posts\/12760\/revisions"}],"predecessor-version":[{"id":12762,"href":"https:\/\/www.mpal.mp.br\/index.php?rest_route=\/wp\/v2\/posts\/12760\/revisions\/12762"}],"wp:featuredmedia":[{"embeddable":true,"href":"https:\/\/www.mpal.mp.br\/index.php?rest_route=\/wp\/v2\/media\/12761"}],"wp:attachment":[{"href":"https:\/\/www.mpal.mp.br\/index.php?rest_route=%2Fwp%2Fv2%2Fmedia&parent=12760"}],"wp:term":[{"taxonomy":"category","embeddable":true,"href":"https:\/\/www.mpal.mp.br\/index.php?rest_route=%2Fwp%2Fv2%2Fcategories&post=12760"},{"taxonomy":"post_tag","embeddable":true,"href":"https:\/\/www.mpal.mp.br\/index.php?rest_route=%2Fwp%2Fv2%2Ftags&post=12760"}],"curies":[{"name":"wp","href":"https:\/\/api.w.org\/{rel}","templated":true}]}}