{"id":12758,"date":"2013-07-25T08:08:13","date_gmt":"2013-07-25T11:08:13","guid":{"rendered":"https:\/\/www.mpal.mp.br\/?p=12758"},"modified":"2022-07-19T08:10:21","modified_gmt":"2022-07-19T11:10:21","slug":"mpal-convoca-audiencia-para-garantir-nomeacao-de-servidores-da-saude","status":"publish","type":"post","link":"https:\/\/www.mpal.mp.br\/?p=12758","title":{"rendered":"MPAL convoca audi\u00eancia para garantir nomea\u00e7\u00e3o de servidores da Sa\u00fade"},"content":{"rendered":"<p style=\"text-align: justify;\"><span style=\"font-size: 14pt;\">As promotoras de Justi\u00e7a Fernanda Moreira e Micheline Ten\u00f3rio receber\u00e3o nesta sexta-feira (26), a partir de 10h30, a Secretaria Municipal de Sa\u00fade, a Procuradoria Geral do Munic\u00edpio e o Minist\u00e9rio P\u00fablico de Contas para firmar um Termo de Ajustamento de Conduta (TAC) sobre a nomea\u00e7\u00e3o de servidores aprovados no concurso mais recente da Secretaria. A audi\u00eancia ocorrer\u00e1 na sala da Ouvidoria do Minist\u00e9rio P\u00fablico do Estado de Alagoas, que fica no pr\u00e9dio-sede da Procuradoria Geral de Justi\u00e7a, no Po\u00e7o.<\/span><\/p>\n<p style=\"text-align: justify;\"><span style=\"font-size: 14pt;\">O Minist\u00e9rio P\u00fablico Estadual identificou que as vagas oferecidas s\u00e3o insuficientes para atender toda a demanda de pessoal que hoje presta servi\u00e7o por comiss\u00e3o na \u00e1rea de sa\u00fade do Munic\u00edpio. Junto aos \u00f3rg\u00e3os p\u00fablicos convidados para a audi\u00eancia, ser\u00e3o discutidas solu\u00e7\u00f5es para a regulariza\u00e7\u00e3o dos trabalhadores, com possibilidade de cria\u00e7\u00e3o de novas vagas por lei. Devem participar do encontro o secret\u00e1rio Municipal de Sa\u00fade, Jo\u00e3o Marcelo Lyra; o procurador-geral do Munic\u00edpio, Ricardo Wanderley; e os procuradores do MP de Contas Rafael Alc\u00e2ntara e Enio Andrade Pimenta.<\/span><\/p>\n","protected":false},"excerpt":{"rendered":"<p> [&hellip;]<\/p>\n","protected":false},"author":4,"featured_media":2857,"comment_status":"open","ping_status":"open","sticky":false,"template":"","format":"standard","meta":{"om_disable_all_campaigns":false,"_monsterinsights_skip_tracking":false,"_monsterinsights_sitenote_active":false,"_monsterinsights_sitenote_note":"","_monsterinsights_sitenote_category":0,"_uf_show_specific_survey":0,"_uf_disable_surveys":false,"footnotes":""},"categories":[2],"tags":[],"class_list":["post-12758","post","type-post","status-publish","format-standard","has-post-thumbnail","hentry","category-not_mpal"],"aioseo_notices":[],"_links":{"self":[{"href":"https:\/\/www.mpal.mp.br\/index.php?rest_route=\/wp\/v2\/posts\/12758","targetHints":{"allow":["GET"]}}],"collection":[{"href":"https:\/\/www.mpal.mp.br\/index.php?rest_route=\/wp\/v2\/posts"}],"about":[{"href":"https:\/\/www.mpal.mp.br\/index.php?rest_route=\/wp\/v2\/types\/post"}],"author":[{"embeddable":true,"href":"https:\/\/www.mpal.mp.br\/index.php?rest_route=\/wp\/v2\/users\/4"}],"replies":[{"embeddable":true,"href":"https:\/\/www.mpal.mp.br\/index.php?rest_route=%2Fwp%2Fv2%2Fcomments&post=12758"}],"version-history":[{"count":1,"href":"https:\/\/www.mpal.mp.br\/index.php?rest_route=\/wp\/v2\/posts\/12758\/revisions"}],"predecessor-version":[{"id":12759,"href":"https:\/\/www.mpal.mp.br\/index.php?rest_route=\/wp\/v2\/posts\/12758\/revisions\/12759"}],"wp:featuredmedia":[{"embeddable":true,"href":"https:\/\/www.mpal.mp.br\/index.php?rest_route=\/wp\/v2\/media\/2857"}],"wp:attachment":[{"href":"https:\/\/www.mpal.mp.br\/index.php?rest_route=%2Fwp%2Fv2%2Fmedia&parent=12758"}],"wp:term":[{"taxonomy":"category","embeddable":true,"href":"https:\/\/www.mpal.mp.br\/index.php?rest_route=%2Fwp%2Fv2%2Fcategories&post=12758"},{"taxonomy":"post_tag","embeddable":true,"href":"https:\/\/www.mpal.mp.br\/index.php?rest_route=%2Fwp%2Fv2%2Ftags&post=12758"}],"curies":[{"name":"wp","href":"https:\/\/api.w.org\/{rel}","templated":true}]}}