{"id":12756,"date":"2013-08-08T08:02:11","date_gmt":"2013-08-08T11:02:11","guid":{"rendered":"https:\/\/www.mpal.mp.br\/?p=12756"},"modified":"2022-07-19T08:08:09","modified_gmt":"2022-07-19T11:08:09","slug":"cnmp-arquiva-reclamacao-feita-pelo-ex-secretario-adriano-soares-e-diz-que-cecilia-carnauba-atuou-com-zelo-e-probidade","status":"publish","type":"post","link":"https:\/\/www.mpal.mp.br\/?p=12756","title":{"rendered":"CNMP arquiva reclama\u00e7\u00e3o feita pelo ex-secret\u00e1rio Adriano Soares e diz que Cec\u00edlia Carna\u00faba atuou com &#8216;zelo e probidade&#8217;"},"content":{"rendered":"<div class=\"content-wrapper-1\">\n<div class=\"content-wrapper-2\">\n<div id=\"mainmiddle\">\n<div id=\"mainmiddle-expand\">\n<div id=\"content\">\n<div id=\"content-shift\">\n<div class=\"floatbox\">\n<div class=\"joomla \">\n<div class=\"article\">\n<div id=\"articlepxfontsize1\">\n<p style=\"text-align: justify;\"><span style=\"font-size: 14pt;\">A not\u00edcia atendeu as expectativas do Minist\u00e9rio P\u00fablico Estadual de Alagoas. Depois de analisar a Reclama\u00e7\u00e3o Disciplinar n\u00ba 442\/2012-06, feita pelo ex-secret\u00e1rio de Estado da Educa\u00e7\u00e3o e do Esporte, Adriano Soares, contra a promotora de Justi\u00e7a Cec\u00edlia Carna\u00faba, no ano passado, o Conselho Nacional do Minist\u00e9rio P\u00fablico (CNMP) entendeu que a referida promotora atuou dentro das suas atribui\u00e7\u00f5es ao cobrar provid\u00eancias urgentes para a melhoria do ensino p\u00fablico em Alagoas e resolveu arquivar tal procedimento. A decis\u00e3o chegou \u00e0s m\u00e3os de Cec\u00edlia Carna\u00faba recentemente.<\/span><\/p>\n<p style=\"text-align: justify;\"><span style=\"font-size: 14pt;\">Na Reclama\u00e7\u00e3o Disciplinar formulada por Adriano Soares, ele alegou que a promotora de Justi\u00e7a estaria exercendo \u201catividade pol\u00edtico-partid\u00e1ria\u201d em afronta ao disposto no artigo n\u00ba 128 da Constitui\u00e7\u00e3o Federal, que Cec\u00edlia Carna\u00faba possuiria \u201cestreita rela\u00e7\u00e3o pol\u00edtica com os comandantes da Prefeitura de Macei\u00f3\u201d ano passado e que, a \u201catua\u00e7\u00e3o exagerada da promotora, bem como suas constantes apari\u00e7\u00f5es na m\u00eddia\u201d teria por objetivo \u201csua promo\u00e7\u00e3o pol\u00edtica, a fim de construir a sua imagem de paladina da justi\u00e7a e a imagem do ora requerente como agente \u00edmprobo\u201d.<\/span><\/p>\n<p style=\"text-align: justify;\"><span style=\"font-size: 14pt;\">Ap\u00f3s analisar todos os argumentos apresentados pelo ex-secret\u00e1rio estadual de Educa\u00e7\u00e3o e Esporte, o procurador regional da Rep\u00fablica Elton Ghersel, auxiliar da Corregedoria do CNMP, entendeu que, \u201ctoda narrativa (feita por Adriano Soares) foi carregada com adjetivos, para fazer parecer irregular uma conduta que, a rigor, nada demonstra de anormal&#8217; e que, nos procedimentos adotados por Cec\u00edlia Carna\u00faba contra o ex-gestor e a pasta comandada por ele, a promotora j\u00e1 \u201cdispunha de argumentos para ajuizamento de a\u00e7\u00e3o civil p\u00fablica\u201d.<\/span><\/p>\n<p style=\"text-align: justify;\"><span style=\"font-size: 14pt;\"><strong>Alega\u00e7\u00e3o de \u201cdesvio de poder\u201d<\/strong><\/span><\/p>\n<p style=\"text-align: justify;\"><span style=\"font-size: 14pt;\">O ex-secretario alegou que Cec\u00edlia Carna\u00faba estaria usando da fun\u00e7\u00e3o de integrante do Minist\u00e9rio P\u00fablico Estadual de Alagoas para fazer \u201cpol\u00edtica-partid\u00e1ria\u201d. Sobre isso, entendeu o CNMP: \u201cessa alega\u00e7\u00e3o consiste em mera ila\u00e7\u00e3o do representante\u201d. Segundo o Conselho, ela \u201ctem agido dentro das atribui\u00e7\u00f5es do seu cargo, n\u00e3o havendo nenhum fato que enseje a aplica\u00e7\u00e3o de san\u00e7\u00e3o disciplinar. Ali\u00e1s, maior parte dos fatos imputados \u00e0 reclamada foram praticados no \u00e2mbito do exerc\u00edcio da atividade fim do Minist\u00e9rio P\u00fablico \u2013 enviar of\u00edcios, requisitar informa\u00e7\u00f5es e apresentar recomenda\u00e7\u00f5es. A Constitui\u00e7\u00e3o, no artigo n\u00ba 127, inciso 1\u00b0, consagrou a independ\u00eancia funcional como um dos princ\u00edpios constitucionais do Minist\u00e9rio P\u00fablico. Por independ\u00eancia funcional deve-se entender o poder-dever de agir com liberdade de consci\u00eancia e segundo o ordenamento jur\u00eddico, sem inger\u00eancia de \u00f3rg\u00e3os superiores ou inst\u00e2ncias disciplinares em mat\u00e9rias relacionadas \u00e0s atribui\u00e7\u00f5es institucionais\u201d.<\/span><\/p>\n<p style=\"text-align: justify;\"><span style=\"font-size: 14pt;\">\u201cAs leis org\u00e2nicas dos Minist\u00e9rios P\u00fablicos imp\u00f5em aos membros do parquet deveres tais como desempenhar com zelo e probidade as suas fun\u00e7\u00f5es, adotar as provid\u00eancias cab\u00edveis em face das irregularidades de que tiver conhecimento, declarar-se suspeito ou impedido nos termos da lei etc. Na hip\u00f3tese em exame, entretanto, n\u00e3o h\u00e1 qualquer ind\u00edcio de irregularidade funcional. N\u00e3o configura infra\u00e7\u00e3o disciplinar a investiga\u00e7\u00e3o de ilicitudes em obras realizadas pela Secretaria de Educa\u00e7\u00e3o; bem como a expedi\u00e7\u00e3o de recomenda\u00e7\u00e3o ao reclamante para que adotasse provid\u00eancias para cessar as irregularidades encontradas em escolas estaduais durante as inspe\u00e7\u00f5es realizadas pelo 3\u00b0 Cargo da Promotoria de Justi\u00e7a da Fazenda P\u00fablica Estadual\u201d, diz a decis\u00e3o do procurador regional da Rep\u00fablica Elton Ghersel.<\/span><\/p>\n<p style=\"text-align: justify;\"><span style=\"font-size: 14pt;\">\u201cTampouco se infere falta disciplinar as entrevistas concedidas pela reclamada, nas quais relata as irregularidades encontradas nas escolas e outras identificadas em processo de dispensa de licita\u00e7\u00e3o celebrado pela Secretaria de Educa\u00e7\u00e3o e a empresa ABR Engenharia, que resultaram no ajuizamento de a\u00e7\u00e3o civil p\u00fablica por improbidade administrativa contra o secret\u00e1rio de Educa\u00e7\u00e3o. Tamb\u00e9m n\u00e3o houve a divulga\u00e7\u00e3o de qualquer fato acobertado por sigilo legal ou judicialmente decretado, e, tampouco, alus\u00e3o \u00e0 privacidade e intimidade dos r\u00e9us. Tudo o que fez a reclamada foi divulgar, objetiva e claramente, irregularidades apuradas e raz\u00f5es da propositura de a\u00e7\u00e3o civil por improbidade administrativa\u201d, completa o membro do CNMP.<\/span><\/p>\n<p style=\"text-align: justify;\"><span style=\"font-size: 14pt;\">Recebido o relat\u00f3rio, o corregedor nacional do Minist\u00e9rio P\u00fablico, Jeferson Luiz Pereira Coelho, fez a an\u00e1lise do documento e acolheu os fundamentos apresentados por Elton Ghersel e determinou o arquivamento da Reclama\u00e7\u00e3o. A decis\u00e3o dele est\u00e1 datada de 29 de abril deste ano.<\/span><\/p>\n<\/div>\n<\/div>\n<\/div>\n<\/div>\n<\/div>\n<\/div>\n<\/div>\n<\/div>\n<\/div>\n<\/div>\n<div class=\"content-wrapper-b1\">\n<div class=\"content-wrapper-b2\" style=\"text-align: justify;\"><\/div>\n<\/div>\n","protected":false},"excerpt":{"rendered":"<p> [&hellip;]<\/p>\n","protected":false},"author":4,"featured_media":12562,"comment_status":"open","ping_status":"open","sticky":false,"template":"","format":"standard","meta":{"om_disable_all_campaigns":false,"_monsterinsights_skip_tracking":false,"_monsterinsights_sitenote_active":false,"_monsterinsights_sitenote_note":"","_monsterinsights_sitenote_category":0,"_uf_show_specific_survey":0,"_uf_disable_surveys":false,"footnotes":""},"categories":[2],"tags":[],"class_list":["post-12756","post","type-post","status-publish","format-standard","has-post-thumbnail","hentry","category-not_mpal"],"aioseo_notices":[],"_links":{"self":[{"href":"https:\/\/www.mpal.mp.br\/index.php?rest_route=\/wp\/v2\/posts\/12756","targetHints":{"allow":["GET"]}}],"collection":[{"href":"https:\/\/www.mpal.mp.br\/index.php?rest_route=\/wp\/v2\/posts"}],"about":[{"href":"https:\/\/www.mpal.mp.br\/index.php?rest_route=\/wp\/v2\/types\/post"}],"author":[{"embeddable":true,"href":"https:\/\/www.mpal.mp.br\/index.php?rest_route=\/wp\/v2\/users\/4"}],"replies":[{"embeddable":true,"href":"https:\/\/www.mpal.mp.br\/index.php?rest_route=%2Fwp%2Fv2%2Fcomments&post=12756"}],"version-history":[{"count":1,"href":"https:\/\/www.mpal.mp.br\/index.php?rest_route=\/wp\/v2\/posts\/12756\/revisions"}],"predecessor-version":[{"id":12757,"href":"https:\/\/www.mpal.mp.br\/index.php?rest_route=\/wp\/v2\/posts\/12756\/revisions\/12757"}],"wp:featuredmedia":[{"embeddable":true,"href":"https:\/\/www.mpal.mp.br\/index.php?rest_route=\/wp\/v2\/media\/12562"}],"wp:attachment":[{"href":"https:\/\/www.mpal.mp.br\/index.php?rest_route=%2Fwp%2Fv2%2Fmedia&parent=12756"}],"wp:term":[{"taxonomy":"category","embeddable":true,"href":"https:\/\/www.mpal.mp.br\/index.php?rest_route=%2Fwp%2Fv2%2Fcategories&post=12756"},{"taxonomy":"post_tag","embeddable":true,"href":"https:\/\/www.mpal.mp.br\/index.php?rest_route=%2Fwp%2Fv2%2Ftags&post=12756"}],"curies":[{"name":"wp","href":"https:\/\/api.w.org\/{rel}","templated":true}]}}