{"id":12733,"date":"2020-05-18T11:59:08","date_gmt":"2020-05-18T14:59:08","guid":{"rendered":"https:\/\/www.mpal.mp.br\/?p=12733"},"modified":"2022-09-09T09:34:07","modified_gmt":"2022-09-09T12:34:07","slug":"pregao-eletronico-no-03-2020-registro-de-precos-da-contratacao-de-empresa-especializada-na-prestacao-de-servicos-de-links-de-acesso-compostos-por-link-dedicado-de-acesso-a-internet-e-links","status":"publish","type":"post","link":"https:\/\/www.mpal.mp.br\/?p=12733","title":{"rendered":"Preg\u00e3o Eletr\u00f4nico n\u00ba 03\/2020 \u2013 Registro de pre\u00e7os da contrata\u00e7\u00e3o de empresa especializada na presta\u00e7\u00e3o de servi\u00e7os de links de acesso, compostos por link dedicado de acesso \u00e0 internet e links ponto a ponto de interliga\u00e7\u00e3o para conex\u00e3o da Procuradoria-Geral"},"content":{"rendered":"<p><div class=\"fusion-fullwidth fullwidth-box fusion-builder-row-1 nonhundred-percent-fullwidth non-hundred-percent-height-scrolling\"  style='background-color: #ffffff;background-position: center center;background-repeat: no-repeat;padding-top:0px;padding-right:0px;padding-bottom:0px;padding-left:0px;'><div class=\"fusion-builder-row fusion-row \"><div  class=\"fusion-layout-column fusion_builder_column fusion_builder_column_1_1 fusion-builder-column-1 fusion-one-full fusion-column-first fusion-column-last 1_1\"  style='margin-top:0px;margin-bottom:20px;'>\n\t\t\t\t\t<div class=\"fusion-column-wrapper\" style=\"padding: 0px 0px 0px 0px;background-position:left top;background-repeat:no-repeat;-webkit-background-size:cover;-moz-background-size:cover;-o-background-size:cover;background-size:cover;\"   data-bg-url=\"\">\n\t\t\t\t\t\t<div class=\"fusion-text\"><p data-raofz=\"14\"><span style=\"font-size: 14pt;\"><strong>PREG\u00c3O ELETR\u00d4NICO N\u00ba<\/strong> 03\/2020<\/span><br \/>\n<span style=\"font-size: 14pt;\"><strong>GED N\u00ba<\/strong> 20.08.1312.0000007\/2020-06<\/span><\/p>\n<p style=\"text-align: justify;\" data-raofz=\"14\"><span style=\"font-size: 14pt;\">Torna-se p\u00fablico que o Minist\u00e9rio P\u00fablico do Estado de Alagoas, por meio da Se\u00e7\u00e3o de Licita\u00e7\u00f5es, sediado na Rua Doutor Pedro Jorge Melo e Silva, 79, Po\u00e7o \u2013 Macei\u00f3\/AL, CEP 57.025-400, inscrito no CNPJ sob o n\u00ba 12.472.734\/0001-52, realizar\u00e1 licita\u00e7\u00e3o, para registro de pre\u00e7os, na modalidade PREG\u00c3O, na forma ELETR\u00d4NICA, com crit\u00e9rio de julgamento menor pre\u00e7o por item, nos termos da Lei n\u00ba 10.520, de 17 de julho de 2002, do Ato Normativo PGJ n\u00ba 06, de 29 de agosto de 2005, do Ato Normativo PGJ n\u00ba 11, de 07 de dezembro de 2005, do Ato PGJ n\u00ba 01, de 8 de janeiro de 2016, da Lei Complementar n\u00ba 123, de 14 de dezembro de 2006, aplicando-se, subsidiariamente, a Lei n\u00ba 8.666, de 21 de junho de 1993, o Decreto n\u00ba 7.892, de 23 de janeiro de 2013, o Decreto Estadual n\u00ba 68.118, de 31 de outubro de 2019, e as exig\u00eancias estabelecidas neste Edital.<\/span><\/p>\n<p data-raofz=\"14\"><span style=\"font-size: 14pt;\"><strong>Per\u00edodo de acolhimento de propostas:<\/strong> 19\/05\/2020 a 01\/06\/2020, 08h00<\/span><br \/>\n<span style=\"font-size: 14pt;\"><strong>Sess\u00e3o de lances:<\/strong> 01\/06\/2020, 09h00<\/span><br \/>\n<span style=\"font-size: 14pt;\"><strong>Local:<\/strong> www.licitacoes-e.com.br<\/span><br \/>\n<span style=\"font-size: 14pt;\"><strong>Identificador:<\/strong> 815280<\/span><\/p>\n<p style=\"text-align: justify;\" data-raofz=\"14\"><span style=\"font-size: 18pt;\"><strong>Detalhamento:<\/strong><\/span><\/p>\n<\/div><ul class=\"fusion-checklist fusion-checklist-1\" style=\"font-size:14px;line-height:23.8px;\"><li class=\"fusion-li-item\"><span style=\"height:23.8px;width:23.8px;margin-right:9.8px;\" class=\"icon-wrapper circle-no\"><i class=\"fusion-li-icon fa fa-check\" style=\"color:#ffffff;\"><\/i><\/span><div class=\"fusion-li-item-content\" style=\"margin-left:33.6px;\">\n<ul>\n<li><strong>OBJETO:<\/strong> Registro de pre\u00e7os da contrata\u00e7\u00e3o de empresa especializada na presta\u00e7\u00e3o de servi\u00e7os de links de acesso, compostos por link dedicado de acesso \u00e0 internet e links ponto a ponto de interliga\u00e7\u00e3o para conex\u00e3o da Procuradoria-Geral de Justi\u00e7a do Estado de Alagoas (Sede) com os pr\u00e9dios das promotorias de justi\u00e7a da Capital (Barro Duro), Centro de Apoio Operacional \u2013 CAOP (Farol), Empresarial 203 Offices (Farol) e o do Tribunal de Justi\u00e7a do Estado de Alagoas (Centro), conforme condi\u00e7\u00f5es, quantidades e exig\u00eancias estabelecidas no Edital e seus anexos.<\/li>\n<li><strong>TOTAL DE ITENS LICITADOS:<\/strong> 10 itens.<\/li>\n<li><strong>ENTREGA DAS PROPOSTAS:<\/strong>A partir de 19\/05\/2020 \u00e0s 08h00 no site www.licitacoes-e.com.br.<\/li>\n<li><strong>ABERTURA DAS PROPOSTAS:<\/strong>01\/06\/2020 \u00e0s 08h00 no site www.licitacoes-e.com.br.<\/li>\n<li><strong>SESS\u00c3O DE LANCES:<\/strong>01\/06\/2020 \u00e0s 09h00 no site www.licitacoes-e.com.br.<\/li>\n<li><strong>INFORMA\u00c7\u00d5ES GERAIS:<\/strong>O edital encontra-se nos sites: www.licitacoes-e.com.br e www.mpal.mp.br, ou pelos e-mails cpl@mpal.mp.br e\/ou mpal.licitacoes@gmail.com.<\/li>\n<li><strong>N\u00daMERO DA LICITA\u00c7\u00c3O:<\/strong>815280<\/li>\n<\/ul>\n<\/div><\/li><\/ul><div class=\"fusion-text\"><p style=\"text-align: center;\" align=\"JUSTIFY\" data-raofz=\"14\"><span data-raofz=\"14\">Macei\u00f3, 18 de maio de 2020<\/span><\/p>\n<p style=\"text-align: center;\" align=\"LEFT\" data-raofz=\"14\"><span data-raofz=\"14\"><strong>Fernando Ant\u00f4nio Vasco de Souza<\/strong><\/span><br \/><span data-raofz=\"14\"><strong>Chefe da Se\u00e7\u00e3o de Licita\u00e7\u00f5es<\/strong><\/span><\/p>\n<\/div><div class=\"fusion-sep-clear\"><\/div><div class=\"fusion-separator fusion-full-width-sep sep-none\" style=\"margin-left: auto;margin-right: auto;margin-top:10px;\"><\/div><style type=\"text\/css\"><\/style><div class=\"fusion-title title fusion-title-1 fusion-title-text fusion-title-size-three\" style=\"margin-top:40px;margin-bottom:31px;\"><h3 class=\"title-heading-left\" style=\"margin:0;color:#ffffff;\"><strong><span style=\"font-size: 14pt; color: #003866;\">Anexos<\/span><\/strong><\/h3><div class=\"title-sep-container\"><div class=\"title-sep sep-double sep-solid\" style=\"border-color:#003866;\"><\/div><\/div><\/div><div class=\"fusion-text\"><p><span style=\"font-size: 14pt;\"><i class=\"fontawesome-icon fa-file-pdf fas circle-no\" style=\"font-size:18px;margin-right:9px;color:#003866;\"><\/i><a href=\"https:\/\/onedrive.live.com\/?authkey=%21AONpN00%2DWw8zz28&#038;cid=CA1F740B7FEBE2A2&#038;id=CA1F740B7FEBE2A2%2194626&#038;parId=CA1F740B7FEBE2A2%2194296&#038;o=OneUp\" target=\"_blank\" rel=\"noopener\">Proposta e Documenta\u00e7\u00e3o &#8211; FSF Tecnologia S.A.<\/a><\/span><\/p>\n<p><span style=\"font-size: 14pt;\"><i class=\"fontawesome-icon fa-file-pdf fas circle-no\" style=\"font-size:18px;margin-right:9px;color:#003866;\"><\/i><a href=\"https:\/\/www.mpal.mp.br\/wp-content\/uploads\/2022\/07\/pe032020impugnacao2.pdf\" target=\"_blank\" rel=\"noopener\">Impugna\u00e7\u00e3o 2<\/a><\/span><\/p>\n<p><span style=\"font-size: 14pt;\"><i class=\"fontawesome-icon fa-file-pdf fas circle-no\" style=\"font-size:18px;margin-right:9px;color:#003866;\"><\/i><a href=\"https:\/\/www.mpal.mp.br\/wp-content\/uploads\/2022\/07\/pe032020impugnacao1.pdf\" target=\"_blank\" rel=\"noopener\">Impugna\u00e7\u00e3o<\/a><\/span><\/p>\n<p><span style=\"font-size: 14pt;\"><i class=\"fontawesome-icon fa-file-pdf fas circle-no\" style=\"font-size:18px;margin-right:9px;color:#003866;\"><\/i><a href=\"https:\/\/www.mpal.mp.br\/wp-content\/uploads\/2022\/07\/pe032020edital_alterado.pdf\" target=\"_blank\" rel=\"noopener\">Edital \u2013 Preg\u00e3o Eletr\u00f4nico n\u00ba 03\/2020 (alterado)<\/a><\/span><\/p>\n<p><span style=\"font-size: 14pt;\"><i class=\"fontawesome-icon fa-file-pdf fas circle-no\" style=\"font-size:18px;margin-right:9px;color:#003866;\"><\/i><a href=\"https:\/\/www.mpal.mp.br\/wp-content\/uploads\/2022\/07\/Aviso-de-alteracao-de-edital-Pregao-no-03.2020.pdf\" target=\"_blank\" rel=\"noopener\">Aviso de altera\u00e7\u00e3o de edital<\/a><\/span><\/p>\n<p><span style=\"font-size: 14pt;\"><i class=\"fontawesome-icon fa-file-pdf fas circle-no\" style=\"font-size:18px;margin-right:9px;color:#003866;\"><\/i><a href=\"https:\/\/www.mpal.mp.br\/wp-content\/uploads\/2022\/07\/pe032020esclarecimentos1.pdf\" target=\"_blank\" rel=\"noopener\">Esclarecimentos<\/a><\/span><\/p>\n<p><span style=\"font-size: 14pt;\"><i class=\"fontawesome-icon fa-file-pdf fas circle-no\" style=\"font-size:18px;margin-right:9px;color:#003866;\"><\/i><a href=\"https:\/\/www.mpal.mp.br\/wp-content\/uploads\/2022\/07\/pe032020edital.pdf\" target=\"_blank\" rel=\"noopener\">Edital \u2013 Preg\u00e3o Eletr\u00f4nico n\u00ba 03\/2022<\/a><\/span><\/p>\n<\/div><div class=\"fusion-clearfix\"><\/div>\n\n\t\t\t\t\t<\/div>\n\t\t\t\t<\/div><\/div><\/div><div class=\"fusion-fullwidth fullwidth-box fusion-builder-row-2 nonhundred-percent-fullwidth non-hundred-percent-height-scrolling\"  style='background-color: #ffffff;background-position: center center;background-repeat: no-repeat;padding-top:0px;padding-right:0px;padding-bottom:0px;padding-left:0px;'><div class=\"fusion-builder-row fusion-row \"><div  class=\"fusion-layout-column fusion_builder_column fusion_builder_column_1_1 fusion-builder-column-2 fusion-one-full fusion-column-first fusion-column-last 1_1\"  style='margin-top:0px;margin-bottom:20px;'>\n\t\t\t\t\t<div class=\"fusion-column-wrapper\" style=\"padding: 0px 0px 0px 0px;background-position:left top;background-repeat:no-repeat;-webkit-background-size:cover;-moz-background-size:cover;-o-background-size:cover;background-size:cover;\"   data-bg-url=\"\">\n\t\t\t\t\t\t<style type=\"text\/css\"><\/style><div class=\"fusion-title title fusion-title-2 fusion-title-center fusion-title-text fusion-title-size-three\" style=\"margin-top:40px;margin-bottom:31px;\"><div class=\"title-sep-container title-sep-container-left\"><div class=\"title-sep sep-double sep-solid\" style=\"border-color:#003866;\"><\/div><\/div><h3 class=\"title-heading-center\" style=\"margin:0;color:#ffffff;\"><span style=\"color: #808080;\"><strong><span style=\"font-size: 14pt;\">\u00daltimas Licita\u00e7\u00f5es<\/span><\/strong><\/span><\/h3><div class=\"title-sep-container title-sep-container-right\"><div class=\"title-sep sep-double sep-solid\" style=\"border-color:#003866;\"><\/div><\/div><\/div><div class=\"fusion-recent-posts fusion-recent-posts-1 avada-container layout-default layout-columns-1\"><section class=\"fusion-columns columns fusion-columns-1 columns-1\"><article class=\"post fusion-column column col col-lg-12 col-md-12 col-sm-12\"><div class=\"recent-posts-content\"><span class=\"vcard\" style=\"display: none;\"><span class=\"fn\"><a href=\"https:\/\/www.mpal.mp.br\/?author=24\" title=\"Posts de Diego Henrique Barros Melo\" rel=\"author\">Diego Henrique Barros Melo<\/a><\/span><\/span><span class=\"updated\" style=\"display:none;\">2026-04-29T16:51:35-03:00<\/span><h4 class=\"entry-title\"><a href=\"https:\/\/www.mpal.mp.br\/?p=70015\">MPAL identifica irregularidades ambientais e sanit\u00e1ria e ingressa com A\u00e7\u00e3o Civil P\u00fablica contra Hospital Chama<\/a><\/h4><\/div><\/article><article class=\"post fusion-column column col col-lg-12 col-md-12 col-sm-12\"><div class=\"recent-posts-content\"><span class=\"vcard\" style=\"display: none;\"><span class=\"fn\"><a href=\"https:\/\/www.mpal.mp.br\/?author=24\" title=\"Posts de Diego Henrique Barros Melo\" rel=\"author\">Diego Henrique Barros Melo<\/a><\/span><\/span><span class=\"updated\" style=\"display:none;\">2026-04-28T18:30:28-03:00<\/span><h4 class=\"entry-title\"><a href=\"https:\/\/www.mpal.mp.br\/?p=69933\">\u201cMPAL de M\u00e3os Unidas contra o Feminic\u00eddio\u201d: audi\u00eancia p\u00fablica re\u00fane gestores e sociedade civil em Santana do Ipanema para debater pol\u00edticas de defesa da mulher no M\u00e9dio Sert\u00e3o<\/a><\/h4><\/div><\/article><article class=\"post fusion-column column col col-lg-12 col-md-12 col-sm-12\"><div class=\"recent-posts-content\"><span class=\"vcard\" style=\"display: none;\"><span class=\"fn\"><a href=\"https:\/\/www.mpal.mp.br\/?author=24\" title=\"Posts de Diego Henrique Barros Melo\" rel=\"author\">Diego Henrique Barros Melo<\/a><\/span><\/span><span class=\"updated\" style=\"display:none;\">2026-04-28T16:08:16-03:00<\/span><h4 class=\"entry-title\"><a href=\"https:\/\/www.mpal.mp.br\/?p=69930\">MPAL recomenda que munic\u00edpio de Cra\u00edbas nomeie aprovados em concurso p\u00fablico e exonere contratados tempor\u00e1rios da educa\u00e7\u00e3o<\/a><\/h4><\/div><\/article><article class=\"post fusion-column column col col-lg-12 col-md-12 col-sm-12\"><div class=\"recent-posts-content\"><span class=\"vcard\" style=\"display: none;\"><span class=\"fn\"><a href=\"https:\/\/www.mpal.mp.br\/?author=10\" title=\"Posts de ANDERSON MACENA\" rel=\"author\">ANDERSON MACENA<\/a><\/span><\/span><span class=\"updated\" style=\"display:none;\">2026-04-28T15:36:08-03:00<\/span><h4 class=\"entry-title\"><a href=\"https:\/\/www.mpal.mp.br\/?p=69854\">\u201cNosso compromisso permanece o mesmo: servir aos cidad\u00e3os alagoanos\u201d, afirma Lean Ara\u00fajo ao ser reconduzido \u00e0 chefia do MPAL<\/a><\/h4><\/div><\/article><article class=\"post fusion-column column col col-lg-12 col-md-12 col-sm-12\"><div class=\"recent-posts-content\"><span class=\"vcard\" style=\"display: none;\"><span class=\"fn\"><a href=\"https:\/\/www.mpal.mp.br\/?author=8\" title=\"Posts de Dulce Melo\" rel=\"author\">Dulce Melo<\/a><\/span><\/span><span class=\"updated\" style=\"display:none;\">2026-04-28T14:23:48-03:00<\/span><h4 class=\"entry-title\"><a href=\"https:\/\/www.mpal.mp.br\/?p=69916\">Nova condena\u00e7\u00e3o: Atua\u00e7\u00e3o precisa do MPAL leva \u201cPreto Boiadeiro\u201d e comparsa a mais de 90 anos de pris\u00e3o<\/a><\/h4><\/div><\/article><article class=\"post fusion-column column col col-lg-12 col-md-12 col-sm-12\"><div class=\"recent-posts-content\"><span class=\"vcard\" style=\"display: none;\"><span class=\"fn\"><a href=\"https:\/\/www.mpal.mp.br\/?author=8\" title=\"Posts de Dulce Melo\" rel=\"author\">Dulce Melo<\/a><\/span><\/span><span class=\"updated\" style=\"display:none;\">2026-04-27T16:14:51-03:00<\/span><h4 class=\"entry-title\"><a href=\"https:\/\/www.mpal.mp.br\/?p=69849\">Respeito: MPAL re\u00fane secretarias municipais e movimentos juninos de Arapiraca para conscientizar sobre importuna\u00e7\u00e3o e abuso sexual<\/a><\/h4><\/div><\/article><\/section><\/div><div class=\"fusion-clearfix\"><\/div>\n\n\t\t\t\t\t<\/div>\n\t\t\t\t<\/div><\/div><\/div><\/p>\n","protected":false},"excerpt":{"rendered":"","protected":false},"author":2,"featured_media":3269,"comment_status":"closed","ping_status":"closed","sticky":false,"template":"","format":"standard","meta":{"om_disable_all_campaigns":false,"_monsterinsights_skip_tracking":false,"_monsterinsights_sitenote_active":false,"_monsterinsights_sitenote_note":"","_monsterinsights_sitenote_category":0,"_uf_show_specific_survey":0,"_uf_disable_surveys":false,"footnotes":""},"categories":[41],"tags":[],"class_list":["post-12733","post","type-post","status-publish","format-standard","has-post-thumbnail","hentry","category-licitacao_2020"],"aioseo_notices":[],"_links":{"self":[{"href":"https:\/\/www.mpal.mp.br\/index.php?rest_route=\/wp\/v2\/posts\/12733","targetHints":{"allow":["GET"]}}],"collection":[{"href":"https:\/\/www.mpal.mp.br\/index.php?rest_route=\/wp\/v2\/posts"}],"about":[{"href":"https:\/\/www.mpal.mp.br\/index.php?rest_route=\/wp\/v2\/types\/post"}],"author":[{"embeddable":true,"href":"https:\/\/www.mpal.mp.br\/index.php?rest_route=\/wp\/v2\/users\/2"}],"replies":[{"embeddable":true,"href":"https:\/\/www.mpal.mp.br\/index.php?rest_route=%2Fwp%2Fv2%2Fcomments&post=12733"}],"version-history":[{"count":1,"href":"https:\/\/www.mpal.mp.br\/index.php?rest_route=\/wp\/v2\/posts\/12733\/revisions"}],"predecessor-version":[{"id":12740,"href":"https:\/\/www.mpal.mp.br\/index.php?rest_route=\/wp\/v2\/posts\/12733\/revisions\/12740"}],"wp:featuredmedia":[{"embeddable":true,"href":"https:\/\/www.mpal.mp.br\/index.php?rest_route=\/wp\/v2\/media\/3269"}],"wp:attachment":[{"href":"https:\/\/www.mpal.mp.br\/index.php?rest_route=%2Fwp%2Fv2%2Fmedia&parent=12733"}],"wp:term":[{"taxonomy":"category","embeddable":true,"href":"https:\/\/www.mpal.mp.br\/index.php?rest_route=%2Fwp%2Fv2%2Fcategories&post=12733"},{"taxonomy":"post_tag","embeddable":true,"href":"https:\/\/www.mpal.mp.br\/index.php?rest_route=%2Fwp%2Fv2%2Ftags&post=12733"}],"curies":[{"name":"wp","href":"https:\/\/api.w.org\/{rel}","templated":true}]}}