{"id":12679,"date":"2013-08-30T10:23:27","date_gmt":"2013-08-30T13:23:27","guid":{"rendered":"https:\/\/www.mpal.mp.br\/?p=12679"},"modified":"2022-07-18T10:24:40","modified_gmt":"2022-07-18T13:24:40","slug":"mpe-al-investiga-fraude-em-contratacao-de-servidores-pela-saude-municipal","status":"publish","type":"post","link":"https:\/\/www.mpal.mp.br\/?p=12679","title":{"rendered":"MPE\/AL investiga fraude em contrata\u00e7\u00e3o de servidores pela Sa\u00fade Municipal"},"content":{"rendered":"<p style=\"text-align: justify;\" align=\"JUSTIFY\"><span style=\"font-size: 14pt;\">A 15\u00aa Promotoria de Justi\u00e7a da Fazenda Municipal da Capital instaurarou inqu\u00e9rito civil p\u00fablico para investigar irregularidades na inser\u00e7\u00e3o de pessoal na folha de pagamento do Munic\u00edpio de Macei\u00f3. O procedimento do Minist\u00e9rio P\u00fablico Estadual (MPE\/AL) foi publicado no Di\u00e1rio Oficial do Estado desta sexta-feira (30). Durante as dilig\u00eancias preliminares, j\u00e1 foi constatada pelos promotores da Fazenda Municipal a falsifica\u00e7\u00e3o da assinatura digital do governador do Estado de Alagoas, Teotonio Vilela Filho, com o objetivo de\u00a0facilitar a inser\u00e7\u00e3o de servidores.<\/span><\/p>\n<p style=\"text-align: justify;\" align=\"JUSTIFY\"><span style=\"font-size: 14pt;\">De acordo com a publica\u00e7\u00e3o de hoje, o MPE\/AL descobriu que o \u00f3rg\u00e3o municipal, ent\u00e3o comandado pelo secret\u00e1rio Jo\u00e3o Marcelo Lyra, pediu \u00e0 Secretaria Municipal de Administra\u00e7\u00e3o, Recursos Humanos e Patrim\u00f4nio (SEMARHP) a instaura\u00e7\u00e3o do processo n\u00ba 2000.36810, no dia 16 de abril de 2013, no qual consta a irregularidade. Este processo foi deferido pela SEMARPH com base em um documento onde constava a assinatura falsa do governador do Estado. O secret\u00e1rio-chefe do Gabinete Civil, \u00c1lvaro Machado, j\u00e1 confirmou a inautenticidade da assinatura de Vilela.<\/span><\/p>\n<p style=\"text-align: justify;\" align=\"JUSTIFY\"><span style=\"font-size: 14pt;\">Os promotores da Fazenda Estadual v\u00e3o investigar se o mesmo procedimento aconteceu nos processos n\u00ba 2000.36805\/2013 (SEMARHP), n\u00ba 2000.40653\/2013 (SEMARHP), n\u00ba 2000.53869\/2013 (SEMARHP), n\u00ba 5800.42032\/2013 (SMS), n\u00ba 5800.60482\/2013 (SMS) e n\u00ba 6500.8198\/2013, este \u00faltimo da Secretaria Municipal da Educa\u00e7\u00e3o (Semed). O Minist\u00e9rio P\u00fablico requisitou todos esses processos ao prefeito de Macei\u00f3, Rui Palmeira.<\/span><\/p>\n<p style=\"text-align: justify;\" align=\"JUSTIFY\"><span style=\"font-size: 14pt;\">A 15\u00aa Promotoria de Justi\u00e7a da Fazenda Municipal da Capital notificou o ex-secret\u00e1rio Municipal de Sa\u00fade, Jo\u00e3o Marcelo Lyra, e o chefe da SEMARHP, Jaelson Gomes Ferreira, a comparecerem at\u00e9 a sede do Minist\u00e9rio P\u00fablico Estadual, no Po\u00e7o, para prestar esclarecimentos do fato. Um homem identificado como Ricardo Edmundo Ezequiel Cintra tamb\u00e9m dever\u00e1 comparecer \u00e0 sede da Promotoria para falar sobre o caso.<\/span><\/p>\n","protected":false},"excerpt":{"rendered":"<p> [&hellip;]<\/p>\n","protected":false},"author":4,"featured_media":7620,"comment_status":"open","ping_status":"open","sticky":false,"template":"","format":"standard","meta":{"om_disable_all_campaigns":false,"_monsterinsights_skip_tracking":false,"_monsterinsights_sitenote_active":false,"_monsterinsights_sitenote_note":"","_monsterinsights_sitenote_category":0,"_uf_show_specific_survey":0,"_uf_disable_surveys":false,"footnotes":""},"categories":[2],"tags":[],"class_list":["post-12679","post","type-post","status-publish","format-standard","has-post-thumbnail","hentry","category-not_mpal"],"aioseo_notices":[],"_links":{"self":[{"href":"https:\/\/www.mpal.mp.br\/index.php?rest_route=\/wp\/v2\/posts\/12679","targetHints":{"allow":["GET"]}}],"collection":[{"href":"https:\/\/www.mpal.mp.br\/index.php?rest_route=\/wp\/v2\/posts"}],"about":[{"href":"https:\/\/www.mpal.mp.br\/index.php?rest_route=\/wp\/v2\/types\/post"}],"author":[{"embeddable":true,"href":"https:\/\/www.mpal.mp.br\/index.php?rest_route=\/wp\/v2\/users\/4"}],"replies":[{"embeddable":true,"href":"https:\/\/www.mpal.mp.br\/index.php?rest_route=%2Fwp%2Fv2%2Fcomments&post=12679"}],"version-history":[{"count":1,"href":"https:\/\/www.mpal.mp.br\/index.php?rest_route=\/wp\/v2\/posts\/12679\/revisions"}],"predecessor-version":[{"id":12680,"href":"https:\/\/www.mpal.mp.br\/index.php?rest_route=\/wp\/v2\/posts\/12679\/revisions\/12680"}],"wp:featuredmedia":[{"embeddable":true,"href":"https:\/\/www.mpal.mp.br\/index.php?rest_route=\/wp\/v2\/media\/7620"}],"wp:attachment":[{"href":"https:\/\/www.mpal.mp.br\/index.php?rest_route=%2Fwp%2Fv2%2Fmedia&parent=12679"}],"wp:term":[{"taxonomy":"category","embeddable":true,"href":"https:\/\/www.mpal.mp.br\/index.php?rest_route=%2Fwp%2Fv2%2Fcategories&post=12679"},{"taxonomy":"post_tag","embeddable":true,"href":"https:\/\/www.mpal.mp.br\/index.php?rest_route=%2Fwp%2Fv2%2Ftags&post=12679"}],"curies":[{"name":"wp","href":"https:\/\/api.w.org\/{rel}","templated":true}]}}