{"id":12675,"date":"2013-10-31T10:19:56","date_gmt":"2013-10-31T12:19:56","guid":{"rendered":"https:\/\/www.mpal.mp.br\/?p=12675"},"modified":"2022-07-18T10:21:49","modified_gmt":"2022-07-18T13:21:49","slug":"promotoria-da-fazenda-estadual-ingressa-com-acao-civil-publica-por-desvio-de-mais-de-r-25-milhoes-no-detran-al","status":"publish","type":"post","link":"https:\/\/www.mpal.mp.br\/?p=12675","title":{"rendered":"Promotoria da Fazenda Estadual ingressa com a\u00e7\u00e3o civil p\u00fablica por desvio de mais de R$ 25 milh\u00f5es no Detran\/AL"},"content":{"rendered":"<div class=\"content-wrapper-1\">\n<div class=\"content-wrapper-2\">\n<div id=\"mainmiddle\">\n<div id=\"mainmiddle-expand\">\n<div id=\"content\">\n<div id=\"content-shift\">\n<div class=\"floatbox\">\n<div class=\"joomla \">\n<div class=\"article\">\n<div id=\"articlepxfontsize1\">\n<p style=\"text-align: justify;\" align=\"JUSTIFY\"><span style=\"font-size: 14pt;\">Um desvio de mais de\u00a0R$ 25\u00a0milh\u00f5es dos cofres p\u00fablicos do Departamento Estadual de Tr\u00e2nsito de Alagoas (Detran\/AL) motivou a 17\u00aa Promotoria de Justi\u00e7a da Capital \u2013 Fazenda Estadual a ingressar, nesta quinta-feira (31), com uma a\u00e7\u00e3o civil p\u00fablica por ato de improbidade administrativa contra servidores p\u00fablicos envolvidos na contrata\u00e7\u00e3o da empresa FDL \u2013 Servi\u00e7os de Registro, Cadastro, Informatiza\u00e7\u00e3o e Certifica\u00e7\u00e3o Ltda, em 2006. O neg\u00f3cio teria facilitado o desvio dos recursos advindos da taxa de aliena\u00e7\u00e3o fiduci\u00e1ria, que garante o direito \u00e0 propriedade de ve\u00edculos automotores. O Minist\u00e9rio P\u00fablico de Contas (MP de Contas)\u00a0descobriu o esquema fraudulento em agosto deste ano.<\/span><\/p>\n<p style=\"text-align: justify;\" align=\"JUSTIFY\"><span style=\"font-size: 14pt;\">S\u00e3o alvos do Minist\u00e9rio P\u00fablico do Estado de Alagoas (MPE\/AL) o ex-diretor-geral do Detran\/AL, Jos\u00e9 Eug\u00eanio de Barros, e os membros da ent\u00e3o Comiss\u00e3o Permanente de Licita\u00e7\u00e3o, Marcos Ant\u00f4nio Casado Lima, Ana Paula Sarmento Martins e Lu\u00eds Augusto Santos de Mello, que responde hoje pela Dire\u00e7\u00e3o Geral da autarquia. Na a\u00e7\u00e3o, o MPE\/AL tamb\u00e9m responsabiliza o ex-presidente da Companhia Alagoana de Parceria P\u00fablico-Privada (Comap), J\u00e9ferson Germano Regueira Teixeira; o not\u00e1rio e registrador do 1\u00ba Of\u00edcio de Registro Federal do Distrito Federal, Lu\u00eds Gustavo Le\u00e3o Ribeiro; os s\u00f3cios-propriet\u00e1rios da FDL, Jos\u00e9 Ferreira Gon\u00e7alves Neto e Abdon Henrique de Ara\u00fajo; al\u00e9m da pr\u00f3pria empresa e do cart\u00f3rio em destaque, pelo ato de improbidade.<\/span><\/p>\n<p style=\"text-align: justify;\" align=\"JUSTIFY\"><span style=\"font-size: 14pt;\"><strong>Parecer do MP de Contas<\/strong><\/span><\/p>\n<p style=\"text-align: justify;\" align=\"JUSTIFY\"><span style=\"font-size: 14pt;\">No parecer do MP de Contas, constam uma s\u00e9rie de irregularidades na licita\u00e7\u00e3o e no contrato celebrado entre o Detran\/AL e a empresa FDL. A empresa foi beneficiada com a concess\u00e3o p\u00fablica para servi\u00e7o de registro dos contratos de aliena\u00e7\u00e3o fiduci\u00e1ria de ve\u00edculos, com prazo de 10 anos, firmado em 2006 e com t\u00e9rmino previsto para 2016.<\/span><\/p>\n<p style=\"text-align: justify;\" align=\"JUSTIFY\"><span style=\"font-size: 14pt;\">Entre as ilegalidades indicadas pelo MP de Contas, est\u00e3o a aus\u00eancia de previs\u00e3o legal para concess\u00e3o do servi\u00e7o de registro de contratos de financiamento de ve\u00edculos automotores, aus\u00eancia de estudo de viabilidade econ\u00f4mica da concess\u00e3o e do or\u00e7amento detalhado para defini\u00e7\u00e3o do pre\u00e7o do servi\u00e7o, aus\u00eancia de publica\u00e7\u00e3o dos motivos da concess\u00e3o p\u00fablica, nulidade do edital da licita\u00e7\u00e3o por aus\u00eancia do projeto b\u00e1sico e do or\u00e7amento estimativo do servi\u00e7o e desequil\u00edbrio econ\u00f4mico-financeiro em desfavor do er\u00e1rio Estadual.<\/span><\/p>\n<p style=\"text-align: justify;\" align=\"JUSTIFY\"><span style=\"font-size: 14pt;\">De acordo com o parecer do MP de Contas, a forma como o Detran\/AL conduziu o processo licitat\u00f3rio tamb\u00e9m feriu os princ\u00edpios da unicidade e da modicidade da tarifa, viola\u00e7\u00e3o do car\u00e1ter competitivo da licita\u00e7\u00e3o e pr\u00e1tica de fraude pela empresa FDL<\/span><\/p>\n<p style=\"text-align: justify;\" align=\"JUSTIFY\"><span style=\"font-size: 14pt;\"><strong>Conselheiros impedidos de participar de julgamento<\/strong><\/span><\/p>\n<p style=\"text-align: justify;\" align=\"JUSTIFY\"><span style=\"font-size: 14pt;\">O promotor de Justi\u00e7a Coaracy Fonseca, titular da 17\u00aa Promotoria de Justi\u00e7a da Capital, chama a aten\u00e7\u00e3o para a impossibilidade dos conselheiros do Tribunal de Contas do Estado de Alagoas (TCE\/AL), C\u00edcero Am\u00e9lio da Silva e Ot\u00e1vio Lessa de Geraldo Santos, participarem do julgamento do caso, pelo \u00f3rg\u00e3o do qual fazem parte, devido a quest\u00f5es de impedimento processual.<\/span><\/p>\n<p style=\"text-align: justify;\" align=\"JUSTIFY\"><span style=\"font-size: 14pt;\">O presidente do TCE\/AL, C\u00edcero Am\u00e9lio, possui parentes que atuaram em processos judiciais nos quais a FDL figurou como parte interessada, enquanto o conselheiro Ot\u00e1vio Lessa estaria impedido em raz\u00e3o do per\u00edodo de licita\u00e7\u00e3o e realiza\u00e7\u00e3o do contrato da empresa.<\/span><\/p>\n<p style=\"text-align: justify;\" align=\"JUSTIFY\"><span style=\"font-size: 14pt;\">\u201cAcredito que os conselheiros ter\u00e3o bom senso em evitar esse desgaste. Mas se o entendimento deles for diferente, esta Promotoria entrar\u00e1 com uma a\u00e7\u00e3o civil p\u00fablica de nulidade da referida sess\u00e3o, embora a decis\u00e3o do TCE\/AL n\u00e3o tenha efeito no campo judicial\u201d, ponderou o promotor.<\/span><\/p>\n<\/div>\n<\/div>\n<\/div>\n<\/div>\n<\/div>\n<\/div>\n<\/div>\n<\/div>\n<\/div>\n<\/div>\n<div class=\"content-wrapper-b1\">\n<div class=\"content-wrapper-b2\" style=\"text-align: justify;\"><\/div>\n<\/div>\n","protected":false},"excerpt":{"rendered":"<p> [&hellip;]<\/p>\n","protected":false},"author":4,"featured_media":12420,"comment_status":"open","ping_status":"open","sticky":false,"template":"","format":"standard","meta":{"om_disable_all_campaigns":false,"_monsterinsights_skip_tracking":false,"_monsterinsights_sitenote_active":false,"_monsterinsights_sitenote_note":"","_monsterinsights_sitenote_category":0,"_uf_show_specific_survey":0,"_uf_disable_surveys":false,"footnotes":""},"categories":[2],"tags":[],"class_list":["post-12675","post","type-post","status-publish","format-standard","has-post-thumbnail","hentry","category-not_mpal"],"aioseo_notices":[],"_links":{"self":[{"href":"https:\/\/www.mpal.mp.br\/index.php?rest_route=\/wp\/v2\/posts\/12675","targetHints":{"allow":["GET"]}}],"collection":[{"href":"https:\/\/www.mpal.mp.br\/index.php?rest_route=\/wp\/v2\/posts"}],"about":[{"href":"https:\/\/www.mpal.mp.br\/index.php?rest_route=\/wp\/v2\/types\/post"}],"author":[{"embeddable":true,"href":"https:\/\/www.mpal.mp.br\/index.php?rest_route=\/wp\/v2\/users\/4"}],"replies":[{"embeddable":true,"href":"https:\/\/www.mpal.mp.br\/index.php?rest_route=%2Fwp%2Fv2%2Fcomments&post=12675"}],"version-history":[{"count":1,"href":"https:\/\/www.mpal.mp.br\/index.php?rest_route=\/wp\/v2\/posts\/12675\/revisions"}],"predecessor-version":[{"id":12676,"href":"https:\/\/www.mpal.mp.br\/index.php?rest_route=\/wp\/v2\/posts\/12675\/revisions\/12676"}],"wp:featuredmedia":[{"embeddable":true,"href":"https:\/\/www.mpal.mp.br\/index.php?rest_route=\/wp\/v2\/media\/12420"}],"wp:attachment":[{"href":"https:\/\/www.mpal.mp.br\/index.php?rest_route=%2Fwp%2Fv2%2Fmedia&parent=12675"}],"wp:term":[{"taxonomy":"category","embeddable":true,"href":"https:\/\/www.mpal.mp.br\/index.php?rest_route=%2Fwp%2Fv2%2Fcategories&post=12675"},{"taxonomy":"post_tag","embeddable":true,"href":"https:\/\/www.mpal.mp.br\/index.php?rest_route=%2Fwp%2Fv2%2Ftags&post=12675"}],"curies":[{"name":"wp","href":"https:\/\/api.w.org\/{rel}","templated":true}]}}