{"id":12672,"date":"2013-11-14T10:05:14","date_gmt":"2013-11-14T12:05:14","guid":{"rendered":"https:\/\/www.mpal.mp.br\/?p=12672"},"modified":"2022-07-18T10:19:51","modified_gmt":"2022-07-18T13:19:51","slug":"promotor-acusa-detran-al-de-inconstitucionalidade-por-cobranca-de-taxas","status":"publish","type":"post","link":"https:\/\/www.mpal.mp.br\/?p=12672","title":{"rendered":"Promotor acusa Detran\/AL de inconstitucionalidade por cobran\u00e7a de taxas"},"content":{"rendered":"<p style=\"text-align: justify;\" align=\"JUSTIFY\"><span style=\"font-size: 14pt;\">A cobran\u00e7a de taxas para registro de aliena\u00e7\u00e3o fiduci\u00e1ria pelo Departamento Estadual de Tr\u00e2nsito de Alagoas (Detran\/AL) fere a Constitui\u00e7\u00e3o do Estado de Alagoas. Este \u00e9 o entendimento da 17\u00aa Promotoria de Justi\u00e7a da Capital \u2013 Fazenda P\u00fablica Estadual que apresentou, na manh\u00e3 desta quinta-feira (14), uma representa\u00e7\u00e3o de Inconstitucionalidade junto \u00e0 Procuradoria Geral de Justi\u00e7a em desfavor da autarquia. Se acatada, o chefe do Minist\u00e9rio P\u00fablico Estadual (MPE\/AL), S\u00e9rgio Juc\u00e1, poder\u00e1 ajuizar uma A\u00e7\u00e3o Direta de Inconstitucionalidade (Adin), com pedido de liminar, junto ao Tribunal de Justi\u00e7a de Alagoas (TJ\/AL), para a nulidade do artigo do ato que institui a cobran\u00e7a das taxas.<\/span><\/p>\n<p style=\"text-align: justify;\" align=\"JUSTIFY\"><span style=\"font-size: 14pt;\">No procedimento assinado pelo promotor de Justi\u00e7a Coaracy Fonseca, a cobran\u00e7a de valores \u00e9 inconstitucional porque foram criadas por ato administrativo e n\u00e3o mediante lei, como prev\u00ea a Carta Magna do Estado. \u201cA representa\u00e7\u00e3o se d\u00e1 em face da inconstitucionalidade de atos normativos, que afrontam o artigo 166, par\u00e1grafos I e III, incisos a e b da Constitui\u00e7\u00e3o Estadual. Isso ocorre em virtude da cl\u00e1usula terceira do Primeiro Termo Aditivo ao Contrato n\u00ba SC-058\/2006, publicado no Di\u00e1rio Oficial do Estado de Alagoas, no dia 21 de dezembro de 2011, e tamb\u00e9m nos dois primeiros par\u00e1grafos do artigo 4\u00ba da Portaria n\u00ba 196\/2006-GDG, de 20 de abril de 2006\u201d, detalha o promotor.<\/span><\/p>\n<p style=\"text-align: justify;\" align=\"JUSTIFY\"><span style=\"font-size: 14pt;\">O pedido de medida liminar visaria a suspens\u00e3o imediata das cobran\u00e7as indevidas. Coaracy Fonseca tamb\u00e9m quer que, ap\u00f3s a decis\u00e3o de m\u00e9rito, o ac\u00f3rd\u00e3o seja proferido com efeitos retroativos desde a data do primeiro ato administrativo publicado em 2006 relacionado \u00e0s taxas. Segundo o promotor, a Justi\u00e7a do Piau\u00ed j\u00e1 reconheceu a inconstitucionalidades dos valores at\u00e9 ent\u00e3o cobrados em seu territ\u00f3rio nos mesmos moldes que as de Alagoas. Ju\u00edzes da 1\u00aa inst\u00e2ncia e da 2\u00aa C\u00e2mara C\u00edvel do TJ\/AL t\u00eam a mesma compreens\u00e3o do caso, como se pode comprovar no ac\u00f3rd\u00e3o n\u00ba 2002003035-4, que teve como relatora a desembargadora Elizabeth Carvalho Nascimento, j\u00e1 transitado em julgado.<\/span><\/p>\n<p style=\"text-align: justify;\" align=\"JUSTIFY\"><span style=\"font-size: 14pt;\">O promotor afirma que, al\u00e9m dos problemas com a Constitui\u00e7\u00e3o Estadual, a cobran\u00e7a das taxas tamb\u00e9m representa um preju\u00edzo aos cofres p\u00fablicos, visto que apenas 10% do arrecadado fica para a administra\u00e7\u00e3o p\u00fablica, enquanto todo o resto vai para a empresa contratada. No momento, tr\u00eas a\u00e7\u00f5es civis p\u00fablicas tramitam em 1\u00aa inst\u00e2ncia no TJ\/AL atacando as irregularidades da licita\u00e7\u00e3o, concess\u00e3o e execu\u00e7\u00e3o do contrato administrativo que repassou a terceiros a cobran\u00e7a de valores para registro de aliena\u00e7\u00e3o fiduci\u00e1ria.<\/span><\/p>\n","protected":false},"excerpt":{"rendered":"<p> [&hellip;]<\/p>\n","protected":false},"author":4,"featured_media":12420,"comment_status":"open","ping_status":"open","sticky":false,"template":"","format":"standard","meta":{"om_disable_all_campaigns":false,"_monsterinsights_skip_tracking":false,"_monsterinsights_sitenote_active":false,"_monsterinsights_sitenote_note":"","_monsterinsights_sitenote_category":0,"_uf_show_specific_survey":0,"_uf_disable_surveys":false,"footnotes":""},"categories":[2],"tags":[],"class_list":["post-12672","post","type-post","status-publish","format-standard","has-post-thumbnail","hentry","category-not_mpal"],"aioseo_notices":[],"_links":{"self":[{"href":"https:\/\/www.mpal.mp.br\/index.php?rest_route=\/wp\/v2\/posts\/12672","targetHints":{"allow":["GET"]}}],"collection":[{"href":"https:\/\/www.mpal.mp.br\/index.php?rest_route=\/wp\/v2\/posts"}],"about":[{"href":"https:\/\/www.mpal.mp.br\/index.php?rest_route=\/wp\/v2\/types\/post"}],"author":[{"embeddable":true,"href":"https:\/\/www.mpal.mp.br\/index.php?rest_route=\/wp\/v2\/users\/4"}],"replies":[{"embeddable":true,"href":"https:\/\/www.mpal.mp.br\/index.php?rest_route=%2Fwp%2Fv2%2Fcomments&post=12672"}],"version-history":[{"count":1,"href":"https:\/\/www.mpal.mp.br\/index.php?rest_route=\/wp\/v2\/posts\/12672\/revisions"}],"predecessor-version":[{"id":12674,"href":"https:\/\/www.mpal.mp.br\/index.php?rest_route=\/wp\/v2\/posts\/12672\/revisions\/12674"}],"wp:featuredmedia":[{"embeddable":true,"href":"https:\/\/www.mpal.mp.br\/index.php?rest_route=\/wp\/v2\/media\/12420"}],"wp:attachment":[{"href":"https:\/\/www.mpal.mp.br\/index.php?rest_route=%2Fwp%2Fv2%2Fmedia&parent=12672"}],"wp:term":[{"taxonomy":"category","embeddable":true,"href":"https:\/\/www.mpal.mp.br\/index.php?rest_route=%2Fwp%2Fv2%2Fcategories&post=12672"},{"taxonomy":"post_tag","embeddable":true,"href":"https:\/\/www.mpal.mp.br\/index.php?rest_route=%2Fwp%2Fv2%2Ftags&post=12672"}],"curies":[{"name":"wp","href":"https:\/\/api.w.org\/{rel}","templated":true}]}}