{"id":12658,"date":"2014-02-18T09:46:12","date_gmt":"2014-02-18T12:46:12","guid":{"rendered":"https:\/\/www.mpal.mp.br\/?p=12658"},"modified":"2022-07-18T09:48:53","modified_gmt":"2022-07-18T12:48:53","slug":"tac-firmado-pelo-mpe-al-com-prefeitura-e-estado-garante-moradias-para-vitimas-das-chuvas-em-maceio","status":"publish","type":"post","link":"https:\/\/www.mpal.mp.br\/?p=12658","title":{"rendered":"TAC firmado pelo MPE\/AL com Prefeitura e Estado garante moradias para v\u00edtimas das chuvas em Macei\u00f3"},"content":{"rendered":"<p style=\"text-align: justify;\" align=\"JUSTIFY\"><span style=\"font-size: 14pt;\">A Prefeitura de Macei\u00f3 apresentou ao Minist\u00e9rio P\u00fablico do Estado de Alagoas (MPE\/AL) o Residencial Ouro Preto, que disponibilizar\u00e1 240 habita\u00e7\u00f5es para v\u00edtimas das chuvas de 2004 no bairro do Ouro Preto, em Macei\u00f3. Em reuni\u00e3o realizada nesta ter\u00e7a-feira (18), na sede da Procuradoria Geral do Munic\u00edpio, o secret\u00e1rio municipal de Habita\u00e7\u00e3o, Mac Lira Paes, informou \u00e0 promotora de Justi\u00e7a Cec\u00edlia Carna\u00faba que os desabrigados v\u00e3o receber as chaves dos novos apartamentos no dia 11 de mar\u00e7o.<\/span><\/p>\n<p style=\"text-align: justify;\" align=\"JUSTIFY\"><span style=\"font-size: 14pt;\">A entrega do conjunto residencial \u00e9 resultado de um Termo de Ajustamento de Conduta (TAC) firmado entre o Munic\u00edpio de Macei\u00f3, o Estado de Alagoas e o MPE\/AL no dia 29 de janeiro de 2007. O Munic\u00edpio tamb\u00e9m se comprometeu a entregar uma escola de ensino fundamental, uma creche, uma quadra poliesportiva e um terminal de \u00f4nibus, al\u00e9m de outras obras de infraestrutura, no residencial at\u00e9 fevereiro de 2014. Mac Lira afirmou ainda que, no mesmo prazo, garantir\u00e1 o reflorestamento da \u00c1rea de Preserva\u00e7\u00e3o Ambiental que estava sendo ocupado pelos desabrigados desde que perderam suas casas.<\/span><\/p>\n<p style=\"text-align: justify;\" align=\"JUSTIFY\"><span style=\"font-size: 14pt;\">Atenta ao cumprimento do TAC, a titular da Promotoria de Justi\u00e7a da Fazenda Estadual, promotora Cec\u00edlia Carna\u00faba, explicou que o atraso na entrega das moradias ocorreu em virtude de um imbr\u00f3glio entre o Governo do Estado e um cart\u00f3rio de im\u00f3veis. \u201cNo Termo de Ajustamento de Conduta, o governo estadual ficou respons\u00e1vel por doar o terreno para a constru\u00e7\u00e3o do residencial no bairro do Ouro Preto. Acontece que a escritura do terreno tinha uma numera\u00e7\u00e3o correspondente a outro im\u00f3vel. Foi preciso o Estado entrar com uma a\u00e7\u00e3o na Justi\u00e7a para garantir a doa\u00e7\u00e3o para a\u00ed, sim, concluir esta primeira parte das obras\u201d, disse a promotora.<\/span><\/p>\n<p style=\"text-align: justify;\" align=\"JUSTIFY\"><span style=\"font-size: 14pt;\">O residencial tem 15 blocos com 240 apartamentos que ser\u00e3o distribu\u00eddos entre fam\u00edlias cadastradas pela Prefeitura. Cada moradia possui uma \u00e1rea de 40 metros quadrados. O financiamento dos im\u00f3veis ser\u00e1 feito por meio do Programa Minha Casa Minha Vida, da Caixa Econ\u00f4mica Federal. Conforme acertado no TAC, o valor das parcelas a ser pago pelas fam\u00edlias ser\u00e1 entre R$ 30,00.<\/span><\/p>\n","protected":false},"excerpt":{"rendered":"<p> [&hellip;]<\/p>\n","protected":false},"author":4,"featured_media":12562,"comment_status":"open","ping_status":"open","sticky":false,"template":"","format":"standard","meta":{"om_disable_all_campaigns":false,"_monsterinsights_skip_tracking":false,"_monsterinsights_sitenote_active":false,"_monsterinsights_sitenote_note":"","_monsterinsights_sitenote_category":0,"_uf_show_specific_survey":0,"_uf_disable_surveys":false,"footnotes":""},"categories":[2],"tags":[],"class_list":["post-12658","post","type-post","status-publish","format-standard","has-post-thumbnail","hentry","category-not_mpal"],"aioseo_notices":[],"_links":{"self":[{"href":"https:\/\/www.mpal.mp.br\/index.php?rest_route=\/wp\/v2\/posts\/12658","targetHints":{"allow":["GET"]}}],"collection":[{"href":"https:\/\/www.mpal.mp.br\/index.php?rest_route=\/wp\/v2\/posts"}],"about":[{"href":"https:\/\/www.mpal.mp.br\/index.php?rest_route=\/wp\/v2\/types\/post"}],"author":[{"embeddable":true,"href":"https:\/\/www.mpal.mp.br\/index.php?rest_route=\/wp\/v2\/users\/4"}],"replies":[{"embeddable":true,"href":"https:\/\/www.mpal.mp.br\/index.php?rest_route=%2Fwp%2Fv2%2Fcomments&post=12658"}],"version-history":[{"count":1,"href":"https:\/\/www.mpal.mp.br\/index.php?rest_route=\/wp\/v2\/posts\/12658\/revisions"}],"predecessor-version":[{"id":12659,"href":"https:\/\/www.mpal.mp.br\/index.php?rest_route=\/wp\/v2\/posts\/12658\/revisions\/12659"}],"wp:featuredmedia":[{"embeddable":true,"href":"https:\/\/www.mpal.mp.br\/index.php?rest_route=\/wp\/v2\/media\/12562"}],"wp:attachment":[{"href":"https:\/\/www.mpal.mp.br\/index.php?rest_route=%2Fwp%2Fv2%2Fmedia&parent=12658"}],"wp:term":[{"taxonomy":"category","embeddable":true,"href":"https:\/\/www.mpal.mp.br\/index.php?rest_route=%2Fwp%2Fv2%2Fcategories&post=12658"},{"taxonomy":"post_tag","embeddable":true,"href":"https:\/\/www.mpal.mp.br\/index.php?rest_route=%2Fwp%2Fv2%2Ftags&post=12658"}],"curies":[{"name":"wp","href":"https:\/\/api.w.org\/{rel}","templated":true}]}}