{"id":12656,"date":"2014-03-07T09:44:27","date_gmt":"2014-03-07T12:44:27","guid":{"rendered":"https:\/\/www.mpal.mp.br\/?p=12656"},"modified":"2022-07-18T09:46:08","modified_gmt":"2022-07-18T12:46:08","slug":"a-pedido-do-mpe-al-justica-determina-nomeacao-de-387-concursados-da-saude-estadual","status":"publish","type":"post","link":"https:\/\/www.mpal.mp.br\/?p=12656","title":{"rendered":"A pedido do MPE\/AL, Justi\u00e7a determina nomea\u00e7\u00e3o de 387 concursados da Sa\u00fade Estadual"},"content":{"rendered":"<p style=\"text-align: justify;\" align=\"JUSTIFY\"><span style=\"font-size: 14pt;\">A pedido do Minist\u00e9rio P\u00fablico do Estado de Alagoas (MPE\/AL), o juiz de Direito da 17\u00aa Vara C\u00edvel da Capital, Helestron Silva da Costa, determinou que o Governo do Estado nomeie 387 aprovados no concurso p\u00fablico para a Secretaria de Estado da Sa\u00fade (Sesau\/AL) e Universidade Estadual de Ci\u00eancias da Sa\u00fade de Alagoas (Uncisal), realizado em 2002. O concurso estava com o prazo de validade suspenso pela Justi\u00e7a desde 2007, ano em que a promotora da Fazenda Estadual Cec\u00edlia Carna\u00faba ajuizou uma a\u00e7\u00e3o civil p\u00fablica em favor dos concursados.<\/span><\/p>\n<p style=\"text-align: justify;\" align=\"JUSTIFY\"><span style=\"font-size: 14pt;\">Com a determina\u00e7\u00e3o judicial, o Estado de Alagoas ter\u00e1 de nomear 88 m\u00e9dicos, 76 t\u00e9cnicos de enfermagem, 47 auxiliares de servi\u00e7os diversos, 33 nutricionistas, 28 fisioterapeutas, 25 assistentes de administra\u00e7\u00e3o, 17 enfermeiros, 17 copeiros, 15 padioleiros, 13 cozinheiros, sete farmac\u00eauticos, \u00a0 sete psic\u00f3logos, quatro t\u00e9cnicos em seguran\u00e7a, tr\u00eas administradores, dois auxiliares de enfermagem, dois encanadores, dois marceneiros e um odont\u00f3logo buco-maxilo. A nomea\u00e7\u00e3o dever\u00e1 obedecer a ordem classificat\u00f3ria de aprova\u00e7\u00e3o nos respectivos cargos.<\/span><\/p>\n<p style=\"text-align: justify;\" align=\"JUSTIFY\"><span style=\"font-size: 14pt;\">\u201cEstamos falando de centenas de concursados, com forma\u00e7\u00e3o do Ensino B\u00e1sico ao Superior, que estudaram, fizeram a prova e se mostraram aptos a assumir a fun\u00e7\u00e3o p\u00fablica a partir dos crit\u00e9rios estabelecidos no edital do certame. A justi\u00e7a finalmente est\u00e1 sendo feita com a condena\u00e7\u00e3o do Estado a convocar esses profissionais e garantir a eles benef\u00edcios que os funcion\u00e1rios terceirizados n\u00e3o teriam nunca, a exemplo da estabilidade ap\u00f3s tr\u00eas anos de est\u00e1gio probat\u00f3rio\u201d, explica a promotora Cec\u00edlia Carna\u00faba.<\/span><\/p>\n<p style=\"text-align: justify;\" align=\"JUSTIFY\"><span style=\"font-size: 14pt;\"><strong>Afastamento de terceirizados<\/strong><\/span><\/p>\n<p style=\"text-align: justify;\" align=\"JUSTIFY\"><span style=\"font-size: 14pt;\">A Justi\u00e7a tamb\u00e9m considerou ilegal a contrata\u00e7\u00e3o de funcion\u00e1rios terceirizados que ocupam fun\u00e7\u00f5es destinadas \u00e0 reserva t\u00e9cnica do concurso. Em 2007, o MPE\/AL recebeu informa\u00e7\u00f5es referentes \u00e0 cria\u00e7\u00e3o de cargos durante a vig\u00eancia do certame e que tais cargos estavam sendo preenchidos por contrata\u00e7\u00e3o tempor\u00e1rias. \u201cO direito subjetivo \u00e0 nomea\u00e7\u00e3o surge por meio transverso e leg\u00edtimo quando a Administra\u00e7\u00e3o P\u00fablica, ao inv\u00e9s de proceder com a investidura dos aprovados fora do n\u00famero de vagas, realiza contrata\u00e7\u00e3o irregular de forma tempor\u00e1ria ou atrav\u00e9s de outro meio que inviabiliza a convoca\u00e7\u00e3o do candidato\u201d, diz a decis\u00e3o da 17\u00aa Vara C\u00edvel da Capital.<\/span><\/p>\n<p style=\"text-align: justify;\" align=\"JUSTIFY\"><span style=\"font-size: 14pt;\">No ano de 2002, a Secretaria de Administra\u00e7\u00e3o, Recursos Humanos e Patrim\u00f4nio (SEARHP) publicou o edital n\u00ba 003\/2002\/SEARHP\/SESAU\/UNCISAL para oferta de vagas destinadas \u00e0 \u00e1rea da sa\u00fade, com diversas especialidades. Dentro do prazo de validade do concurso, todos os candidatos aprovados dentro do n\u00famero de vagas foram convocados. J\u00e1 os aprovados na reserva t\u00e9cnica t\u00eam direito \u00e0 nomea\u00e7\u00e3o a partir do surgimento de novas vagas no decurso do per\u00edodo de validade do concurso e da necessidade de contrata\u00e7\u00e3o de pessoal para preench\u00ea-las.<\/span><\/p>\n<p style=\"text-align: justify;\" align=\"JUSTIFY\"><span style=\"font-size: 14pt;\">Diante das den\u00fancias de irregularidades na contrata\u00e7\u00e3o de funcion\u00e1rios terceirizados, o Minist\u00e9rio P\u00fablico Estadual decidiu intervir antes que a validade do certame expirasse no dia 13 de maio de 2007.<\/span><\/p>\n","protected":false},"excerpt":{"rendered":"<p> [&hellip;]<\/p>\n","protected":false},"author":4,"featured_media":12562,"comment_status":"open","ping_status":"open","sticky":false,"template":"","format":"standard","meta":{"om_disable_all_campaigns":false,"_monsterinsights_skip_tracking":false,"_monsterinsights_sitenote_active":false,"_monsterinsights_sitenote_note":"","_monsterinsights_sitenote_category":0,"_uf_show_specific_survey":0,"_uf_disable_surveys":false,"footnotes":""},"categories":[2],"tags":[],"class_list":["post-12656","post","type-post","status-publish","format-standard","has-post-thumbnail","hentry","category-not_mpal"],"aioseo_notices":[],"_links":{"self":[{"href":"https:\/\/www.mpal.mp.br\/index.php?rest_route=\/wp\/v2\/posts\/12656","targetHints":{"allow":["GET"]}}],"collection":[{"href":"https:\/\/www.mpal.mp.br\/index.php?rest_route=\/wp\/v2\/posts"}],"about":[{"href":"https:\/\/www.mpal.mp.br\/index.php?rest_route=\/wp\/v2\/types\/post"}],"author":[{"embeddable":true,"href":"https:\/\/www.mpal.mp.br\/index.php?rest_route=\/wp\/v2\/users\/4"}],"replies":[{"embeddable":true,"href":"https:\/\/www.mpal.mp.br\/index.php?rest_route=%2Fwp%2Fv2%2Fcomments&post=12656"}],"version-history":[{"count":1,"href":"https:\/\/www.mpal.mp.br\/index.php?rest_route=\/wp\/v2\/posts\/12656\/revisions"}],"predecessor-version":[{"id":12657,"href":"https:\/\/www.mpal.mp.br\/index.php?rest_route=\/wp\/v2\/posts\/12656\/revisions\/12657"}],"wp:featuredmedia":[{"embeddable":true,"href":"https:\/\/www.mpal.mp.br\/index.php?rest_route=\/wp\/v2\/media\/12562"}],"wp:attachment":[{"href":"https:\/\/www.mpal.mp.br\/index.php?rest_route=%2Fwp%2Fv2%2Fmedia&parent=12656"}],"wp:term":[{"taxonomy":"category","embeddable":true,"href":"https:\/\/www.mpal.mp.br\/index.php?rest_route=%2Fwp%2Fv2%2Fcategories&post=12656"},{"taxonomy":"post_tag","embeddable":true,"href":"https:\/\/www.mpal.mp.br\/index.php?rest_route=%2Fwp%2Fv2%2Ftags&post=12656"}],"curies":[{"name":"wp","href":"https:\/\/api.w.org\/{rel}","templated":true}]}}