{"id":12654,"date":"2014-03-17T09:42:01","date_gmt":"2014-03-17T12:42:01","guid":{"rendered":"https:\/\/www.mpal.mp.br\/?p=12654"},"modified":"2022-07-18T09:44:21","modified_gmt":"2022-07-18T12:44:21","slug":"fazenda-estadual-recomenda-a-secretaria-de-educacao-maior-fiscalizacao-na-reforma-de-escolas","status":"publish","type":"post","link":"https:\/\/www.mpal.mp.br\/?p=12654","title":{"rendered":"Fazenda Estadual recomenda \u00e0 Secretaria de Educa\u00e7\u00e3o maior fiscaliza\u00e7\u00e3o na reforma de escolas"},"content":{"rendered":"<p style=\"text-align: justify;\" align=\"JUSTIFY\"><span style=\"font-size: 14pt;\">O Minist\u00e9rio P\u00fablico do Estado de Alagoas (MPE\/AL), por meio da 19\u00aa Promotoria de Justi\u00e7a da Capital \u2013 Fazenda Estadual, vai recomendar, nesta ter\u00e7a-feira (18), que a Secretaria de Estado da Educa\u00e7\u00e3o e do Esporte (SEE) adote as provid\u00eancias necess\u00e1rias para garantir o cumprimento dos contratos referentes \u00e0s reformas das escolas integrantes da rede estadual de ensino. As obras est\u00e3o chegando ao fim sem corrigir as falhas na estrutura f\u00edsica dos pr\u00e9dios que colocam em risco a seguran\u00e7a da comunidade escolar. A SEE deve conferir a quantidade, a qualidade e a adequa\u00e7\u00e3o dos servi\u00e7os j\u00e1 realizados.<\/span><\/p>\n<p style=\"text-align: justify;\" align=\"JUSTIFY\"><span style=\"font-size: 14pt;\">Nos primeiros meses deste ano, a promotora de Justi\u00e7a Cec\u00edlia Carna\u00faba realizou uma pesquisa de campo, por amostragem, e constatou que em todas as escolas escolhidas ainda havia problemas de seguran\u00e7a, a exemplo da rede el\u00e9trica, hidr\u00e1ulica, banheiros e teto. As defici\u00eancias se apresentam, na maioria das vezes, cumulativamente no mesmo pr\u00e9dio. Conforme apurado pela promotora, as falhas na estrutura devem permanecer ap\u00f3s a conclus\u00e3o das obras, caso o governo estadual deixe de intervir na reforma.<\/span><\/p>\n<p style=\"text-align: justify;\" align=\"JUSTIFY\"><span style=\"font-size: 14pt;\">\u201c\u00c9 inadmiss\u00edvel que uma contrata\u00e7\u00e3o realizada com dispensa de licita\u00e7\u00e3o entregue uma escola onde o teto pode desabar a qualquer momento na cabe\u00e7a de estudantes e professores. A comunidade escolar corre o risco de ser eletrocutada por conta das p\u00e9ssimas instala\u00e7\u00f5es el\u00e9tricas, que podem gerar curto-circuitos e at\u00e9 mesmo inc\u00eandios. O Estado precisa se responsabilizar pelos servi\u00e7os que contratou. Esperamos que a Secretaria de Educa\u00e7\u00e3o acolha a recomenda\u00e7\u00e3o e tome as provid\u00eancias necess\u00e1rias para a entrega de pr\u00e9dios p\u00fablicos adequados \u00e0 sociedade alagoana\u201d, disse Carna\u00faba.<\/span><\/p>\n<p style=\"text-align: justify;\" align=\"JUSTIFY\"><span style=\"font-size: 14pt;\"><strong>Contrata\u00e7\u00e3o emergencial<\/strong><\/span><\/p>\n<p style=\"text-align: justify;\" align=\"JUSTIFY\"><span style=\"font-size: 14pt;\">A partir do Decreto Estadual n\u00ba 15.845\/11, a SEE contratou emergencialmente empresas particulares para realizarem as reformas das escolas estaduais, sob o argumento de melhor atender \u00e0s necessidades de garantia de seguran\u00e7a da estrutura f\u00edsicas dos pr\u00e9dios. Grande parte dos contratos de reforma j\u00e1 teriam sido, inclusive, contemplados com os respectivos pagamentos. No entanto, as obras deixaram de atender sua finalidade e mantiveram os riscos \u00e0 comunidade escolar. O MPE\/AL entende que ainda h\u00e1 tempo h\u00e1bil para a Secretaria de Educa\u00e7\u00e3o, junto \u00e0s empresas contratadas, reverter esse quadro e evitar o preju\u00edzo ao er\u00e1rio.<\/span><\/p>\n<p style=\"text-align: justify;\" align=\"JUSTIFY\"><span style=\"font-size: 14pt;\">A Secretaria de Estado da Educa\u00e7\u00e3o e do Esporte deve responder a recomenda\u00e7\u00e3o em at\u00e9 dez dias, a contar do recebimento do documento, \u00e0 Promotoria de Justi\u00e7a Coletiva da Fazenda P\u00fablica Estadual. Na resposta, o \u00f3rg\u00e3o do governo estadual deve justificar as raz\u00f5es pelas quais acolhe ou n\u00e3o a presente recomenda\u00e7\u00e3o, que tem por objetivo apontar solu\u00e7\u00f5es administrativas para as ilegalidades constatadas no procedimento n\u00ba 34\/14, de autoria da promotora Cec\u00edlia Carna\u00faba.<\/span><\/p>\n","protected":false},"excerpt":{"rendered":"<p> [&hellip;]<\/p>\n","protected":false},"author":4,"featured_media":12562,"comment_status":"open","ping_status":"open","sticky":false,"template":"","format":"standard","meta":{"om_disable_all_campaigns":false,"_monsterinsights_skip_tracking":false,"_monsterinsights_sitenote_active":false,"_monsterinsights_sitenote_note":"","_monsterinsights_sitenote_category":0,"_uf_show_specific_survey":0,"_uf_disable_surveys":false,"footnotes":""},"categories":[2],"tags":[],"class_list":["post-12654","post","type-post","status-publish","format-standard","has-post-thumbnail","hentry","category-not_mpal"],"aioseo_notices":[],"_links":{"self":[{"href":"https:\/\/www.mpal.mp.br\/index.php?rest_route=\/wp\/v2\/posts\/12654","targetHints":{"allow":["GET"]}}],"collection":[{"href":"https:\/\/www.mpal.mp.br\/index.php?rest_route=\/wp\/v2\/posts"}],"about":[{"href":"https:\/\/www.mpal.mp.br\/index.php?rest_route=\/wp\/v2\/types\/post"}],"author":[{"embeddable":true,"href":"https:\/\/www.mpal.mp.br\/index.php?rest_route=\/wp\/v2\/users\/4"}],"replies":[{"embeddable":true,"href":"https:\/\/www.mpal.mp.br\/index.php?rest_route=%2Fwp%2Fv2%2Fcomments&post=12654"}],"version-history":[{"count":1,"href":"https:\/\/www.mpal.mp.br\/index.php?rest_route=\/wp\/v2\/posts\/12654\/revisions"}],"predecessor-version":[{"id":12655,"href":"https:\/\/www.mpal.mp.br\/index.php?rest_route=\/wp\/v2\/posts\/12654\/revisions\/12655"}],"wp:featuredmedia":[{"embeddable":true,"href":"https:\/\/www.mpal.mp.br\/index.php?rest_route=\/wp\/v2\/media\/12562"}],"wp:attachment":[{"href":"https:\/\/www.mpal.mp.br\/index.php?rest_route=%2Fwp%2Fv2%2Fmedia&parent=12654"}],"wp:term":[{"taxonomy":"category","embeddable":true,"href":"https:\/\/www.mpal.mp.br\/index.php?rest_route=%2Fwp%2Fv2%2Fcategories&post=12654"},{"taxonomy":"post_tag","embeddable":true,"href":"https:\/\/www.mpal.mp.br\/index.php?rest_route=%2Fwp%2Fv2%2Ftags&post=12654"}],"curies":[{"name":"wp","href":"https:\/\/api.w.org\/{rel}","templated":true}]}}