{"id":12646,"date":"2014-03-26T09:35:27","date_gmt":"2014-03-26T12:35:27","guid":{"rendered":"https:\/\/www.mpal.mp.br\/?p=12646"},"modified":"2022-07-18T09:38:15","modified_gmt":"2022-07-18T12:38:15","slug":"mpe-al-acompanha-convocacao-de-reserva-tecnica-da-saude-de-maceio-secretaria-cumpre-tac-de-regularizacao-de-pessoal","status":"publish","type":"post","link":"https:\/\/www.mpal.mp.br\/?p=12646","title":{"rendered":"MPE\/AL acompanha convoca\u00e7\u00e3o de reserva t\u00e9cnica da Sa\u00fade de Macei\u00f3; Secretaria cumpre TAC de regulariza\u00e7\u00e3o de pessoal"},"content":{"rendered":"<p style=\"text-align: justify;\" align=\"JUSTIFY\"><span style=\"font-size: 14pt;\">A promotora de Justi\u00e7a da Fazenda Municipal, Fernanda Moreira, recebeu, nesta ter\u00e7a-feira (25), um grupo de aprovados no \u00faltimo concurso da Secretaria de Sa\u00fade de Macei\u00f3, realizado em 2012. Moreira atualizou os concursados das a\u00e7\u00f5es mais recentes do Munic\u00edpio em rela\u00e7\u00e3o ao cumprimento das cl\u00e1usulas previstas no Termo de Ajustamento de Conduta (TAC) firmado em dezembro do ano passado, junto ao Minist\u00e9rio P\u00fablico do Estado de Alagoas (MPE\/AL), para a regulariza\u00e7\u00e3o dos recursos humanos da Secretaria. A promotora de Justi\u00e7a da Sa\u00fade da Capital, Micheline Ten\u00f3rio, tamb\u00e9m acompanha a nomea\u00e7\u00e3o de novos servidores.<\/span><\/p>\n<p style=\"text-align: justify;\" align=\"JUSTIFY\"><span style=\"font-size: 14pt;\">Recentemente, o secret\u00e1rio de Sa\u00fade de Macei\u00f3, Jaelson Gomes Ferreira, apresentou \u00e0s duas promotoras de Justi\u00e7a o cronograma de convoca\u00e7\u00e3o de 141 integrantes da reserva t\u00e9cnica para os pr\u00f3ximos dez dias. At\u00e9 a pr\u00f3xima sexta-feira, ser\u00e3o convocados sete assistentes sociais, oito educadores f\u00edsico, 20 nutricionistas e 31 t\u00e9cnicos de enfermagem, todos da reserva t\u00e9cnica. No dia 4 de abril, ser\u00e1 a vez de mais 60 t\u00e9cnicos de enfermagem ganharem uma oportunidade no servi\u00e7o p\u00fablico, enquanto 12 analistas cl\u00ednicos e tr\u00eas qu\u00edmicos assumir\u00e3o os respectivos postos apenas quando o Laborat\u00f3rio de An\u00e1lises Cl\u00ednicas de Macei\u00f3 (Laclim) abrir.<\/span><\/p>\n<p style=\"text-align: justify;\" align=\"JUSTIFY\"><span style=\"font-size: 14pt;\">A Secretaria Municipal de Sa\u00fade comprovou para o MPE\/AL a nomea\u00e7\u00e3o de 39 concursados para cargos diversos em virtude de vac\u00e2ncia na estrutura administrativa e nos postos de atendimento. O Munic\u00edpio de Macei\u00f3 tamb\u00e9m j\u00e1 iniciou um processo seletivo simplificado para a contrata\u00e7\u00e3o tempor\u00e1ria, por excepcional interesse p\u00fablico, que atender\u00e1 a quantidade de postos de trabalho indispens\u00e1veis, que s\u00e3o ocupados hoje por cargos comissionados.<\/span><\/p>\n<p style=\"text-align: justify;\" align=\"JUSTIFY\"><span style=\"font-size: 14pt;\">\u201cNo entanto, o funcionalismo p\u00fablico s\u00f3 estar\u00e1 adequado \u00e0s demandas de sa\u00fade do Munic\u00edpio com a conclus\u00e3o e aprova\u00e7\u00e3o do texto da Lei Delegada, que visa criar todos os cargos necess\u00e1rios para os \u00f3rg\u00e3os da Prefeitura de Macei\u00f3. Acreditamos que at\u00e9 o segundo semestre o projeto de lei estar\u00e1 pronto\u201d, completa Fernanda Moreira.<\/span><\/p>\n<p style=\"text-align: justify;\" align=\"JUSTIFY\"><span style=\"font-size: 14pt;\">Em cumprimento \u00e0 Lei n\u00ba 5.429\/2005, o Munic\u00edpio de Macei\u00f3 tamb\u00e9m se comprometeu a publicar um decreto, at\u00e9 o dia 14 de abril, definindo os valores das fun\u00e7\u00f5es gratificadas, que ser\u00e3o atribu\u00eddas, posteriormente, a servidores efetivos do quadro da Secretaria Municipal de Sa\u00fade a fim de exercerem tarefas de maior responsabilidade na institui\u00e7\u00e3o.<\/span><\/p>\n<p style=\"text-align: justify;\" align=\"JUSTIFY\"><span style=\"font-size: 14pt;\">Al\u00e9m das promotoras de Justi\u00e7a e do secret\u00e1rio Municipal de Educa\u00e7\u00e3o, estiveram presentes o procurador-geral do Munic\u00edpio, Ricardo Ant\u00f4nio Wanderley, a coordenadora de Administra\u00e7\u00e3o de Recursos Humanos, Maria Cec\u00edlia Bonilla, e a assessoria jur\u00eddica Helayne Regina Santos Sobral.<\/span><\/p>\n<p style=\"text-align: justify;\" align=\"JUSTIFY\"><span style=\"font-size: 14pt;\"><strong>O TAC<\/strong><\/span><\/p>\n<p style=\"text-align: justify;\" align=\"JUSTIFY\"><span style=\"font-size: 14pt;\">Desde 2011 o Termo de Ajustamento de Conduta n\u00ba 437\/2011 foi celebrado entre o Minist\u00e9rio P\u00fablico Estadual de Alagoas e a Secretaria Municipal de Sa\u00fade, entretanto, grande parte dele n\u00e3o fora cumprido pelo Munic\u00edpio de Macei\u00f3. Por conta disso, no dia 19 de dezembro \u00faltimo, uma audi\u00eancia p\u00fablica, na sede do MPE\/AL, foi realizada com a finalidade de se estabelecer prazos para que a Prefeitura demitisse trabalhadores que estavam em situa\u00e7\u00e3o irregular e, na sequ\u00eancia, promovesse a nomea\u00e7\u00e3o dos aprovados em concurso p\u00fablico que permaneciam no cadastro de reserva.<\/span><\/p>\n<p style=\"text-align: justify;\" align=\"JUSTIFY\"><span style=\"font-size: 14pt;\">O compromisso para cumprir os novos prazos foi estabelecido num documento assinado pelas promotoras Fernanda Moreira e Micheline Ten\u00f3rio, da Fazenda P\u00fablica Municipal e do N\u00facleo de Defesa da Sa\u00fade P\u00fablica, respectivamente; pelo procurador do Minist\u00e9rio P\u00fablico de contas Rafael Rodrigues de Alc\u00e2ntara; pelo procurador-geral do Munic\u00edpio, Ricardo Wanderley; pela vereadora Helo\u00edsa Helena e pelo secret\u00e1rio de Sa\u00fade, Ja\u00e9lson Gomes.<\/span><\/p>\n<p style=\"text-align: justify;\" align=\"JUSTIFY\"><span style=\"font-size: 14pt;\">Nele, a Secretaria Municipal de Sa\u00fade se comprometeu a afastar todos os prestadores de servi\u00e7o da chamada \u2018folha de assessoria\u2019 at\u00e9 o \u00faltimo dia do ano de 2013. A referida folha era formada por funcion\u00e1rios terceirizados que exerciam trabalhos burocr\u00e1ticos e, tamb\u00e9m, por servidores que atuavam nas unidades de sa\u00fade da capital. A ressalva era apenas para os casos excepcionais, j\u00e1 previstos no TAC firmado em 2011, que deveriam ser devidamente justificadas e apresentadas ao MPE\/AL.<\/span><\/p>\n","protected":false},"excerpt":{"rendered":"<p> [&hellip;]<\/p>\n","protected":false},"author":4,"featured_media":12647,"comment_status":"open","ping_status":"open","sticky":false,"template":"","format":"standard","meta":{"om_disable_all_campaigns":false,"_monsterinsights_skip_tracking":false,"_monsterinsights_sitenote_active":false,"_monsterinsights_sitenote_note":"","_monsterinsights_sitenote_category":0,"_uf_show_specific_survey":0,"_uf_disable_surveys":false,"footnotes":""},"categories":[2],"tags":[],"class_list":["post-12646","post","type-post","status-publish","format-standard","has-post-thumbnail","hentry","category-not_mpal"],"aioseo_notices":[],"_links":{"self":[{"href":"https:\/\/www.mpal.mp.br\/index.php?rest_route=\/wp\/v2\/posts\/12646","targetHints":{"allow":["GET"]}}],"collection":[{"href":"https:\/\/www.mpal.mp.br\/index.php?rest_route=\/wp\/v2\/posts"}],"about":[{"href":"https:\/\/www.mpal.mp.br\/index.php?rest_route=\/wp\/v2\/types\/post"}],"author":[{"embeddable":true,"href":"https:\/\/www.mpal.mp.br\/index.php?rest_route=\/wp\/v2\/users\/4"}],"replies":[{"embeddable":true,"href":"https:\/\/www.mpal.mp.br\/index.php?rest_route=%2Fwp%2Fv2%2Fcomments&post=12646"}],"version-history":[{"count":1,"href":"https:\/\/www.mpal.mp.br\/index.php?rest_route=\/wp\/v2\/posts\/12646\/revisions"}],"predecessor-version":[{"id":12648,"href":"https:\/\/www.mpal.mp.br\/index.php?rest_route=\/wp\/v2\/posts\/12646\/revisions\/12648"}],"wp:featuredmedia":[{"embeddable":true,"href":"https:\/\/www.mpal.mp.br\/index.php?rest_route=\/wp\/v2\/media\/12647"}],"wp:attachment":[{"href":"https:\/\/www.mpal.mp.br\/index.php?rest_route=%2Fwp%2Fv2%2Fmedia&parent=12646"}],"wp:term":[{"taxonomy":"category","embeddable":true,"href":"https:\/\/www.mpal.mp.br\/index.php?rest_route=%2Fwp%2Fv2%2Fcategories&post=12646"},{"taxonomy":"post_tag","embeddable":true,"href":"https:\/\/www.mpal.mp.br\/index.php?rest_route=%2Fwp%2Fv2%2Ftags&post=12646"}],"curies":[{"name":"wp","href":"https:\/\/api.w.org\/{rel}","templated":true}]}}