{"id":12641,"date":"2014-04-11T09:29:24","date_gmt":"2014-04-11T12:29:24","guid":{"rendered":"https:\/\/www.mpal.mp.br\/?p=12641"},"modified":"2022-07-18T09:32:42","modified_gmt":"2022-07-18T12:32:42","slug":"uncisal-atende-recomendacao-do-mpe-al-para-garantir-gratuidade-em-curso-de-pos-graduacao","status":"publish","type":"post","link":"https:\/\/www.mpal.mp.br\/?p=12641","title":{"rendered":"Uncisal atende recomenda\u00e7\u00e3o do MPE\/AL para garantir gratuidade em curso de p\u00f3s-gradua\u00e7\u00e3o"},"content":{"rendered":"<p style=\"text-align: justify;\" align=\"JUSTIFY\"><span style=\"font-size: 14pt;\">Ap\u00f3s recomenda\u00e7\u00e3o da 19\u00aa Promotoria de Justi\u00e7a da Capital, a Universidade Estadual de Ci\u00eancias da Sa\u00fade de Alagoas (Uncisal) vai devolver o dinheiro de quem pagou pela matr\u00edcula nos cursos de p\u00f3s-gradua\u00e7\u00e3o da institui\u00e7\u00e3o p\u00fablica. A Uncisal acatou integralmente a orienta\u00e7\u00e3o do Minist\u00e9rio P\u00fablico do Estado de Alagoas (MPE\/AL) e determinou que a Funda\u00e7\u00e3o de Apoio ao Ensino, Pesquisa e Extens\u00e3o em Sa\u00fade de Alagoas (Fepesa) convoque todos os alunos a fim de efetuar os devidos pagamentos. Com a devolu\u00e7\u00e3o dos valores, os cursos pagos foram cancelados pela universidade.<\/span><\/p>\n<p style=\"text-align: justify;\" align=\"JUSTIFY\"><span style=\"font-size: 14pt;\">Em mar\u00e7o, a promotora de Justi\u00e7a Cec\u00edlia Carna\u00faba instaurou procedimento administrativo para tratar das den\u00fancias de estudantes referentes \u00e0 cobran\u00e7a de taxas pela Uncisal. O trabalho da Promotoria de Justi\u00e7a tinha como alvo os cursos de especializa\u00e7\u00e3o previstos no Edital\/Uncisal N\u00ba 002\/2014, publicado no DOE no dia 15 de janeiro deste ano. Embora o edital n\u00e3o preveja a cobran\u00e7a de valores, os universit\u00e1rios alegam que a pr\u00e1tica ocorria no ato da matr\u00edcula e permanecia nos 18 meses do curso.<\/span><\/p>\n<p style=\"text-align: justify;\" align=\"JUSTIFY\"><span style=\"font-size: 14pt;\">O Minist\u00e9rio P\u00fablico defende a gratuidade do ensino p\u00fablico em estabelecimentos oficiais, inclusive nos cursos de especializa\u00e7\u00e3o, conforme prev\u00ea o artigo 206, inciso IV da vigente Constitui\u00e7\u00e3o. \u201cA cobran\u00e7a de taxas era inconstitucional e desrespeita preceitos do sistema positivo\u201d, explicou Carna\u00faba quando expediu a recomenda\u00e7\u00e3o \u00e0 administra\u00e7\u00e3o superior da universidade estadual.<\/span><\/p>\n","protected":false},"excerpt":{"rendered":"<p> [&hellip;]<\/p>\n","protected":false},"author":4,"featured_media":2857,"comment_status":"open","ping_status":"open","sticky":false,"template":"","format":"standard","meta":{"om_disable_all_campaigns":false,"_monsterinsights_skip_tracking":false,"_monsterinsights_sitenote_active":false,"_monsterinsights_sitenote_note":"","_monsterinsights_sitenote_category":0,"_uf_show_specific_survey":0,"_uf_disable_surveys":false,"footnotes":""},"categories":[2],"tags":[],"class_list":["post-12641","post","type-post","status-publish","format-standard","has-post-thumbnail","hentry","category-not_mpal"],"aioseo_notices":[],"_links":{"self":[{"href":"https:\/\/www.mpal.mp.br\/index.php?rest_route=\/wp\/v2\/posts\/12641","targetHints":{"allow":["GET"]}}],"collection":[{"href":"https:\/\/www.mpal.mp.br\/index.php?rest_route=\/wp\/v2\/posts"}],"about":[{"href":"https:\/\/www.mpal.mp.br\/index.php?rest_route=\/wp\/v2\/types\/post"}],"author":[{"embeddable":true,"href":"https:\/\/www.mpal.mp.br\/index.php?rest_route=\/wp\/v2\/users\/4"}],"replies":[{"embeddable":true,"href":"https:\/\/www.mpal.mp.br\/index.php?rest_route=%2Fwp%2Fv2%2Fcomments&post=12641"}],"version-history":[{"count":1,"href":"https:\/\/www.mpal.mp.br\/index.php?rest_route=\/wp\/v2\/posts\/12641\/revisions"}],"predecessor-version":[{"id":12642,"href":"https:\/\/www.mpal.mp.br\/index.php?rest_route=\/wp\/v2\/posts\/12641\/revisions\/12642"}],"wp:featuredmedia":[{"embeddable":true,"href":"https:\/\/www.mpal.mp.br\/index.php?rest_route=\/wp\/v2\/media\/2857"}],"wp:attachment":[{"href":"https:\/\/www.mpal.mp.br\/index.php?rest_route=%2Fwp%2Fv2%2Fmedia&parent=12641"}],"wp:term":[{"taxonomy":"category","embeddable":true,"href":"https:\/\/www.mpal.mp.br\/index.php?rest_route=%2Fwp%2Fv2%2Fcategories&post=12641"},{"taxonomy":"post_tag","embeddable":true,"href":"https:\/\/www.mpal.mp.br\/index.php?rest_route=%2Fwp%2Fv2%2Ftags&post=12641"}],"curies":[{"name":"wp","href":"https:\/\/api.w.org\/{rel}","templated":true}]}}