{"id":12629,"date":"2006-02-13T09:24:48","date_gmt":"2006-02-13T11:24:48","guid":{"rendered":"https:\/\/www.mpal.mp.br\/?p=12629"},"modified":"2022-07-18T09:25:41","modified_gmt":"2022-07-18T12:25:41","slug":"acordo-garante-seguranca-de-participantes-do-circuito-da-lua","status":"publish","type":"post","link":"https:\/\/www.mpal.mp.br\/?p=12629","title":{"rendered":"Acordo garante seguran\u00e7a de participantes do \u201cCircuito da Lua\u201d"},"content":{"rendered":"<p style=\"text-align: justify;\"><span style=\"font-size: 14pt;\">Termo de Ajuste de Conduta (TAC) firmado hoje \u00e0 tarde entre o Minist\u00e9rio P\u00fablico de Alagoas, a Prefeitura de Macei\u00f3, o Batalh\u00e3o de Tr\u00e2nsito e os organizadores \u201cCircuito da Lua\u201d vai garantir a seguran\u00e7a dos atletas durante o percurso da corrida de rua, na orla da capital alagoana.<\/span><\/p>\n<p style=\"text-align: justify;\"><span style=\"font-size: 14pt;\">A primeira etapa do circuito 2006, marcada para a quinta-feira, dezesseis, ser\u00e1 acompanhada por dez viaturas e quatro motocicletas, da SMTT, e tr\u00eas viaturas e oito motocicletas, do Bptran. Tamb\u00e9m ficou acordada uma audi\u00eancia, dia dois de mar\u00e7o, quando ser\u00e1 discutida a possibilidade de mudan\u00e7a do trajeto, o que garantir\u00e1 a interdi\u00e7\u00e3o completa do percurso.<\/span><\/p>\n<p style=\"text-align: justify;\"><span style=\"font-size: 14pt;\">Os organizadores do circuito, que formularam den\u00fancias de falhas de seguran\u00e7a no trajeto, agradeceram a todos os participantes da audi\u00eancia \u201ca aten\u00e7\u00e3o dedicada \u00e0 causa do esporte\u201d.<\/span><\/p>\n<p style=\"text-align: justify;\"><span style=\"font-size: 14pt;\">A audi\u00eancia foi convocada pela Promotoria Coletiva Especializada de Defesa do Consumidor. Os promotores de Justi\u00e7a Jos\u00e9 Arthur Mello, Denise Guimar\u00e3es e Max Martins subscreveram o TAC junto com o coordenador de Seguran\u00e7a do Tr\u00e2nsito Ivan Vilela e o procurador S\u00e9rgio Magalh\u00e3es, da SMTT; o secret\u00e1rio adjunto da Secretaria Municipal de Esportes e Lazer, Ant\u00f4nio Gomes Melro; al\u00e9m dos os representantes do Bptran, coronel Marcus Pinheiro e tenente Felipe dos Santos; e do \u201cCircuito da Lua\u201d, Itamar Felipe, Jos\u00e9 Darlan Brand\u00e3o e Stela Bittencourt.<\/span><\/p>\n","protected":false},"excerpt":{"rendered":"<p> [&hellip;]<\/p>\n","protected":false},"author":5,"featured_media":12631,"comment_status":"open","ping_status":"open","sticky":false,"template":"","format":"standard","meta":{"om_disable_all_campaigns":false,"_monsterinsights_skip_tracking":false,"_monsterinsights_sitenote_active":false,"_monsterinsights_sitenote_note":"","_monsterinsights_sitenote_category":0,"_uf_show_specific_survey":0,"_uf_disable_surveys":false,"footnotes":""},"categories":[2],"tags":[],"class_list":["post-12629","post","type-post","status-publish","format-standard","has-post-thumbnail","hentry","category-not_mpal"],"aioseo_notices":[],"_links":{"self":[{"href":"https:\/\/www.mpal.mp.br\/index.php?rest_route=\/wp\/v2\/posts\/12629","targetHints":{"allow":["GET"]}}],"collection":[{"href":"https:\/\/www.mpal.mp.br\/index.php?rest_route=\/wp\/v2\/posts"}],"about":[{"href":"https:\/\/www.mpal.mp.br\/index.php?rest_route=\/wp\/v2\/types\/post"}],"author":[{"embeddable":true,"href":"https:\/\/www.mpal.mp.br\/index.php?rest_route=\/wp\/v2\/users\/5"}],"replies":[{"embeddable":true,"href":"https:\/\/www.mpal.mp.br\/index.php?rest_route=%2Fwp%2Fv2%2Fcomments&post=12629"}],"version-history":[{"count":1,"href":"https:\/\/www.mpal.mp.br\/index.php?rest_route=\/wp\/v2\/posts\/12629\/revisions"}],"predecessor-version":[{"id":12632,"href":"https:\/\/www.mpal.mp.br\/index.php?rest_route=\/wp\/v2\/posts\/12629\/revisions\/12632"}],"wp:featuredmedia":[{"embeddable":true,"href":"https:\/\/www.mpal.mp.br\/index.php?rest_route=\/wp\/v2\/media\/12631"}],"wp:attachment":[{"href":"https:\/\/www.mpal.mp.br\/index.php?rest_route=%2Fwp%2Fv2%2Fmedia&parent=12629"}],"wp:term":[{"taxonomy":"category","embeddable":true,"href":"https:\/\/www.mpal.mp.br\/index.php?rest_route=%2Fwp%2Fv2%2Fcategories&post=12629"},{"taxonomy":"post_tag","embeddable":true,"href":"https:\/\/www.mpal.mp.br\/index.php?rest_route=%2Fwp%2Fv2%2Ftags&post=12629"}],"curies":[{"name":"wp","href":"https:\/\/api.w.org\/{rel}","templated":true}]}}