{"id":12625,"date":"2006-02-15T09:23:31","date_gmt":"2006-02-15T11:23:31","guid":{"rendered":"https:\/\/www.mpal.mp.br\/?p=12625"},"modified":"2022-07-18T09:24:19","modified_gmt":"2022-07-18T12:24:19","slug":"urgencia-neonatal-mp-cobra-conclusao-de-obras-e-instalacao-de-equipamentos","status":"publish","type":"post","link":"https:\/\/www.mpal.mp.br\/?p=12625","title":{"rendered":"Urg\u00eancia neonatal: MP cobra conclus\u00e3o de obras e instala\u00e7\u00e3o de equipamentos"},"content":{"rendered":"<div class=\"content-wrapper-1\">\n<div class=\"content-wrapper-2\">\n<div id=\"mainmiddle\">\n<div id=\"mainmiddle-expand\">\n<div id=\"content\">\n<div id=\"content-shift\">\n<div class=\"floatbox\">\n<div class=\"joomla \">\n<div class=\"article\">\n<div id=\"articlepxfontsize1\">\n<div class=\"corpo\">\n<p style=\"text-align: justify;\"><span style=\"font-size: 14pt;\">A promotora de Justi\u00e7a Micheline Ten\u00f3rio, da Promotoria Coletiva Especializada de Defesa da Sa\u00fade, do Idoso e do Deficiente, vai notificar os agentes p\u00fablicos dos munic\u00edpios de Palmeira dos \u00cdndios, Arapiraca e Macei\u00f3, em fun\u00e7\u00e3o do atraso na conclus\u00e3o das obras e compra de equipamentos que garantiriam a amplia\u00e7\u00e3o do n\u00famero de leitos neonatais em maternidades e hospitais.<\/span><\/p>\n<p style=\"text-align: justify;\"><span style=\"font-size: 14pt;\">\u201cN\u00e3o podemos confundir toler\u00e2ncia com permissividade. Os problemas foram detectados h\u00e1 v\u00e1rios meses, os gestores se comprometeram diante do Minist\u00e9rio P\u00fablico e da sociedade. Diante disso, se as pend\u00eancias n\u00e3o forem equacionadas, vamos garantir, judicialmente, a devida assist\u00eancia\u201d, garante Micheline Ten\u00f3rio.<\/span><\/p>\n<p style=\"text-align: justify;\"><span style=\"font-size: 14pt;\">Desde junho de 2005, em conjunto com o Minist\u00e9rio P\u00fablico Federal, a promotora de Justi\u00e7a abriu um canal de negocia\u00e7\u00e3o com o governo estadual e os gestores municipais, que chegaram a firmar \u201cpor escrito\u201d um compromisso de garantir a infra-estrutura necess\u00e1ria ao atendimento de urg\u00eancia neonatal.<\/span><\/p>\n<p style=\"text-align: justify;\"><span style=\"font-size: 14pt;\">\u201cEstamos tentando evitar uma a\u00e7\u00e3o civil p\u00fablica, entendendo as dificuldades e os apelos dos gestores nas audi\u00eancias j\u00e1 realizadas. A inten\u00e7\u00e3o primeira do MP \u00e9 garantir a assist\u00eancia \u00e0 coletividade e n\u00e3o o atendimento a casos isolados, embora compreendamos a gravidade de situa\u00e7\u00f5es observadas, por exemplo, na Santa M\u00f4nica\u201d, esclarece Micheline.<\/span><\/p>\n<p style=\"text-align: justify;\"><span style=\"font-size: 14pt;\">Pend\u00eancias<\/span><\/p>\n<p style=\"text-align: justify;\"><span style=\"font-size: 14pt;\">De acordo com a representante do Minist\u00e9rio P\u00fablico Estadual, para evitar a superlota\u00e7\u00e3o na Santa M\u00f4nica, 22 novos leitos deveriam j\u00e1 estar funcionando. No entanto, ainda h\u00e1 pend\u00eancias. Segundo ela, em Arapiraca, falta a instala\u00e7\u00e3o do oxig\u00eanio para o funcionamento de dez leitos neonatais. Em Macei\u00f3, a instala\u00e7\u00e3o de todos os equipamentos ainda \u00e9 necess\u00e1ria para ativa\u00e7\u00e3o dos dez leitos neonatais do Hospital do A\u00e7\u00facar.<\/span><\/p>\n<p style=\"text-align: justify;\"><span style=\"font-size: 14pt;\">J\u00e1 no munic\u00edpio de Palmeira dos \u00cdndios, a Secretaria Estadual de Sa\u00fade garantiu a medica\u00e7\u00e3o que auxilia no amadurecimento dos pulm\u00f5es dos rec\u00e9m-nascidos \u2013 o sufactante -, mas apenas oito leitos est\u00e3o funcionando e h\u00e1 dois sendo implementados.<\/span><\/p>\n<\/div>\n<\/div>\n<\/div>\n<\/div>\n<\/div>\n<\/div>\n<\/div>\n<\/div>\n<\/div>\n<\/div>\n<\/div>\n<div class=\"content-wrapper-b1\">\n<div class=\"content-wrapper-b2\" style=\"text-align: justify;\"><\/div>\n<\/div>\n","protected":false},"excerpt":{"rendered":"<p> [&hellip;]<\/p>\n","protected":false},"author":5,"featured_media":12626,"comment_status":"open","ping_status":"open","sticky":false,"template":"","format":"standard","meta":{"om_disable_all_campaigns":false,"_monsterinsights_skip_tracking":false,"_monsterinsights_sitenote_active":false,"_monsterinsights_sitenote_note":"","_monsterinsights_sitenote_category":0,"_uf_show_specific_survey":0,"_uf_disable_surveys":false,"footnotes":""},"categories":[2],"tags":[],"class_list":["post-12625","post","type-post","status-publish","format-standard","has-post-thumbnail","hentry","category-not_mpal"],"aioseo_notices":[],"_links":{"self":[{"href":"https:\/\/www.mpal.mp.br\/index.php?rest_route=\/wp\/v2\/posts\/12625","targetHints":{"allow":["GET"]}}],"collection":[{"href":"https:\/\/www.mpal.mp.br\/index.php?rest_route=\/wp\/v2\/posts"}],"about":[{"href":"https:\/\/www.mpal.mp.br\/index.php?rest_route=\/wp\/v2\/types\/post"}],"author":[{"embeddable":true,"href":"https:\/\/www.mpal.mp.br\/index.php?rest_route=\/wp\/v2\/users\/5"}],"replies":[{"embeddable":true,"href":"https:\/\/www.mpal.mp.br\/index.php?rest_route=%2Fwp%2Fv2%2Fcomments&post=12625"}],"version-history":[{"count":1,"href":"https:\/\/www.mpal.mp.br\/index.php?rest_route=\/wp\/v2\/posts\/12625\/revisions"}],"predecessor-version":[{"id":12627,"href":"https:\/\/www.mpal.mp.br\/index.php?rest_route=\/wp\/v2\/posts\/12625\/revisions\/12627"}],"wp:featuredmedia":[{"embeddable":true,"href":"https:\/\/www.mpal.mp.br\/index.php?rest_route=\/wp\/v2\/media\/12626"}],"wp:attachment":[{"href":"https:\/\/www.mpal.mp.br\/index.php?rest_route=%2Fwp%2Fv2%2Fmedia&parent=12625"}],"wp:term":[{"taxonomy":"category","embeddable":true,"href":"https:\/\/www.mpal.mp.br\/index.php?rest_route=%2Fwp%2Fv2%2Fcategories&post=12625"},{"taxonomy":"post_tag","embeddable":true,"href":"https:\/\/www.mpal.mp.br\/index.php?rest_route=%2Fwp%2Fv2%2Ftags&post=12625"}],"curies":[{"name":"wp","href":"https:\/\/api.w.org\/{rel}","templated":true}]}}