{"id":12621,"date":"2006-02-23T09:22:04","date_gmt":"2006-02-23T12:22:04","guid":{"rendered":"https:\/\/www.mpal.mp.br\/?p=12621"},"modified":"2022-07-18T09:22:59","modified_gmt":"2022-07-18T12:22:59","slug":"verba-do-cidadela-corre-o-risco-de-ser-devolvida","status":"publish","type":"post","link":"https:\/\/www.mpal.mp.br\/?p=12621","title":{"rendered":"Verba do Cidadela corre o risco de ser devolvida"},"content":{"rendered":"<p style=\"text-align: justify;\"><span style=\"font-size: 14pt;\">A verba prevista para execu\u00e7\u00e3o do Projeto Cidadela, destinada pela Uni\u00e3o ao Estado de Alagoas, corre o risco de ser devolvida. Em audi\u00eancia, nesta quinta-feira (22\/02), representantes do MP cobraram provid\u00eancias dos gestores para assegurar a implementa\u00e7\u00e3o do projeto.<\/span><\/p>\n<p style=\"text-align: justify;\"><span style=\"font-size: 14pt;\">O secret\u00e1rio de Justi\u00e7a e Defesa Social, coronel Ronaldo dos Santos, esclareceu que a verba enviada desde novembro de 2004 &#8211; R$ 368.955,95 &#8211; n\u00e3o foi gasta, mas sua libera\u00e7\u00e3o depende da renova\u00e7\u00e3o do conv\u00eanio, cujo prazo de execu\u00e7\u00e3o j\u00e1 se esgotou.<\/span><\/p>\n<p style=\"text-align: justify;\"><span style=\"font-size: 14pt;\">\u201cAt\u00e9 agora, o Estado tamb\u00e9m n\u00e3o incluiu no seu or\u00e7amento previs\u00e3o para o gasto da verba. Caso n\u00e3o haja a implementa\u00e7\u00e3o do projeto, o Estado ter\u00e1 que devolver o dinheiro aos cofres da Uni\u00e3o, o que seria terr\u00edvel, considerando o \u00edndice crescente de viol\u00eancia e a vulnerabilidade dos adolescentes nesse contexto. Tamb\u00e9m vamos exigir a execu\u00e7\u00e3o de uma pol\u00edtica efetiva de seguran\u00e7a\u201d, &#8220;, afirma a promotora de Justi\u00e7a, Alexandra Beurlen.<\/span><\/p>\n<p style=\"text-align: justify;\"><span style=\"font-size: 14pt;\">Ela atua no caso, juntamente com os promotores de Justi\u00e7a Adriana Gomes, Luiz Medeiros e o procurador da Rep\u00fablica Rodrigo Ten\u00f3rio, com apoio do coordenador do N\u00facleo da Inf\u00e2ncia e da Juventude, Ubirajara Ramos.<\/span><\/p>\n","protected":false},"excerpt":{"rendered":"<p> [&hellip;]<\/p>\n","protected":false},"author":5,"featured_media":12622,"comment_status":"open","ping_status":"open","sticky":false,"template":"","format":"standard","meta":{"om_disable_all_campaigns":false,"_monsterinsights_skip_tracking":false,"_monsterinsights_sitenote_active":false,"_monsterinsights_sitenote_note":"","_monsterinsights_sitenote_category":0,"_uf_show_specific_survey":0,"_uf_disable_surveys":false,"footnotes":""},"categories":[2],"tags":[],"class_list":["post-12621","post","type-post","status-publish","format-standard","has-post-thumbnail","hentry","category-not_mpal"],"aioseo_notices":[],"_links":{"self":[{"href":"https:\/\/www.mpal.mp.br\/index.php?rest_route=\/wp\/v2\/posts\/12621","targetHints":{"allow":["GET"]}}],"collection":[{"href":"https:\/\/www.mpal.mp.br\/index.php?rest_route=\/wp\/v2\/posts"}],"about":[{"href":"https:\/\/www.mpal.mp.br\/index.php?rest_route=\/wp\/v2\/types\/post"}],"author":[{"embeddable":true,"href":"https:\/\/www.mpal.mp.br\/index.php?rest_route=\/wp\/v2\/users\/5"}],"replies":[{"embeddable":true,"href":"https:\/\/www.mpal.mp.br\/index.php?rest_route=%2Fwp%2Fv2%2Fcomments&post=12621"}],"version-history":[{"count":1,"href":"https:\/\/www.mpal.mp.br\/index.php?rest_route=\/wp\/v2\/posts\/12621\/revisions"}],"predecessor-version":[{"id":12623,"href":"https:\/\/www.mpal.mp.br\/index.php?rest_route=\/wp\/v2\/posts\/12621\/revisions\/12623"}],"wp:featuredmedia":[{"embeddable":true,"href":"https:\/\/www.mpal.mp.br\/index.php?rest_route=\/wp\/v2\/media\/12622"}],"wp:attachment":[{"href":"https:\/\/www.mpal.mp.br\/index.php?rest_route=%2Fwp%2Fv2%2Fmedia&parent=12621"}],"wp:term":[{"taxonomy":"category","embeddable":true,"href":"https:\/\/www.mpal.mp.br\/index.php?rest_route=%2Fwp%2Fv2%2Fcategories&post=12621"},{"taxonomy":"post_tag","embeddable":true,"href":"https:\/\/www.mpal.mp.br\/index.php?rest_route=%2Fwp%2Fv2%2Ftags&post=12621"}],"curies":[{"name":"wp","href":"https:\/\/api.w.org\/{rel}","templated":true}]}}