{"id":12619,"date":"2014-05-23T09:21:23","date_gmt":"2014-05-23T12:21:23","guid":{"rendered":"https:\/\/www.mpal.mp.br\/?p=12619"},"modified":"2022-07-18T09:24:15","modified_gmt":"2022-07-18T12:24:15","slug":"promotor-da-fazenda-publica-estadual-coaracy-fonseca-ministra-palestra-durante-seminario-dos-defensores-publicos-de-alagoas","status":"publish","type":"post","link":"https:\/\/www.mpal.mp.br\/?p=12619","title":{"rendered":"Promotor da Fazenda P\u00fablica estadual Coaracy Fonseca ministra palestra durante &#8220;Semin\u00e1rio dos Defensores P\u00fablicos de Alagoas&#8221;"},"content":{"rendered":"<p style=\"text-align: justify;\"><span style=\"font-size: 14pt;\">O promotor de justi\u00e7a da Fazenda P\u00fablica estadual, Coaracy da Mata Fonseca, participou na noite de ontem do 4\u00ba Semin\u00e1rio dos defensores p\u00fablicos do Estado de Alagoas que aconteceu no audit\u00f3rio do pr\u00e9dio sede da Defensoria P\u00fablica, situado na Avenida Fernandes Lima, bairro Gruta de Lourdes.<\/span><\/p>\n<p style=\"text-align: justify;\" align=\"JUSTIFY\"><span style=\"font-size: 14pt;\">Durante a oportunidade, o membro do Minist\u00e9rio P\u00fablico do estado de Alagoas ministrou a palestra intitulada \u201cOs medicamentos de alto custo e os limites protetivos do Estado na \u00e1rea da sa\u00fade\u201d. Para presidir a mesa, esteve presente a defensora p\u00fablica e coordenadora do N\u00facleo de Assist\u00eancia ao Consumidor da Defensoria P\u00fablica, Norma Negr\u00e3o.<\/span><\/p>\n<p style=\"text-align: justify;\" align=\"JUSTIFY\"><span style=\"font-size: 14pt;\">O 4\u00ba Semin\u00e1rio dos defensores p\u00fablicos \u00e9 uma realiza\u00e7\u00e3o da Escola Superior da Defens\u00f3ria P\u00fablica e da Defensoria P\u00fablica-Geral do estado de Alagoas, contando com o apoio da Associa\u00e7\u00e3o dos Defensores P\u00fablicos do Estado de Alagoas (Adepal). O evento est\u00e1 sendo realizado em comemora\u00e7\u00e3o ao dia do defensor p\u00fablico, durante os dias 22 e 23.<\/span><\/p>\n<p style=\"text-align: justify;\" align=\"JUSTIFY\"><span style=\"font-size: 14pt;\">Como todas as edi\u00e7\u00f5es, o momento serve para homenagear os defensores P\u00fablicos e seu importante papel na sociedade. A solenidade de abertura aconteceu ontem \u00e0s 19 horas. Logo em seguida, dando in\u00edcio a programa\u00e7\u00e3o, foi ministrada a palestra \u201cA iniciativa instrut\u00f3ria do juiz no Processo Penal\u201d, com o palestrante Jo\u00e3o Fiorillo de Souza, que \u00e9 defensor p\u00fablico, mestre em Direito P\u00fablico e especialista em Ci\u00eancias Penais. Tendo a programa\u00e7\u00e3o da noite de ontem o encerramento com a palestra do promotor Coaracy da Mata Fonseca.<\/span><\/p>\n","protected":false},"excerpt":{"rendered":"<p> [&hellip;]<\/p>\n","protected":false},"author":4,"featured_media":12620,"comment_status":"open","ping_status":"open","sticky":false,"template":"","format":"standard","meta":{"om_disable_all_campaigns":false,"_monsterinsights_skip_tracking":false,"_monsterinsights_sitenote_active":false,"_monsterinsights_sitenote_note":"","_monsterinsights_sitenote_category":0,"_uf_show_specific_survey":0,"_uf_disable_surveys":false,"footnotes":""},"categories":[2],"tags":[],"class_list":["post-12619","post","type-post","status-publish","format-standard","has-post-thumbnail","hentry","category-not_mpal"],"aioseo_notices":[],"_links":{"self":[{"href":"https:\/\/www.mpal.mp.br\/index.php?rest_route=\/wp\/v2\/posts\/12619","targetHints":{"allow":["GET"]}}],"collection":[{"href":"https:\/\/www.mpal.mp.br\/index.php?rest_route=\/wp\/v2\/posts"}],"about":[{"href":"https:\/\/www.mpal.mp.br\/index.php?rest_route=\/wp\/v2\/types\/post"}],"author":[{"embeddable":true,"href":"https:\/\/www.mpal.mp.br\/index.php?rest_route=\/wp\/v2\/users\/4"}],"replies":[{"embeddable":true,"href":"https:\/\/www.mpal.mp.br\/index.php?rest_route=%2Fwp%2Fv2%2Fcomments&post=12619"}],"version-history":[{"count":1,"href":"https:\/\/www.mpal.mp.br\/index.php?rest_route=\/wp\/v2\/posts\/12619\/revisions"}],"predecessor-version":[{"id":12624,"href":"https:\/\/www.mpal.mp.br\/index.php?rest_route=\/wp\/v2\/posts\/12619\/revisions\/12624"}],"wp:featuredmedia":[{"embeddable":true,"href":"https:\/\/www.mpal.mp.br\/index.php?rest_route=\/wp\/v2\/media\/12620"}],"wp:attachment":[{"href":"https:\/\/www.mpal.mp.br\/index.php?rest_route=%2Fwp%2Fv2%2Fmedia&parent=12619"}],"wp:term":[{"taxonomy":"category","embeddable":true,"href":"https:\/\/www.mpal.mp.br\/index.php?rest_route=%2Fwp%2Fv2%2Fcategories&post=12619"},{"taxonomy":"post_tag","embeddable":true,"href":"https:\/\/www.mpal.mp.br\/index.php?rest_route=%2Fwp%2Fv2%2Ftags&post=12619"}],"curies":[{"name":"wp","href":"https:\/\/api.w.org\/{rel}","templated":true}]}}