{"id":12612,"date":"2006-03-10T09:08:18","date_gmt":"2006-03-10T12:08:18","guid":{"rendered":"https:\/\/www.mpal.mp.br\/?p=12612"},"modified":"2022-07-18T09:09:01","modified_gmt":"2022-07-18T12:09:01","slug":"projeto-ficai-amplia-atuacao-nos-municipios","status":"publish","type":"post","link":"https:\/\/www.mpal.mp.br\/?p=12612","title":{"rendered":"Projeto Ficai amplia atua\u00e7\u00e3o nos munic\u00edpios"},"content":{"rendered":"<p style=\"text-align: justify;\"><span style=\"font-size: 14pt;\">O Minist\u00e9rio P\u00fablico de Alagoas juntamente com a Secretaria Estadual de Educa\u00e7\u00e3o promove segunda-feira (13\/03), \u00e0s 10 horas, no audit\u00f3rio da Procuradoria Geral de Justi\u00e7a, encontro com gestores p\u00fablicos de 36 munic\u00edpios alagoanos interessados na implanta\u00e7\u00e3o do Projeto Ficai (Ficha de Acompanhamento do Aluno Infrequente).<\/span><\/p>\n<p style=\"text-align: justify;\"><span style=\"font-size: 14pt;\">O coordenador do N\u00facleo da Inf\u00e2ncia e da Juventude, promotor de Justi\u00e7a Ubirajara Ramos, e a coordenadora do Ficai, \u00c2ngela Barbosa, far\u00e3o a apresenta\u00e7\u00e3o do projeto, que j\u00e1 foi institu\u00eddo em 28 munic\u00edpios de Alagoas.<\/span><\/p>\n","protected":false},"excerpt":{"rendered":"<p> [&hellip;]<\/p>\n","protected":false},"author":5,"featured_media":12614,"comment_status":"open","ping_status":"open","sticky":false,"template":"","format":"standard","meta":{"om_disable_all_campaigns":false,"_monsterinsights_skip_tracking":false,"_monsterinsights_sitenote_active":false,"_monsterinsights_sitenote_note":"","_monsterinsights_sitenote_category":0,"_uf_show_specific_survey":0,"_uf_disable_surveys":false,"footnotes":""},"categories":[2],"tags":[],"class_list":["post-12612","post","type-post","status-publish","format-standard","has-post-thumbnail","hentry","category-not_mpal"],"aioseo_notices":[],"_links":{"self":[{"href":"https:\/\/www.mpal.mp.br\/index.php?rest_route=\/wp\/v2\/posts\/12612","targetHints":{"allow":["GET"]}}],"collection":[{"href":"https:\/\/www.mpal.mp.br\/index.php?rest_route=\/wp\/v2\/posts"}],"about":[{"href":"https:\/\/www.mpal.mp.br\/index.php?rest_route=\/wp\/v2\/types\/post"}],"author":[{"embeddable":true,"href":"https:\/\/www.mpal.mp.br\/index.php?rest_route=\/wp\/v2\/users\/5"}],"replies":[{"embeddable":true,"href":"https:\/\/www.mpal.mp.br\/index.php?rest_route=%2Fwp%2Fv2%2Fcomments&post=12612"}],"version-history":[{"count":1,"href":"https:\/\/www.mpal.mp.br\/index.php?rest_route=\/wp\/v2\/posts\/12612\/revisions"}],"predecessor-version":[{"id":12615,"href":"https:\/\/www.mpal.mp.br\/index.php?rest_route=\/wp\/v2\/posts\/12612\/revisions\/12615"}],"wp:featuredmedia":[{"embeddable":true,"href":"https:\/\/www.mpal.mp.br\/index.php?rest_route=\/wp\/v2\/media\/12614"}],"wp:attachment":[{"href":"https:\/\/www.mpal.mp.br\/index.php?rest_route=%2Fwp%2Fv2%2Fmedia&parent=12612"}],"wp:term":[{"taxonomy":"category","embeddable":true,"href":"https:\/\/www.mpal.mp.br\/index.php?rest_route=%2Fwp%2Fv2%2Fcategories&post=12612"},{"taxonomy":"post_tag","embeddable":true,"href":"https:\/\/www.mpal.mp.br\/index.php?rest_route=%2Fwp%2Fv2%2Ftags&post=12612"}],"curies":[{"name":"wp","href":"https:\/\/api.w.org\/{rel}","templated":true}]}}