{"id":12593,"date":"2006-03-24T09:00:58","date_gmt":"2006-03-24T12:00:58","guid":{"rendered":"https:\/\/www.mpal.mp.br\/?p=12593"},"modified":"2022-07-18T09:01:50","modified_gmt":"2022-07-18T12:01:50","slug":"investigacao-casal-mp-entra-com-acao-cautelar-para-garantir-producao-de-laudo","status":"publish","type":"post","link":"https:\/\/www.mpal.mp.br\/?p=12593","title":{"rendered":"Investiga\u00e7\u00e3o Casal: MP entra com a\u00e7\u00e3o cautelar para garantir produ\u00e7\u00e3o de laudo"},"content":{"rendered":"<p style=\"text-align: justify;\"><span style=\"font-size: 14pt;\">O promotor de Justi\u00e7a Sidrack Nascimento, do N\u00facleo da Fazenda P\u00fablica Estadual, entrou com a\u00e7\u00e3o cautelar, nesta sexta-feira (24\/03), no F\u00f3rum de Macei\u00f3, para garantir a produ\u00e7\u00e3o de um laudo t\u00e9cnico sobre a suposta venda irregular dos tubos de ferro da adutora Belo Monte-Jacar\u00e9 dos Homens, ocorrida em 2003.<\/span><\/p>\n<p style=\"text-align: justify;\"><span style=\"font-size: 14pt;\">\u201cA a\u00e7\u00e3o cautelar foi necess\u00e1ria, uma vez que j\u00e1 hav\u00edamos solicitado o laudo e n\u00e3o obtivemos resposta. O laudo deve ser produzido por uma empresa id\u00f4nea e sem qualquer liga\u00e7\u00e3o com as parte envolvidas no processo\u201d, ressalta o representante do Minist\u00e9rio P\u00fablico alagoano, que apura juntamente com a promotora de usti\u00e7a Norma Ten\u00f3rio.<\/span><\/p>\n<p style=\"text-align: justify;\"><span style=\"font-size: 14pt;\">O laudo, segundo os promotores de Justi\u00e7a, \u00e9 um elemento essencial, j\u00e1 que vai responder a quest\u00f5es ainda obscuras. O MP quer saber: se os canos retirados s\u00e3o considerados inserv\u00edveis; se a tubula\u00e7\u00e3o de 100mm responde satisfatoriamente ao fornecimento de \u00e1gua por gravidade e o valor real dos canos retirados.<\/span><\/p>\n<p style=\"text-align: justify;\"><span style=\"font-size: 14pt;\">Os promotores de Justi\u00e7a v\u00eam atuando no caso desde 7 de novembro do ano passado, quando foi instaurado o inqu\u00e9rito administrativo. Todos os diretores da Casal \u2013 gest\u00e3o atual, anterior e da \u00e9poca do fato \u2013 foram ouvidos, al\u00e9m do leiloeiro e do representante da empresa que comprou os canos.<\/span><\/p>\n","protected":false},"excerpt":{"rendered":"<p> [&hellip;]<\/p>\n","protected":false},"author":5,"featured_media":12594,"comment_status":"open","ping_status":"open","sticky":false,"template":"","format":"standard","meta":{"om_disable_all_campaigns":false,"_monsterinsights_skip_tracking":false,"_monsterinsights_sitenote_active":false,"_monsterinsights_sitenote_note":"","_monsterinsights_sitenote_category":0,"_uf_show_specific_survey":0,"_uf_disable_surveys":false,"footnotes":""},"categories":[2],"tags":[],"class_list":["post-12593","post","type-post","status-publish","format-standard","has-post-thumbnail","hentry","category-not_mpal"],"aioseo_notices":[],"_links":{"self":[{"href":"https:\/\/www.mpal.mp.br\/index.php?rest_route=\/wp\/v2\/posts\/12593","targetHints":{"allow":["GET"]}}],"collection":[{"href":"https:\/\/www.mpal.mp.br\/index.php?rest_route=\/wp\/v2\/posts"}],"about":[{"href":"https:\/\/www.mpal.mp.br\/index.php?rest_route=\/wp\/v2\/types\/post"}],"author":[{"embeddable":true,"href":"https:\/\/www.mpal.mp.br\/index.php?rest_route=\/wp\/v2\/users\/5"}],"replies":[{"embeddable":true,"href":"https:\/\/www.mpal.mp.br\/index.php?rest_route=%2Fwp%2Fv2%2Fcomments&post=12593"}],"version-history":[{"count":1,"href":"https:\/\/www.mpal.mp.br\/index.php?rest_route=\/wp\/v2\/posts\/12593\/revisions"}],"predecessor-version":[{"id":12596,"href":"https:\/\/www.mpal.mp.br\/index.php?rest_route=\/wp\/v2\/posts\/12593\/revisions\/12596"}],"wp:featuredmedia":[{"embeddable":true,"href":"https:\/\/www.mpal.mp.br\/index.php?rest_route=\/wp\/v2\/media\/12594"}],"wp:attachment":[{"href":"https:\/\/www.mpal.mp.br\/index.php?rest_route=%2Fwp%2Fv2%2Fmedia&parent=12593"}],"wp:term":[{"taxonomy":"category","embeddable":true,"href":"https:\/\/www.mpal.mp.br\/index.php?rest_route=%2Fwp%2Fv2%2Fcategories&post=12593"},{"taxonomy":"post_tag","embeddable":true,"href":"https:\/\/www.mpal.mp.br\/index.php?rest_route=%2Fwp%2Fv2%2Ftags&post=12593"}],"curies":[{"name":"wp","href":"https:\/\/api.w.org\/{rel}","templated":true}]}}