{"id":12586,"date":"2014-07-24T08:58:01","date_gmt":"2014-07-24T11:58:01","guid":{"rendered":"https:\/\/www.mpal.mp.br\/?p=12586"},"modified":"2022-07-18T09:01:31","modified_gmt":"2022-07-18T12:01:31","slug":"promotoria-da-fazenda-publica-estadual-comeca-a-investigar-contrato-para-construcao-de-rodovia-na-regiao-norte","status":"publish","type":"post","link":"https:\/\/www.mpal.mp.br\/?p=12586","title":{"rendered":"Promotoria da Fazenda P\u00fablica estadual come\u00e7a a investigar contrato para constru\u00e7\u00e3o de rodovia na regi\u00e3o Norte"},"content":{"rendered":"<p style=\"text-align: justify;\"><span style=\"font-size: 14pt;\">Atrav\u00e9s da Portaria n\u00ba 5\/2014, publicada no Di\u00e1rio Oficial desta quinta-feira (24), a 20\u00aa Promotoria de Justi\u00e7a da capital instaurou um procedimento preliminar de investiga\u00e7\u00e3o para apurar suposta irregularidade na constru\u00e7\u00e3o de rodovia AL-105. O contrato fora firmado entre o governo do Estado e a construtora Amorim Barreto Engenharia LTDA.<\/span><\/p>\n<p style=\"text-align: justify;\" align=\"JUSTIFY\"><span style=\"font-size: 14pt;\">A investiga\u00e7\u00e3o foi motivada ap\u00f3s o recebimento de c\u00f3pia do procedimento investigat\u00f3rio encaminhado pela Promotoria de Justi\u00e7a de S\u00e3o Luis do Quitunde, cuja titularidade \u00e9 do promotor Jorge Bezerra. Em audi\u00eancias realizadas nos dias 13 de maio e 10 de julho deste ano, a autoridade ministerial reuniu-se com representantes do Departamento de Estradas e Rodagens do Estado de Alagoas (DER), da Prefeitura daquele munic\u00edpio, da pr\u00f3pria construtora e com moradores de povoados localizados nas proximidades da obra. Nos dois encontros, a comunidade, quando foi ouvida, informou ao Minist\u00e9rio P\u00fablico que a constru\u00e7\u00e3o da pista AL-105, que dever\u00e1 ligar S\u00e3o Luis do Quitunde a Macei\u00f3, estaria obstruindo o acesso das pessoas \u00e0s suas casas e que as interven\u00e7\u00f5es provocadas pela execu\u00e7\u00e3o do servi\u00e7o estariam colocando a vida dos moradores em risco, haja vista que uma barreira estava na imin\u00eancia de cair sobre a estrada.<\/span><\/p>\n<p style=\"text-align: justify;\" align=\"JUSTIFY\"><span style=\"font-size: 14pt;\">Na audi\u00eancia do dia 13 de maio foram ouvidos moradores dos povoados Pindobinha, Fomento, Castanhinha, Cabe\u00e7a de Porco, Lagoa Vermelha e Barreiros. J\u00e1 no dia 10 deste m\u00eas, o promotor Jorge Bezerra ouviu representantes do DER, da Secretaria de Obras de S\u00e3o Luis, da Amorim Barreto Engenharia LTDA e tr\u00eas l\u00edderes comunit\u00e1rios do Povoado Fomento.<\/span><\/p>\n<p style=\"text-align: justify;\" align=\"JUSTIFY\"><span style=\"font-size: 14pt;\">Nesse \u00faltimo encontro, o MPE\/AL estabeleceu prazo para que a Prefeitura informe se a construtora tem alvar\u00e1 para a execu\u00e7\u00e3o da obra e recomendou ao Munic\u00edpio a ado\u00e7\u00e3o das medidas necess\u00e1rias para o impedimento de tr\u00e2nsito na \u00e1rea, j\u00e1 que houve a den\u00fancia do risco de desabamento de uma barreira.<\/span><\/p>\n<p style=\"text-align: justify;\" align=\"JUSTIFY\"><span style=\"font-size: 14pt;\"><strong>Fazenda P\u00fablica tamb\u00e9m investigar\u00e1 obra<\/strong><\/span><\/p>\n<p style=\"text-align: justify;\" align=\"JUSTIFY\"><span style=\"font-size: 14pt;\">Diante das informa\u00e7\u00f5es recebidas da Promotoria de Justi\u00e7a de S\u00e3o Luis do Quitunde, o promotor Sidrack Nascimento, da 20\u00aa Promotoria de Justi\u00e7a da capital \u2013 Fazenda P\u00fablica estadual, decidiu instaurar um procedimento preliminar de investiga\u00e7\u00e3o para apurar supostas ilegalidades na execu\u00e7\u00e3o da obra. \u201cVamos investigar se houve irregularidade durante o processo licitat\u00f3rio e no contrato firmado entre o Estado de Alagoas e a empresa Amorim Barreto Engenharia LTDA. O Minist\u00e9rio P\u00fablico \u00e9 uma institui\u00e7\u00e3o permanente, essencial \u00e0 fun\u00e7\u00e3o jurisdicional do Estado e lhe est\u00e1 incumbida a defesa da ordem jur\u00eddica, do regime democr\u00e1tico, dos interesses sociais e individuais indispon\u00edveis, al\u00e9m da vigil\u00e2ncia \u00e0 probidade\u201d, disse o promotor.<\/span><\/p>\n","protected":false},"excerpt":{"rendered":"<p> [&hellip;]<\/p>\n","protected":false},"author":4,"featured_media":7620,"comment_status":"open","ping_status":"open","sticky":false,"template":"","format":"standard","meta":{"om_disable_all_campaigns":false,"_monsterinsights_skip_tracking":false,"_monsterinsights_sitenote_active":false,"_monsterinsights_sitenote_note":"","_monsterinsights_sitenote_category":0,"_uf_show_specific_survey":0,"_uf_disable_surveys":false,"footnotes":""},"categories":[2],"tags":[],"class_list":["post-12586","post","type-post","status-publish","format-standard","has-post-thumbnail","hentry","category-not_mpal"],"aioseo_notices":[],"_links":{"self":[{"href":"https:\/\/www.mpal.mp.br\/index.php?rest_route=\/wp\/v2\/posts\/12586","targetHints":{"allow":["GET"]}}],"collection":[{"href":"https:\/\/www.mpal.mp.br\/index.php?rest_route=\/wp\/v2\/posts"}],"about":[{"href":"https:\/\/www.mpal.mp.br\/index.php?rest_route=\/wp\/v2\/types\/post"}],"author":[{"embeddable":true,"href":"https:\/\/www.mpal.mp.br\/index.php?rest_route=\/wp\/v2\/users\/4"}],"replies":[{"embeddable":true,"href":"https:\/\/www.mpal.mp.br\/index.php?rest_route=%2Fwp%2Fv2%2Fcomments&post=12586"}],"version-history":[{"count":1,"href":"https:\/\/www.mpal.mp.br\/index.php?rest_route=\/wp\/v2\/posts\/12586\/revisions"}],"predecessor-version":[{"id":12592,"href":"https:\/\/www.mpal.mp.br\/index.php?rest_route=\/wp\/v2\/posts\/12586\/revisions\/12592"}],"wp:featuredmedia":[{"embeddable":true,"href":"https:\/\/www.mpal.mp.br\/index.php?rest_route=\/wp\/v2\/media\/7620"}],"wp:attachment":[{"href":"https:\/\/www.mpal.mp.br\/index.php?rest_route=%2Fwp%2Fv2%2Fmedia&parent=12586"}],"wp:term":[{"taxonomy":"category","embeddable":true,"href":"https:\/\/www.mpal.mp.br\/index.php?rest_route=%2Fwp%2Fv2%2Fcategories&post=12586"},{"taxonomy":"post_tag","embeddable":true,"href":"https:\/\/www.mpal.mp.br\/index.php?rest_route=%2Fwp%2Fv2%2Ftags&post=12586"}],"curies":[{"name":"wp","href":"https:\/\/api.w.org\/{rel}","templated":true}]}}