{"id":12576,"date":"2006-04-26T08:55:15","date_gmt":"2006-04-26T11:55:15","guid":{"rendered":"https:\/\/www.mpal.mp.br\/?p=12576"},"modified":"2022-07-18T08:55:57","modified_gmt":"2022-07-18T11:55:57","slug":"reuniao-sobre-revenda-do-gas-de-cozinha-e-adiada","status":"publish","type":"post","link":"https:\/\/www.mpal.mp.br\/?p=12576","title":{"rendered":"Reuni\u00e3o sobre revenda do g\u00e1s de cozinha \u00e9 adiada"},"content":{"rendered":"<div class=\"content-wrapper-1\">\n<div class=\"content-wrapper-2\">\n<div id=\"mainmiddle\">\n<div id=\"mainmiddle-expand\">\n<div id=\"content\">\n<div id=\"content-shift\">\n<div class=\"floatbox\">\n<div class=\"joomla \">\n<div class=\"article\">\n<div id=\"articlepxfontsize1\">\n<p style=\"text-align: justify;\"><span style=\"font-size: 14pt;\">A reuni\u00e3o que aconteceria nesta quarta-feira, em Uni\u00e3o dos Palmares, para repasse do Termo de Ajuste de Conduta (TAC) sobre as condi\u00e7\u00f5es de revenda de g\u00e1s de cozinha (GLP) foi adiada para dia 02 de maio e transferida para a sede da Prefeitura Muicipal. De acordo com a promotora de Justi\u00e7a Carmem Syvia Nogueira, a transfer\u00eancia ocorreu devido \u00e0 mudan\u00e7a da sede da Promotoria de Justi\u00e7a local.<\/span><\/p>\n<p style=\"text-align: justify;\"><span style=\"font-size: 14pt;\">Desde julho do ano passando, Carmem Sylvia vem intermediando a discuss\u00e3o do TAC, juntamente com os promotores de Justi\u00e7a T\u00e1cito Yuri Melo e Adilza de Freitas. \u201cO Corpo de Bombeiros mapeou a cidade e nos encaminhou den\u00fancias da comunidade. Portanto, essa parceria das duas institui\u00e7\u00f5es ser\u00e1 fundamental para o sucesso do TAC&#8221;, ressalta.<\/span><\/p>\n<p style=\"text-align: justify;\"><span style=\"font-size: 14pt;\">O descumprimento dos pontos acordados pode resultar em multa de 1000 UFIRs, independente de outras penalidades previstas em lei, mas segundo a promotora de Justi\u00e7a, o que o MP quer mesmo \u00e9 conscientizar quem vende e quem consome o produto para evitar acidentes de graves propor\u00e7\u00f5es.<\/span><\/p>\n<p style=\"text-align: justify;\"><span style=\"font-size: 14pt;\">Principais pontos acordados<\/span><\/p>\n<p style=\"text-align: justify;\"><span style=\"font-size: 14pt;\">Armazenamento e comercializa\u00e7\u00e3o \u2013 para revender o GLP os postos ter\u00e3o que obter um Certificado de Capacita\u00e7\u00e3o T\u00e9cnica ou de Funcionamento.<\/span><\/p>\n<p style=\"text-align: justify;\"><span style=\"font-size: 14pt;\">Libera\u00e7\u00e3o de alvar\u00e1 \u2013 a Prefeitura Municipal de Uni\u00e3o dos Palmares s\u00f3 liberar\u00e1 alvar\u00e1 provis\u00f3rio para funcionamento dos postos de revenda, ap\u00f3s fiscaliza\u00e7\u00e3o e aprova\u00e7\u00e3o do Corpo de Bombeiros.<\/span><\/p>\n<p style=\"text-align: justify;\"><span style=\"font-size: 14pt;\">Clandestinos \u2013 os que n\u00e3o cumprirem as normas relacionadas ao transporte, armazenamento e comercializa\u00e7\u00e3o dos botij\u00f5es de GLP ser\u00e3o considerados clandestinos.<\/span><\/p>\n<p style=\"text-align: justify;\"><span style=\"font-size: 14pt;\">Prazos \u2013 as empresas distribuidoras\/revendedoras t\u00eam dez dias, a contar desta data (11\/04) para recolher todos os recipientes de GLP que estiverem sendo comercializados em ambientes inaceit\u00e1veis (fechados com laje, lacrados e sem ventila\u00e7\u00e3o); e 60 dias para regularizar os demais locais com capacidade de aproveitamento.<\/span><\/p>\n<\/div>\n<\/div>\n<\/div>\n<\/div>\n<\/div>\n<\/div>\n<\/div>\n<\/div>\n<\/div>\n<\/div>\n<div class=\"content-wrapper-b1\">\n<div class=\"content-wrapper-b2\" style=\"text-align: justify;\"><\/div>\n<\/div>\n","protected":false},"excerpt":{"rendered":"<p> [&hellip;]<\/p>\n","protected":false},"author":5,"featured_media":12578,"comment_status":"open","ping_status":"open","sticky":false,"template":"","format":"standard","meta":{"om_disable_all_campaigns":false,"_monsterinsights_skip_tracking":false,"_monsterinsights_sitenote_active":false,"_monsterinsights_sitenote_note":"","_monsterinsights_sitenote_category":0,"_uf_show_specific_survey":0,"_uf_disable_surveys":false,"footnotes":""},"categories":[2],"tags":[],"class_list":["post-12576","post","type-post","status-publish","format-standard","has-post-thumbnail","hentry","category-not_mpal"],"aioseo_notices":[],"_links":{"self":[{"href":"https:\/\/www.mpal.mp.br\/index.php?rest_route=\/wp\/v2\/posts\/12576","targetHints":{"allow":["GET"]}}],"collection":[{"href":"https:\/\/www.mpal.mp.br\/index.php?rest_route=\/wp\/v2\/posts"}],"about":[{"href":"https:\/\/www.mpal.mp.br\/index.php?rest_route=\/wp\/v2\/types\/post"}],"author":[{"embeddable":true,"href":"https:\/\/www.mpal.mp.br\/index.php?rest_route=\/wp\/v2\/users\/5"}],"replies":[{"embeddable":true,"href":"https:\/\/www.mpal.mp.br\/index.php?rest_route=%2Fwp%2Fv2%2Fcomments&post=12576"}],"version-history":[{"count":1,"href":"https:\/\/www.mpal.mp.br\/index.php?rest_route=\/wp\/v2\/posts\/12576\/revisions"}],"predecessor-version":[{"id":12579,"href":"https:\/\/www.mpal.mp.br\/index.php?rest_route=\/wp\/v2\/posts\/12576\/revisions\/12579"}],"wp:featuredmedia":[{"embeddable":true,"href":"https:\/\/www.mpal.mp.br\/index.php?rest_route=\/wp\/v2\/media\/12578"}],"wp:attachment":[{"href":"https:\/\/www.mpal.mp.br\/index.php?rest_route=%2Fwp%2Fv2%2Fmedia&parent=12576"}],"wp:term":[{"taxonomy":"category","embeddable":true,"href":"https:\/\/www.mpal.mp.br\/index.php?rest_route=%2Fwp%2Fv2%2Fcategories&post=12576"},{"taxonomy":"post_tag","embeddable":true,"href":"https:\/\/www.mpal.mp.br\/index.php?rest_route=%2Fwp%2Fv2%2Ftags&post=12576"}],"curies":[{"name":"wp","href":"https:\/\/api.w.org\/{rel}","templated":true}]}}