{"id":12571,"date":"2006-05-05T08:54:11","date_gmt":"2006-05-05T11:54:11","guid":{"rendered":"https:\/\/www.mpal.mp.br\/?p=12571"},"modified":"2022-07-18T08:54:57","modified_gmt":"2022-07-18T11:54:57","slug":"mp-constata-presenca-de-criancas-e-adolescentes-no-lixao-de-arapiraca","status":"publish","type":"post","link":"https:\/\/www.mpal.mp.br\/?p=12571","title":{"rendered":"MP constata presen\u00e7a de crian\u00e7as e adolescentes no lix\u00e3o de Arapiraca"},"content":{"rendered":"<p style=\"text-align: justify;\"><span style=\"font-size: 14pt;\">O Minist\u00e9rio P\u00fablico de Alagoas est\u00e1 apurando fatos envolvendo a presen\u00e7a de cerca 300 crian\u00e7as e adolescentes no aterro sanit\u00e1rio de Arapiraca. De acordo com o promotor de Justi\u00e7a Valter Omena Acioly, o inqu\u00e9rito civil p\u00fablico foi instaurado, ap\u00f3s a constata\u00e7\u00e3o de den\u00fancias encaminhadas pelo Minist\u00e9rio P\u00fablico do Trabalho ao procurador-geral de Justi\u00e7a, Coaracy Fonseca.<\/span><\/p>\n<p style=\"text-align: justify;\"><span style=\"font-size: 14pt;\">\u201cAo constatar a presen\u00e7a das crian\u00e7as e adolescentes no aterro, 70 delas menores de 7 anos, instauramos o inqu\u00e9rito (dia 26 de abril \u00faltimo) e j\u00e1 estamos ouvindo os gestores envolvidos\u201d, informou o promotor de Justi\u00e7a, que tamb\u00e9m j\u00e1 solicitou \u00e0 Vigil\u00e2ncia Sanit\u00e1ria Estadual a realiza\u00e7\u00e3o de per\u00edcia nos hospitais do munic\u00edpio para avalia\u00e7\u00e3o do gerenciamento do lixo encaminhado ao aterro. Outra provid\u00eancia, segundo Omena, foi a solicita\u00e7\u00e3o de per\u00edcia ao Instituto do Meio Ambiente sobre a situa\u00e7\u00e3o do aterro.<\/span><\/p>\n<p style=\"text-align: justify;\"><span style=\"font-size: 14pt;\">A maioria das crian\u00e7as e adolescentes encontrados no aterro sanit\u00e1rio pertence a fam\u00edlias inclu\u00eddas no Programa de Erradica\u00e7\u00e3o do Trabalho Infantil (Peti) ou no Bolsa Fam\u00edlia. J\u00e1 as 70 menores de 7 anos de idade n\u00e3o est\u00e3o cadastradas em nenhum programa.<\/span><\/p>\n","protected":false},"excerpt":{"rendered":"<p> [&hellip;]<\/p>\n","protected":false},"author":5,"featured_media":12573,"comment_status":"open","ping_status":"open","sticky":false,"template":"","format":"standard","meta":{"om_disable_all_campaigns":false,"_monsterinsights_skip_tracking":false,"_monsterinsights_sitenote_active":false,"_monsterinsights_sitenote_note":"","_monsterinsights_sitenote_category":0,"_uf_show_specific_survey":0,"_uf_disable_surveys":false,"footnotes":""},"categories":[2],"tags":[],"class_list":["post-12571","post","type-post","status-publish","format-standard","has-post-thumbnail","hentry","category-not_mpal"],"aioseo_notices":[],"_links":{"self":[{"href":"https:\/\/www.mpal.mp.br\/index.php?rest_route=\/wp\/v2\/posts\/12571","targetHints":{"allow":["GET"]}}],"collection":[{"href":"https:\/\/www.mpal.mp.br\/index.php?rest_route=\/wp\/v2\/posts"}],"about":[{"href":"https:\/\/www.mpal.mp.br\/index.php?rest_route=\/wp\/v2\/types\/post"}],"author":[{"embeddable":true,"href":"https:\/\/www.mpal.mp.br\/index.php?rest_route=\/wp\/v2\/users\/5"}],"replies":[{"embeddable":true,"href":"https:\/\/www.mpal.mp.br\/index.php?rest_route=%2Fwp%2Fv2%2Fcomments&post=12571"}],"version-history":[{"count":1,"href":"https:\/\/www.mpal.mp.br\/index.php?rest_route=\/wp\/v2\/posts\/12571\/revisions"}],"predecessor-version":[{"id":12575,"href":"https:\/\/www.mpal.mp.br\/index.php?rest_route=\/wp\/v2\/posts\/12571\/revisions\/12575"}],"wp:featuredmedia":[{"embeddable":true,"href":"https:\/\/www.mpal.mp.br\/index.php?rest_route=\/wp\/v2\/media\/12573"}],"wp:attachment":[{"href":"https:\/\/www.mpal.mp.br\/index.php?rest_route=%2Fwp%2Fv2%2Fmedia&parent=12571"}],"wp:term":[{"taxonomy":"category","embeddable":true,"href":"https:\/\/www.mpal.mp.br\/index.php?rest_route=%2Fwp%2Fv2%2Fcategories&post=12571"},{"taxonomy":"post_tag","embeddable":true,"href":"https:\/\/www.mpal.mp.br\/index.php?rest_route=%2Fwp%2Fv2%2Ftags&post=12571"}],"curies":[{"name":"wp","href":"https:\/\/api.w.org\/{rel}","templated":true}]}}