{"id":12568,"date":"2006-05-05T08:52:17","date_gmt":"2006-05-05T11:52:17","guid":{"rendered":"https:\/\/www.mpal.mp.br\/?p=12568"},"modified":"2022-07-18T08:53:03","modified_gmt":"2022-07-18T11:53:03","slug":"ministerio-publico-pede-execucao-de-tac-contra-a-prefeitura-de-maceio","status":"publish","type":"post","link":"https:\/\/www.mpal.mp.br\/?p=12568","title":{"rendered":"Minist\u00e9rio P\u00fablico pede execu\u00e7\u00e3o de TAC contra a Prefeitura de Macei\u00f3"},"content":{"rendered":"<p style=\"text-align: justify;\"><span style=\"font-size: 14pt;\">O Minist\u00e9rio P\u00fablico de Alagoas acaba de entrar com o pedido de execu\u00e7\u00e3o de Termo de Ajuste de Conduta (TAC) contra a Prefeitura de Macei\u00f3. Firmado em setembro de 2005, o TAC previa a implanta\u00e7\u00e3o do programa de liberdade assistida e presta\u00e7\u00e3o de servi\u00e7os \u00e0 comunidade.<\/span><\/p>\n<p style=\"text-align: justify;\"><span style=\"font-size: 14pt;\">O pedido foi protocolado pela Promotoria de Justi\u00e7a Coletiva da Inf\u00e2ncia e da Juventude de Macei\u00f3 no Juizado da Inf\u00e2ncia e da Juventude. De acordo com as promotoras de Justi\u00e7a Alexandra Beurlen e Adriana Gomes, se for julgado procedente, o munic\u00edpio ter\u00e1 que arcar com multa, di\u00e1ria, de R$ 5 mil, enquanto n\u00e3o cumprir sua obriga\u00e7\u00e3o.<\/span><\/p>\n<p style=\"text-align: justify;\"><span style=\"font-size: 14pt;\">\u201cDesde 2004, o Minist\u00e9rio P\u00fablico vinha negociando a implanta\u00e7\u00e3o do programa, que \u00e9 fundamental para o cumprimento das medidas s\u00f3cio-educativas de meio aberto previstas no Estatuto da Crian\u00e7a e do Adolescente (ECA). Ano passado, o munic\u00edpio, finalmente, assinou o TAC, comprometendo-se a execut\u00e1-lo, atrav\u00e9s da Secretaria Municipal de A\u00e7\u00e3o Social, mas infelizmente, n\u00e3o honrou com seu dever\u201d, justificou a promotora de Justi\u00e7a Alexandra Beurlen.<\/span><\/p>\n<p style=\"text-align: justify;\"><span style=\"font-size: 14pt;\">Segundo ela, al\u00e9m de n\u00e3o ter inclu\u00eddo recursos suficientes para implanta\u00e7\u00e3o do programa no seu or\u00e7amento, o munic\u00edpio n\u00e3o contratou monitores com o perfil adequado para realiza\u00e7\u00e3o do trabalho e deixou de contratar profissionais como psic\u00f3logos e assistentes sociais, que s\u00e3o fundamentais no processo de ressocializa\u00e7\u00e3o.<\/span><\/p>\n<p style=\"text-align: justify;\"><span style=\"font-size: 14pt;\">\u201cVale ressaltar que o TAC tem o valor de um t\u00edtulo de execu\u00e7\u00e3o. Isso significa que, ao subscrev\u00ea-lo, o gestor p\u00fablico deve estar consciente do compromisso assumido e das conseq\u00fc\u00eancias decorrentes do descumprimento. Portanto, no caso em quest\u00e3o n\u00e3o se discutir\u00e1 mais se existe ou n\u00e3o a obriga\u00e7\u00e3o, pois quando assinou o TAC o gestor reconheceu a obriga\u00e7\u00e3o de fazer\u201d, esclarece Beurlen.<\/span><\/p>\n","protected":false},"excerpt":{"rendered":"<p> [&hellip;]<\/p>\n","protected":false},"author":5,"featured_media":12569,"comment_status":"open","ping_status":"open","sticky":false,"template":"","format":"standard","meta":{"om_disable_all_campaigns":false,"_monsterinsights_skip_tracking":false,"_monsterinsights_sitenote_active":false,"_monsterinsights_sitenote_note":"","_monsterinsights_sitenote_category":0,"_uf_show_specific_survey":0,"_uf_disable_surveys":false,"footnotes":""},"categories":[2],"tags":[],"class_list":["post-12568","post","type-post","status-publish","format-standard","has-post-thumbnail","hentry","category-not_mpal"],"aioseo_notices":[],"_links":{"self":[{"href":"https:\/\/www.mpal.mp.br\/index.php?rest_route=\/wp\/v2\/posts\/12568","targetHints":{"allow":["GET"]}}],"collection":[{"href":"https:\/\/www.mpal.mp.br\/index.php?rest_route=\/wp\/v2\/posts"}],"about":[{"href":"https:\/\/www.mpal.mp.br\/index.php?rest_route=\/wp\/v2\/types\/post"}],"author":[{"embeddable":true,"href":"https:\/\/www.mpal.mp.br\/index.php?rest_route=\/wp\/v2\/users\/5"}],"replies":[{"embeddable":true,"href":"https:\/\/www.mpal.mp.br\/index.php?rest_route=%2Fwp%2Fv2%2Fcomments&post=12568"}],"version-history":[{"count":1,"href":"https:\/\/www.mpal.mp.br\/index.php?rest_route=\/wp\/v2\/posts\/12568\/revisions"}],"predecessor-version":[{"id":12570,"href":"https:\/\/www.mpal.mp.br\/index.php?rest_route=\/wp\/v2\/posts\/12568\/revisions\/12570"}],"wp:featuredmedia":[{"embeddable":true,"href":"https:\/\/www.mpal.mp.br\/index.php?rest_route=\/wp\/v2\/media\/12569"}],"wp:attachment":[{"href":"https:\/\/www.mpal.mp.br\/index.php?rest_route=%2Fwp%2Fv2%2Fmedia&parent=12568"}],"wp:term":[{"taxonomy":"category","embeddable":true,"href":"https:\/\/www.mpal.mp.br\/index.php?rest_route=%2Fwp%2Fv2%2Fcategories&post=12568"},{"taxonomy":"post_tag","embeddable":true,"href":"https:\/\/www.mpal.mp.br\/index.php?rest_route=%2Fwp%2Fv2%2Ftags&post=12568"}],"curies":[{"name":"wp","href":"https:\/\/api.w.org\/{rel}","templated":true}]}}