{"id":12561,"date":"2014-08-19T08:47:07","date_gmt":"2014-08-19T11:47:07","guid":{"rendered":"https:\/\/www.mpal.mp.br\/?p=12561"},"modified":"2022-07-18T08:49:50","modified_gmt":"2022-07-18T11:49:50","slug":"mpe-al-ajuiza-acp-para-que-estado-realize-processo-seletivo-de-servidores-nas-unidades-de-internacao-da-capital","status":"publish","type":"post","link":"https:\/\/www.mpal.mp.br\/?p=12561","title":{"rendered":"MPE\/AL aju\u00edza ACP para que Estado realize processo seletivo de servidores nas Unidades de Interna\u00e7\u00e3o da Capital"},"content":{"rendered":"<p style=\"text-align: justify;\"><span style=\"font-size: 14pt;\">Para garantir que as Unidades de Interna\u00e7\u00e3o Masculina e Feminina da Capital atuem em conformidade com a lei, o Minist\u00e9rio P\u00fablico do Estado de Alagoas (MPE\/AL) ajuizou, nesta ter\u00e7a-feira (19), uma a\u00e7\u00e3o civil p\u00fablica, com pedido de concess\u00e3o de liminar, para obrigar o Estado de Alagoas a concluir em at\u00e9 60 dias o processo seletivo de contrata\u00e7\u00e3o de servidores. O procedimento partiu da 19\u00aa Promotoria de Justi\u00e7a C\u00edvel da Capital \u2013 Fazenda P\u00fablica Estadual.<\/span><\/p>\n<p style=\"text-align: justify;\"><span style=\"font-size: 14pt;\">O MPE\/AL tamb\u00e9m pede a imediata contrata\u00e7\u00e3o do pessoal que for selecionado e a realiza\u00e7\u00e3o, na sequ\u00eancia, de concurso p\u00fablico. Os selecionados dever\u00e3o atuar nas unidades de interna\u00e7\u00e3o at\u00e9 que os concursados entrem em exerc\u00edcio nos respectivos cargos. O \u00f3rg\u00e3o ministerial defende a cria\u00e7\u00e3o de 923 vagas distribu\u00eddas em 27 cargos, como agente socioeducativo, m\u00e9dico, odont\u00f3logo, enfermeiro, nutricionista, farmac\u00eautico, advogado, assistente social, psic\u00f3logo, professor, pedagogo, motorista, t\u00e9cnico-administrativo, auxiliar de servi\u00e7os gerais, entre outros.<\/span><\/p>\n<p style=\"text-align: justify;\"><span style=\"font-size: 14pt;\">No procedimento assinado pela promotora de Justi\u00e7a Maria Cec\u00edlia Pontes Carna\u00faba, \u00e9 solicitado \u00e0 Justi\u00e7a uma determina\u00e7\u00e3o para que o Estado de Alagoas garanta, imediatamente, o funcionamento das unidades de interna\u00e7\u00e3o de acordo com os requisitos estabelecidos pelo artigo 94 da Lei Nacional n\u00ba 8.069\/90. Segundo a legisla\u00e7\u00e3o, as unidades que desenvolvem programas de interna\u00e7\u00e3o t\u00eam a obriga\u00e7\u00e3o de observar os direitos e as garantias de que s\u00e3o titulares os adolescentes; oferecer atendimento personalizado, em pequenas unidades e grupos reduzidos; e preservar a identidade e oferecer ambiente de respeito e dignidade aos jovens.<\/span><\/p>\n<p style=\"text-align: justify;\"><span style=\"font-size: 14pt;\">Ainda segundo a lei, as unidades devem oferecer instala\u00e7\u00f5es f\u00edsicas em condi\u00e7\u00f5es adequadas de habita\u00e7\u00e3o, higiene, salubridade e seguran\u00e7a; vestu\u00e1rio e alimenta\u00e7\u00e3o suficientes e adequados \u00e0 faixa et\u00e1ria dos adolescentes atendidos; cuidados m\u00e9dicos, psicol\u00f3gicos, odontol\u00f3gicos e farmac\u00eauticos; al\u00e9m de propiciar escolariza\u00e7\u00e3o, profissionaliza\u00e7\u00e3o e atividades culturais, esportivas e de lazer. Cabe ao Estado tamb\u00e9m diligenciar no sentido do restabelecimento e da preserva\u00e7\u00e3o dos v\u00ednculos familiares; e comunicar \u00e0 autoridade judici\u00e1ria, periodicamente, os casos em que se mostre invi\u00e1vel ou imposs\u00edvel o reatamento dos v\u00ednculos familiares.<\/span><\/p>\n<p style=\"text-align: justify;\"><span style=\"font-size: 14pt;\">Cec\u00edlia Carna\u00faba defende uma a\u00e7\u00e3o c\u00e9lere da Justi\u00e7a para evitar o agravamento da situa\u00e7\u00e3o desumana em que se encontram os internos das unidades de interna\u00e7\u00e3o geridas pela Superintend\u00eancia de Assist\u00eancia Socioeducativa do Estado. \u201cComo risco da perman\u00eancia dessa amea\u00e7a \u00e0 dignidade da pessoa humana, pode ocorrer o aumento da viol\u00eancia interna nas unidades, a inseguran\u00e7a e favorecimento da vulnerabilidade social, al\u00e9m de danos emocionais irrecuper\u00e1veis que produz nos adolescentes ali instalados\u201d, disse a promotora de Justi\u00e7a.<\/span><\/p>\n<p style=\"text-align: justify;\"><span style=\"font-size: 14pt;\"><strong>Crise nas unidades de interna\u00e7\u00e3o<\/strong><\/span><\/p>\n<p style=\"text-align: justify;\"><span style=\"font-size: 14pt;\">O Minist\u00e9rio P\u00fablico Estadual recebeu a not\u00edcia de que a Superintend\u00eancia de Assist\u00eancia Socioeducativa, que integra a Secretaria de Ressocializa\u00e7\u00e3o e Inclus\u00e3o Social do Estado de Alagoas, sofre com a falta de cargos para a execu\u00e7\u00e3o de suas atividades-fim. A Superintend\u00eancia, que \u00e9 respons\u00e1vel pelas unidades de interna\u00e7\u00e3o de adolescentes, tem enfrentado graves dificuldades para cumprimento de suas fun\u00e7\u00f5es, justamente pela falta de servidores adequados ao servi\u00e7o.<\/span><\/p>\n<p style=\"text-align: justify;\"><span style=\"font-size: 14pt;\">\u201cAs unidades sofrem com a grande viol\u00eancia entre internos, que convivem com espancamentos sem que a fiscaliza\u00e7\u00e3o dos jovens possa cont\u00ea-los, em face do pequeno n\u00famero de agentes. Essas agress\u00f5es j\u00e1 causaram, inclusive, mortes no interior das unidades e exp\u00f5em a vida n\u00e3o s\u00f3 dos adolescentes, como tamb\u00e9m de todos que trabalham no local\u201d, destacou Cec\u00edlia Carna\u00faba.<\/span><\/p>\n<p style=\"text-align: justify;\"><span style=\"font-size: 14pt;\">A promotora explicou ainda que grande parte dos trabalhadores das unidades t\u00eam baixo n\u00edvel de instru\u00e7\u00e3o para tratar dos internos. Segundo ela, as pr\u00f3prias unidades deixam de desenvolver qualquer atividade destinada \u00e0 readapta\u00e7\u00e3o dos internos ao conv\u00edvio social. \u201cOs adolescentes s\u00e3o enclausurados nas unidades e n\u00e3o recebem o tratamento exigido pela legisla\u00e7\u00e3o, sobretudo por falta de pessoal capacitado\u201d, concluiu.<\/span><\/p>\n","protected":false},"excerpt":{"rendered":"<p> [&hellip;]<\/p>\n","protected":false},"author":4,"featured_media":12562,"comment_status":"open","ping_status":"open","sticky":false,"template":"","format":"standard","meta":{"om_disable_all_campaigns":false,"_monsterinsights_skip_tracking":false,"_monsterinsights_sitenote_active":false,"_monsterinsights_sitenote_note":"","_monsterinsights_sitenote_category":0,"_uf_show_specific_survey":0,"_uf_disable_surveys":false,"footnotes":""},"categories":[2],"tags":[],"class_list":["post-12561","post","type-post","status-publish","format-standard","has-post-thumbnail","hentry","category-not_mpal"],"aioseo_notices":[],"_links":{"self":[{"href":"https:\/\/www.mpal.mp.br\/index.php?rest_route=\/wp\/v2\/posts\/12561","targetHints":{"allow":["GET"]}}],"collection":[{"href":"https:\/\/www.mpal.mp.br\/index.php?rest_route=\/wp\/v2\/posts"}],"about":[{"href":"https:\/\/www.mpal.mp.br\/index.php?rest_route=\/wp\/v2\/types\/post"}],"author":[{"embeddable":true,"href":"https:\/\/www.mpal.mp.br\/index.php?rest_route=\/wp\/v2\/users\/4"}],"replies":[{"embeddable":true,"href":"https:\/\/www.mpal.mp.br\/index.php?rest_route=%2Fwp%2Fv2%2Fcomments&post=12561"}],"version-history":[{"count":1,"href":"https:\/\/www.mpal.mp.br\/index.php?rest_route=\/wp\/v2\/posts\/12561\/revisions"}],"predecessor-version":[{"id":12563,"href":"https:\/\/www.mpal.mp.br\/index.php?rest_route=\/wp\/v2\/posts\/12561\/revisions\/12563"}],"wp:featuredmedia":[{"embeddable":true,"href":"https:\/\/www.mpal.mp.br\/index.php?rest_route=\/wp\/v2\/media\/12562"}],"wp:attachment":[{"href":"https:\/\/www.mpal.mp.br\/index.php?rest_route=%2Fwp%2Fv2%2Fmedia&parent=12561"}],"wp:term":[{"taxonomy":"category","embeddable":true,"href":"https:\/\/www.mpal.mp.br\/index.php?rest_route=%2Fwp%2Fv2%2Fcategories&post=12561"},{"taxonomy":"post_tag","embeddable":true,"href":"https:\/\/www.mpal.mp.br\/index.php?rest_route=%2Fwp%2Fv2%2Ftags&post=12561"}],"curies":[{"name":"wp","href":"https:\/\/api.w.org\/{rel}","templated":true}]}}