{"id":12556,"date":"2014-09-11T08:39:32","date_gmt":"2014-09-11T11:39:32","guid":{"rendered":"https:\/\/www.mpal.mp.br\/?p=12556"},"modified":"2022-07-18T08:41:39","modified_gmt":"2022-07-18T11:41:39","slug":"promotoria-da-fazenda-publica-estadual-investiga-denuncias-de-irregularidades-na-locacao-de-terreno-pelo-detran-al","status":"publish","type":"post","link":"https:\/\/www.mpal.mp.br\/?p=12556","title":{"rendered":"Promotoria da Fazenda P\u00fablica Estadual investiga den\u00fancias de irregularidades na loca\u00e7\u00e3o de terreno pelo Detran\/AL"},"content":{"rendered":"<p style=\"text-align: justify;\"><span style=\"font-size: 14pt;\">O Minist\u00e9rio P\u00fablico do Estado de Alagoas (MPE\/AL), por meio da Promotoria de Justi\u00e7a Coletiva da Fazenda P\u00fablica Estadual, instaurou, nesta quinta-feira (11), procedimento administrativo para apurar a den\u00fancia de um procurador do Estado que d\u00e1 conta de ind\u00edcios de irregularidades na loca\u00e7\u00e3o de um terreno pelo Departamento Estadual de Tr\u00e2nsito de Alagoas (Detran\/AL). O im\u00f3vel seria utilizado como dep\u00f3sito de ve\u00edculo apreendidos.<\/span><\/p>\n<p style=\"text-align: justify;\"><span style=\"font-size: 14pt;\">De acordo com a promotora de Justi\u00e7a Norma Suely Medeiros, o procurador de Estado, cujo nome preservado, informou ao MPE\/AL sobre a imin\u00eancia do Departamento locar um im\u00f3vel, que j\u00e1 seria de propriedade do Estado, pelo valor de R$ 2.420.703,24 anuais. Tal propriedade estaria cedida \u00e0 Cooperativa dos Produtores de A\u00e7\u00facar e \u00c1lcool de Alagoas, que tem apenas o dom\u00ednio \u00fatil do im\u00f3vel e, exatamente por isso, n\u00e3o poderia locar o espa\u00e7o. E a situa\u00e7\u00e3o se agravaria porque essa loca\u00e7\u00e3o seria feita para o pr\u00f3prio dono do im\u00f3vel.<\/span><\/p>\n<p style=\"text-align: justify;\"><span style=\"font-size: 14pt;\">\u201cCabe ao Minist\u00e9rio P\u00fablico a defesa da ordem jur\u00eddica, do regime democr\u00e1tico e dos interesses sociais e individuais indispon\u00edveis, competindo-lhe zelar pela incolumidade p\u00fablica, especialmente no que concerne \u00e0 prote\u00e7\u00e3o do patrim\u00f4nio p\u00fablico e social\u201d, disse a autora do procedimento.<\/span><\/p>\n<p style=\"text-align: justify;\"><span style=\"font-size: 14pt;\">Ap\u00f3s a instaura\u00e7\u00e3o do procedimento administrativo n\u00ba 60\/2014, Norma Suely encaminhou of\u00edcio \u00e0 diretora do Detran\/AL, Andressa Caterine de Melo Lemos Lyra, requsitando informa\u00e7\u00f5es para o esclarecimento da den\u00fancia, bem como toda a documenta\u00e7\u00e3o que possa auxiliar a apura\u00e7\u00e3o do fato investigado. A diretora tem prazo at\u00e9 o pr\u00f3ximo dia 26 para apresentar resposta.<\/span><\/p>\n<p style=\"text-align: justify;\"><span style=\"font-size: 14pt;\">Ainda segundo a promotora, os detalhes sobre o suposto contrato ilegal que seria firmado constam no despacho PGE\/PAI, n\u00ba 00-135\/2014, datado de 24 de fevereiro deste ano e assinado pelo procurador que formalizou a den\u00fancia ao Minist\u00e9rio P\u00fablico.<\/span><\/p>\n","protected":false},"excerpt":{"rendered":"<p> [&hellip;]<\/p>\n","protected":false},"author":4,"featured_media":12440,"comment_status":"open","ping_status":"open","sticky":false,"template":"","format":"standard","meta":{"om_disable_all_campaigns":false,"_monsterinsights_skip_tracking":false,"_monsterinsights_sitenote_active":false,"_monsterinsights_sitenote_note":"","_monsterinsights_sitenote_category":0,"_uf_show_specific_survey":0,"_uf_disable_surveys":false,"footnotes":""},"categories":[2],"tags":[],"class_list":["post-12556","post","type-post","status-publish","format-standard","has-post-thumbnail","hentry","category-not_mpal"],"aioseo_notices":[],"_links":{"self":[{"href":"https:\/\/www.mpal.mp.br\/index.php?rest_route=\/wp\/v2\/posts\/12556","targetHints":{"allow":["GET"]}}],"collection":[{"href":"https:\/\/www.mpal.mp.br\/index.php?rest_route=\/wp\/v2\/posts"}],"about":[{"href":"https:\/\/www.mpal.mp.br\/index.php?rest_route=\/wp\/v2\/types\/post"}],"author":[{"embeddable":true,"href":"https:\/\/www.mpal.mp.br\/index.php?rest_route=\/wp\/v2\/users\/4"}],"replies":[{"embeddable":true,"href":"https:\/\/www.mpal.mp.br\/index.php?rest_route=%2Fwp%2Fv2%2Fcomments&post=12556"}],"version-history":[{"count":1,"href":"https:\/\/www.mpal.mp.br\/index.php?rest_route=\/wp\/v2\/posts\/12556\/revisions"}],"predecessor-version":[{"id":12557,"href":"https:\/\/www.mpal.mp.br\/index.php?rest_route=\/wp\/v2\/posts\/12556\/revisions\/12557"}],"wp:featuredmedia":[{"embeddable":true,"href":"https:\/\/www.mpal.mp.br\/index.php?rest_route=\/wp\/v2\/media\/12440"}],"wp:attachment":[{"href":"https:\/\/www.mpal.mp.br\/index.php?rest_route=%2Fwp%2Fv2%2Fmedia&parent=12556"}],"wp:term":[{"taxonomy":"category","embeddable":true,"href":"https:\/\/www.mpal.mp.br\/index.php?rest_route=%2Fwp%2Fv2%2Fcategories&post=12556"},{"taxonomy":"post_tag","embeddable":true,"href":"https:\/\/www.mpal.mp.br\/index.php?rest_route=%2Fwp%2Fv2%2Ftags&post=12556"}],"curies":[{"name":"wp","href":"https:\/\/api.w.org\/{rel}","templated":true}]}}