{"id":12553,"date":"2014-10-29T08:37:15","date_gmt":"2014-10-29T10:37:15","guid":{"rendered":"https:\/\/www.mpal.mp.br\/?p=12553"},"modified":"2022-07-18T08:39:22","modified_gmt":"2022-07-18T11:39:22","slug":"mpe-al-promove-audiencia-para-debater-obrigatoriedade-do-uso-de-simuladores-de-veiculos","status":"publish","type":"post","link":"https:\/\/www.mpal.mp.br\/?p=12553","title":{"rendered":"MPE\/AL promove audi\u00eancia para debater obrigatoriedade do uso de simuladores de ve\u00edculos"},"content":{"rendered":"<p style=\"text-align: justify;\"><span style=\"font-size: 14pt;\">O Minist\u00e9rio P\u00fablico do Estado de Alagoas (MPE\/AL), por meio da 20\u00aa Promotoria de Justi\u00e7a da Capital \u2013 Fazenda Estadual, realizou, nesta quarta-feira (29), uma audi\u00eancia p\u00fablica para tratar da obrigatoriedade do uso de simuladores de ve\u00edculos pelos Centros de Forma\u00e7\u00e3o de Condutores do Estado de Alagoas. A reuni\u00e3o ocorreu no audit\u00f3rio da Procuradoria Geral de Justi\u00e7a, no bairro do Po\u00e7o.<\/span><\/p>\n<p style=\"text-align: justify;\"><span style=\"font-size: 14pt;\">Segundo o promotor de Justi\u00e7a Sidrack Nascimento, o objetivo do Minist\u00e9rio P\u00fablico era facilitar um entendimento entre as partes para dar conta da Resolu\u00e7\u00e3o n\u00ba 493\/14 do Conselho Nacional de Tr\u00e2nsito (Contran) e da Portaria n\u00ba 1647\/14 do Departamento Estadual de Tr\u00e2nsito de Alagoas (Detran\/AL), que tratam das novas normas e procedimentos para forma\u00e7\u00e3o de condutores de ve\u00edculos automotores e el\u00e9tricos.<\/span><\/p>\n<p style=\"text-align: justify;\"><span style=\"font-size: 14pt;\">Enquanto o \u00f3rg\u00e3o nacional torna facultativa o uso de simuladores de dire\u00e7\u00e3o veicular, o \u00f3rg\u00e3o estadual obriga \u00e0s autoescolas a ado\u00e7\u00e3o do equipamento em parte das aulas para obten\u00e7\u00e3o da carteira de habilita\u00e7\u00e3o da categoria \u201cB\u201d. As pequenas empresas alegam que ser\u00e3o prejudicadas com as novas regras do Detran\/AL porque encarecer\u00e3o os custos do servi\u00e7o, cuja diferen\u00e7a acaba indo para os clientes, al\u00e9m de correrem o risco de terem de fechar as portas devido ao novo gasto.<\/span><\/p>\n<p style=\"text-align: justify;\"><span style=\"font-size: 14pt;\">\u201cO Detran\/AL apresentou uma proposta de disponibilizar um centro de treinamento com simuladores para as empresas que n\u00e3o disp\u00f5em de recursos para comprar o equipamento. As escolas tamb\u00e9m poder\u00e3o compartilhar entre si os equipamentos que forem adquiridos por regime de comodato. Vamos aguardar agora uma resposta oficial das empresas de menor porte sobre o conte\u00fado acertado para, a partir da posi\u00e7\u00e3o dos dois lados, definir as medidas que o Minist\u00e9rio P\u00fablico ir\u00e1 adotar&#8221;, disse Sidrack Nascimento.<\/span><\/p>\n<p style=\"text-align: justify;\"><span style=\"font-size: 14pt;\">Participaram da reuni\u00e3o mediada pelo MPE\/AL, o deputado estadual Jo\u00e3o Henrique Caldas, o vereador de Arapiraca Tarc\u00edsio Freire, representantes do , Sindicato dos Centros de Forma\u00e7\u00e3o de Condutores e dezenas de autoescolas da capital e do interior. As aulas em simuladores de dire\u00e7\u00e3o veicular para obten\u00e7\u00e3o da categoria em destaque passar\u00e3o a ser obrigat\u00f3rias a partir do dia 1\u00ba de dezembro de 2014.<\/span><\/p>\n","protected":false},"excerpt":{"rendered":"<p> [&hellip;]<\/p>\n","protected":false},"author":4,"featured_media":12554,"comment_status":"open","ping_status":"open","sticky":false,"template":"","format":"standard","meta":{"om_disable_all_campaigns":false,"_monsterinsights_skip_tracking":false,"_monsterinsights_sitenote_active":false,"_monsterinsights_sitenote_note":"","_monsterinsights_sitenote_category":0,"_uf_show_specific_survey":0,"_uf_disable_surveys":false,"footnotes":""},"categories":[2],"tags":[],"class_list":["post-12553","post","type-post","status-publish","format-standard","has-post-thumbnail","hentry","category-not_mpal"],"aioseo_notices":[],"_links":{"self":[{"href":"https:\/\/www.mpal.mp.br\/index.php?rest_route=\/wp\/v2\/posts\/12553","targetHints":{"allow":["GET"]}}],"collection":[{"href":"https:\/\/www.mpal.mp.br\/index.php?rest_route=\/wp\/v2\/posts"}],"about":[{"href":"https:\/\/www.mpal.mp.br\/index.php?rest_route=\/wp\/v2\/types\/post"}],"author":[{"embeddable":true,"href":"https:\/\/www.mpal.mp.br\/index.php?rest_route=\/wp\/v2\/users\/4"}],"replies":[{"embeddable":true,"href":"https:\/\/www.mpal.mp.br\/index.php?rest_route=%2Fwp%2Fv2%2Fcomments&post=12553"}],"version-history":[{"count":1,"href":"https:\/\/www.mpal.mp.br\/index.php?rest_route=\/wp\/v2\/posts\/12553\/revisions"}],"predecessor-version":[{"id":12555,"href":"https:\/\/www.mpal.mp.br\/index.php?rest_route=\/wp\/v2\/posts\/12553\/revisions\/12555"}],"wp:featuredmedia":[{"embeddable":true,"href":"https:\/\/www.mpal.mp.br\/index.php?rest_route=\/wp\/v2\/media\/12554"}],"wp:attachment":[{"href":"https:\/\/www.mpal.mp.br\/index.php?rest_route=%2Fwp%2Fv2%2Fmedia&parent=12553"}],"wp:term":[{"taxonomy":"category","embeddable":true,"href":"https:\/\/www.mpal.mp.br\/index.php?rest_route=%2Fwp%2Fv2%2Fcategories&post=12553"},{"taxonomy":"post_tag","embeddable":true,"href":"https:\/\/www.mpal.mp.br\/index.php?rest_route=%2Fwp%2Fv2%2Ftags&post=12553"}],"curies":[{"name":"wp","href":"https:\/\/api.w.org\/{rel}","templated":true}]}}