{"id":12551,"date":"2014-12-19T08:34:59","date_gmt":"2014-12-19T10:34:59","guid":{"rendered":"https:\/\/www.mpal.mp.br\/?p=12551"},"modified":"2022-07-18T08:37:09","modified_gmt":"2022-07-18T11:37:09","slug":"promotoria-da-fazenda-estadual-recomenda-a-see-vistoria-do-corpo-de-bombeiros-em-todas-as-escolas-da-capital","status":"publish","type":"post","link":"https:\/\/www.mpal.mp.br\/?p=12551","title":{"rendered":"Promotoria da Fazenda Estadual recomenda \u00e0 SEE vistoria do Corpo de Bombeiros em todas as escolas da Capital"},"content":{"rendered":"<p style=\"text-align: justify;\"><span style=\"font-size: 14pt;\">A 19\u00aa Promotoria de Justi\u00e7a da Capital \u2013 Fazenda Estadual \u2013 recomendou, nesta sexta-feira (19), que a Secretaria de Estado da Educa\u00e7\u00e3o e do Esporte de Alagoas adote de imediato as medidas necess\u00e1rias para obten\u00e7\u00e3o do auto de vistoria do Corpo de Bombeiros, relativo \u00e0 seguran\u00e7a contra inc\u00eandio e p\u00e2nicos nas escolas estaduais de Macei\u00f3.<\/span><\/p>\n<p style=\"text-align: justify;\"><span style=\"font-size: 14pt;\">A promotora de Justi\u00e7a Cec\u00edlia Carna\u00faba concede o prazo de sete dias \u00fateis, a partir do recebimento da recomenda\u00e7\u00e3o, para que o \u00f3rg\u00e3o estadual informe ao Minist\u00e9rio P\u00fablico do Estado de Alagoas sobre as provid\u00eancias adotadas e o per\u00edodo de tempo necess\u00e1rio para obten\u00e7\u00e3o dos autos requisitados.<\/span><\/p>\n<p style=\"text-align: justify;\"><span style=\"font-size: 14pt;\">De acordo com a promotora, apesar da efetiva\u00e7\u00e3o de reformas emergenciais em diversas escolas p\u00fablicas estaduais, as condi\u00e7\u00f5es f\u00edsicas de muitas delas ainda oferecem s\u00e9rios riscos de inc\u00eandio e acidentes el\u00e9tricos. Uma das raz\u00f5es para a falta de seguran\u00e7a da comunidade acad\u00eamica \u00e9 que falta a vistoria dos bombeiros em todas as unidades de ensino, o que se agrava devido \u00e0s defici\u00eancias de estrutura dos pr\u00e9dios.<\/span><\/p>\n<p style=\"text-align: justify;\"><span style=\"font-size: 14pt;\">\u201cPor causa da aus\u00eancia do Auto de Vistoria do Corpo de Bombeiros, relativo \u00e0 seguran\u00e7a contra inc\u00eandio e p\u00e2nico, as escolas estaduais n\u00e3o possuem credenciamento e autoriza\u00e7\u00e3o iniciais de ensino, o que causa problemas de certifica\u00e7\u00e3o das conclus\u00f5es de ensino para os alunos\u201d, destacou a Cec\u00edlia Carna\u00faba.<\/span><\/p>\n<p style=\"text-align: justify;\"><span style=\"font-size: 14pt;\">A titular da 19\u00aa Promotoria de Justi\u00e7a da Capital lembra que, em agosto, o MPE\/AL notificou as escolas estaduais em Macei\u00f3 a providenciar a vistoria dos bombeiros. No entanto, as referidas medidas de seguran\u00e7a contra inc\u00eandio e p\u00e2nico ainda n\u00e3o foram efetivadas.<\/span><\/p>\n","protected":false},"excerpt":{"rendered":"<p> [&hellip;]<\/p>\n","protected":false},"author":4,"featured_media":12417,"comment_status":"open","ping_status":"open","sticky":false,"template":"","format":"standard","meta":{"om_disable_all_campaigns":false,"_monsterinsights_skip_tracking":false,"_monsterinsights_sitenote_active":false,"_monsterinsights_sitenote_note":"","_monsterinsights_sitenote_category":0,"_uf_show_specific_survey":0,"_uf_disable_surveys":false,"footnotes":""},"categories":[2],"tags":[],"class_list":["post-12551","post","type-post","status-publish","format-standard","has-post-thumbnail","hentry","category-not_mpal"],"aioseo_notices":[],"_links":{"self":[{"href":"https:\/\/www.mpal.mp.br\/index.php?rest_route=\/wp\/v2\/posts\/12551","targetHints":{"allow":["GET"]}}],"collection":[{"href":"https:\/\/www.mpal.mp.br\/index.php?rest_route=\/wp\/v2\/posts"}],"about":[{"href":"https:\/\/www.mpal.mp.br\/index.php?rest_route=\/wp\/v2\/types\/post"}],"author":[{"embeddable":true,"href":"https:\/\/www.mpal.mp.br\/index.php?rest_route=\/wp\/v2\/users\/4"}],"replies":[{"embeddable":true,"href":"https:\/\/www.mpal.mp.br\/index.php?rest_route=%2Fwp%2Fv2%2Fcomments&post=12551"}],"version-history":[{"count":1,"href":"https:\/\/www.mpal.mp.br\/index.php?rest_route=\/wp\/v2\/posts\/12551\/revisions"}],"predecessor-version":[{"id":12552,"href":"https:\/\/www.mpal.mp.br\/index.php?rest_route=\/wp\/v2\/posts\/12551\/revisions\/12552"}],"wp:featuredmedia":[{"embeddable":true,"href":"https:\/\/www.mpal.mp.br\/index.php?rest_route=\/wp\/v2\/media\/12417"}],"wp:attachment":[{"href":"https:\/\/www.mpal.mp.br\/index.php?rest_route=%2Fwp%2Fv2%2Fmedia&parent=12551"}],"wp:term":[{"taxonomy":"category","embeddable":true,"href":"https:\/\/www.mpal.mp.br\/index.php?rest_route=%2Fwp%2Fv2%2Fcategories&post=12551"},{"taxonomy":"post_tag","embeddable":true,"href":"https:\/\/www.mpal.mp.br\/index.php?rest_route=%2Fwp%2Fv2%2Ftags&post=12551"}],"curies":[{"name":"wp","href":"https:\/\/api.w.org\/{rel}","templated":true}]}}