{"id":12549,"date":"2015-01-26T08:32:13","date_gmt":"2015-01-26T10:32:13","guid":{"rendered":"https:\/\/www.mpal.mp.br\/?p=12549"},"modified":"2022-07-18T08:34:53","modified_gmt":"2022-07-18T11:34:53","slug":"mpe-al-quer-mais-informacoes-sobre-frequencia-dos-vereadores-de-maceio-as-sessoes-da-camara","status":"publish","type":"post","link":"https:\/\/www.mpal.mp.br\/?p=12549","title":{"rendered":"MPE\/AL quer mais informa\u00e7\u00f5es sobre frequ\u00eancia dos vereadores de Macei\u00f3 \u00e0s sess\u00f5es da C\u00e2mara"},"content":{"rendered":"<p style=\"text-align: justify;\"><span style=\"font-size: 14pt;\">O Minist\u00e9rio P\u00fablico do Estado de Alagoas (MPE\/AL) aguarda novas informa\u00e7\u00f5es da C\u00e2mara Municipal de Macei\u00f3 sobre a frequ\u00eancia dos vereadores \u00e0s sess\u00f5es ordin\u00e1rias da Casa. Em procedimento preparat\u00f3rio instaurado pela 14\u00aa Promotoria de Justi\u00e7a da Capital, o \u00f3rg\u00e3o ministerial quer saber se as justificativas das faltas \u00e0s sess\u00f5es apresentadas pelos vereadores est\u00e3o dentro da lei e se os faltosos devolveram R$ 150 mil aos cofres p\u00fablicos em virtude de terem recebido sal\u00e1rios integrais ao longo do exerc\u00edcio de 2014.<\/span><\/p>\n<p style=\"text-align: justify;\"><span style=\"font-size: 14pt;\">O Legislativo Municipal tem at\u00e9 o dia 9 de fevereiro para remeter os dados complementares ao MPE\/AL, que foi motivado por den\u00fancias do F\u00f3rum Nacional de Combate \u00e0 Corrup\u00e7\u00e3o Eleitoral em Alagoas (FNCCE). O Partido Socialismo e Liberdade (PSOL) tamb\u00e9m entrou com uma representa\u00e7\u00e3o na Casa para que fosse investigada a frequ\u00eancia dos vereadores.<\/span><\/p>\n<p style=\"text-align: justify;\"><span style=\"font-size: 14pt;\">Em dezembro, a C\u00e2mara Municipal de Macei\u00f3 divulgou no Di\u00e1rio Oficial Municipal uma tabela com o n\u00famero de faltas justificadas ou n\u00e3o de cada parlamentar. Dos 21 parlamentares, apenas tr\u00eas compareceram a 2\/3 das 98 sess\u00f5es ordin\u00e1rias no ano passado. Os demais s\u00f3 n\u00e3o perderam o mandato, conforme prev\u00ea a Constitui\u00e7\u00e3o Federal, porque tiveram uma grande quantidade de faltas justificadas. Segundo o documento, o vereador Ant\u00f4nio Holanda Costa, por exemplo, faltou aos trabalhos legislativos 82 vezes, sendo que em 69 delas houve justificativa.<\/span><\/p>\n<p style=\"text-align: justify;\"><span style=\"font-size: 14pt;\">A promotora de Justi\u00e7a Marluce Caldas questionou o pagamento integral dos sal\u00e1rios aos parlamentares faltosos, lembrando que qualquer trabalhador comum sofre com o desconto na remunera\u00e7\u00e3o no m\u00eas em que ocorre a aus\u00eancia ao expediente. Ela tamb\u00e9m demonstrou preocupa\u00e7\u00e3o com a falta de compromisso dos parlamentares, j\u00e1 que, al\u00e9m do preju\u00edzo financeiro ao Munic\u00edpio, ocorre um preju\u00edzo \u201cirrepar\u00e1vel\u201d \u00e0 sociedade.<\/span><\/p>\n<p style=\"text-align: justify;\"><span style=\"font-size: 14pt;\">\u201cAs sess\u00f5es possuem uma import\u00e2ncia muito grande para a sociedade porque, durante a realiza\u00e7\u00e3o delas, s\u00e3o votados projetos de lei de interesse geral. Podemos comparar o caso com uma audi\u00eancia na Justi\u00e7a. Se o advogado do cliente falta, como este poder\u00e1 garantir uma acusa\u00e7\u00e3o ou uma defesa qualificada? A mesma limita\u00e7\u00e3o ocorre com a popula\u00e7\u00e3o sem a presen\u00e7a dos seus representantes no parlamento. \u00c9 preciso que se fa\u00e7a algo para garantir uma frequ\u00eancia maior dos vereadores de Macei\u00f3 j\u00e1 a partir deste ano\u201d, disse.<\/span><\/p>\n<p style=\"text-align: justify;\"><span style=\"font-size: 14pt;\">Marluce Caldas elogiou as informa\u00e7\u00f5es divulgadas pelo ex-presidente da C\u00e2mara Municipal, Francisco Holanda Filho, que tornou p\u00fablico as atas das sess\u00f5es ordin\u00e1rias e a frequ\u00eancia dos parlamentares, conforme determina o Regimento Interno do Legislativo Municipal. Mesmo previsto em lei, foi a primeira vez que uma Mesa Diretora da C\u00e2mara publicizou o registro oficial de cada sess\u00e3o. Tamb\u00e9m partiu do vereador Francisco Holanda a informa\u00e7\u00e3o referente ao valor a ser devolvido pelos vereadores faltosos.<\/span><\/p>\n","protected":false},"excerpt":{"rendered":"<p> [&hellip;]<\/p>\n","protected":false},"author":4,"featured_media":7620,"comment_status":"open","ping_status":"open","sticky":false,"template":"","format":"standard","meta":{"om_disable_all_campaigns":false,"_monsterinsights_skip_tracking":false,"_monsterinsights_sitenote_active":false,"_monsterinsights_sitenote_note":"","_monsterinsights_sitenote_category":0,"_uf_show_specific_survey":0,"_uf_disable_surveys":false,"footnotes":""},"categories":[2],"tags":[],"class_list":["post-12549","post","type-post","status-publish","format-standard","has-post-thumbnail","hentry","category-not_mpal"],"aioseo_notices":[],"_links":{"self":[{"href":"https:\/\/www.mpal.mp.br\/index.php?rest_route=\/wp\/v2\/posts\/12549","targetHints":{"allow":["GET"]}}],"collection":[{"href":"https:\/\/www.mpal.mp.br\/index.php?rest_route=\/wp\/v2\/posts"}],"about":[{"href":"https:\/\/www.mpal.mp.br\/index.php?rest_route=\/wp\/v2\/types\/post"}],"author":[{"embeddable":true,"href":"https:\/\/www.mpal.mp.br\/index.php?rest_route=\/wp\/v2\/users\/4"}],"replies":[{"embeddable":true,"href":"https:\/\/www.mpal.mp.br\/index.php?rest_route=%2Fwp%2Fv2%2Fcomments&post=12549"}],"version-history":[{"count":1,"href":"https:\/\/www.mpal.mp.br\/index.php?rest_route=\/wp\/v2\/posts\/12549\/revisions"}],"predecessor-version":[{"id":12550,"href":"https:\/\/www.mpal.mp.br\/index.php?rest_route=\/wp\/v2\/posts\/12549\/revisions\/12550"}],"wp:featuredmedia":[{"embeddable":true,"href":"https:\/\/www.mpal.mp.br\/index.php?rest_route=\/wp\/v2\/media\/7620"}],"wp:attachment":[{"href":"https:\/\/www.mpal.mp.br\/index.php?rest_route=%2Fwp%2Fv2%2Fmedia&parent=12549"}],"wp:term":[{"taxonomy":"category","embeddable":true,"href":"https:\/\/www.mpal.mp.br\/index.php?rest_route=%2Fwp%2Fv2%2Fcategories&post=12549"},{"taxonomy":"post_tag","embeddable":true,"href":"https:\/\/www.mpal.mp.br\/index.php?rest_route=%2Fwp%2Fv2%2Ftags&post=12549"}],"curies":[{"name":"wp","href":"https:\/\/api.w.org\/{rel}","templated":true}]}}