{"id":12545,"date":"2015-02-06T08:28:10","date_gmt":"2015-02-06T10:28:10","guid":{"rendered":"https:\/\/www.mpal.mp.br\/?p=12545"},"modified":"2022-07-18T08:29:51","modified_gmt":"2022-07-18T11:29:51","slug":"mpe-al-firma-tac-com-o-municipio-de-maceio-e-a-bra-servicos-tecnicos-ltda","status":"publish","type":"post","link":"https:\/\/www.mpal.mp.br\/?p=12545","title":{"rendered":"MPE\/AL firma TAC com o munic\u00edpio de Macei\u00f3 e a BRA Servi\u00e7os T\u00e9cnicos Ltda."},"content":{"rendered":"<p style=\"text-align: justify;\"><span style=\"font-size: 14pt;\">O Minist\u00e9rio P\u00fablico do Estado de Alagoas, por meio da 15\u00aa Promotoria de Justi\u00e7a &#8211; Fazenda P\u00fablica Municipal, firmou um Termo de Ajustamento de Conduta para solucionar as situa\u00e7\u00f5es que sugiram na execu\u00e7\u00e3o do contrato de terceiriza\u00e7\u00e3o de servi\u00e7os de limpeza e conserva\u00e7\u00e3o celebrado entre o munic\u00edpio de Macei\u00f3, por meio das Secretarias Municipais de Sa\u00fade, Assist\u00eancia Social, Educa\u00e7\u00e3o, e a de Trabalho e Saneamento, com a empresa BRA Servi\u00e7os T\u00e9cnicos Ltda.<\/span><\/p>\n<p style=\"text-align: justify;\"><span style=\"font-size: 14pt;\">Durante a execu\u00e7\u00e3o contratual surgiram controv\u00e9rsias acerca da repactua\u00e7\u00e3o de pre\u00e7os e reequil\u00edbrio econ\u00f4mico-financeiro, o que resultou no descumprimento das obriga\u00e7\u00f5es contratuais inerentes a ambas as partes, refletindo no bom andamento da presta\u00e7\u00e3o dos servi\u00e7os de conserva\u00e7\u00e3o e limpeza desenvolvidos nas Unidades de Sa\u00fade, Unidades Escolares, Centros de Atendimento de Assist\u00eancia Social, Mercados P\u00fablicos e Unidades Administrativas do Munic\u00edpio de Macei\u00f3. Locais de relev\u00e2ncia p\u00fablica, e que por tal raz\u00e3o n\u00e3o podem sofrer paralisa\u00e7\u00e3o e\/ou suspens\u00e3o.<\/span><\/p>\n<p style=\"text-align: justify;\"><span style=\"font-size: 14pt;\">No TAC firmado foram ajustadas a repactua\u00e7\u00e3o do contrato no tocante aos aumentos salariais decorrentes das conven\u00e7\u00f5es coletivas advindas ap\u00f3s o in\u00edcio da vig\u00eancia contratual e dos custos advindos com o pagamento do adicional de insalubridade, bem como dos encargos sociais e trabalhistas decorrentes do sistema \u201cS\u201d, tendo com base, neste \u00faltimo caso, uma planilha elaborada pela Prefeitura de Macei\u00f3.<\/span><\/p>\n<p style=\"text-align: justify;\"><span style=\"font-size: 14pt;\">Ainda no documento, houve o reajustamento do contrato relacionado ao aumento do custo dos insumos inerentes \u00e0 execu\u00e7\u00e3o contratual, consoante levantamento realizado tamb\u00e9m pela gest\u00e3o municipal, com vig\u00eancia a partir de hoje.<\/span><\/p>\n<p style=\"text-align: justify;\"><span style=\"font-size: 14pt;\"><strong>Dos Prazos<\/strong><\/span><\/p>\n<p style=\"text-align: justify;\"><span style=\"font-size: 14pt;\">A Prefeitura de Macei\u00f3 deve apresentar no prazo de 30 dias, o levantamento dos custos que se refere \u00e0 log\u00edstica na distribui\u00e7\u00e3o dos insumos.<\/span><\/p>\n<p style=\"text-align: justify;\"><span style=\"font-size: 14pt;\">J\u00e1 em rela\u00e7\u00e3o ao pagamento do retroativo decorrente da repactua\u00e7\u00e3o e do reajuste para assegurar o reequil\u00edbrio econ\u00f4mico-financeiro, a gest\u00e3o municipal se compromete a apresentar no prazo de 45 dias, um cronograma especifico com as respectivas datas; adotando os esfor\u00e7os no sentido da uniformiza\u00e7\u00e3o de procedimentos de medidas destinadas a efetiva\u00e7\u00e3o do pagamento devido \u00e0 empresa.<\/span><\/p>\n<p style=\"text-align: justify;\"><span style=\"font-size: 14pt;\">A empresa BRA Servi\u00e7os Ltda. adotar\u00e1 as medidas cab\u00edveis em prol da manuten\u00e7\u00e3o do pagamento em dia dos sal\u00e1rios dos funcion\u00e1rios que prestam servi\u00e7os, seus direitos e encargos sociais.<\/span><\/p>\n<p style=\"text-align: justify;\"><span style=\"font-size: 14pt;\"><strong>O descumprimento<\/strong><\/span><\/p>\n<p style=\"text-align: justify;\"><span style=\"font-size: 14pt;\">O descumprimento injustificado por parte de ambas as partes de qualquer das obriga\u00e7\u00f5es previstas acarretar\u00e1 imposi\u00e7\u00e3o de multa no valor de R$ 500,00 para cada dia de atraso at\u00e9 o efetivo cumprimento da obriga\u00e7\u00e3o, desde que atendidos aos princ\u00edpios constitucionais da ampla defesa e do contradit\u00f3rio, sem preju\u00edzo das demais san\u00e7\u00f5es penais, civis e administrativas que forem cab\u00edveis, devendo ainda ser atualizada monetariamente no momento de seu pagamento judicial ou extrajudicial e destinada ao Fundo de que trata o inciso XIV do art. da Lei Estadual na 6.639\/2005.<\/span><\/p>\n<p style=\"text-align: justify;\"><span style=\"font-size: 14pt;\"><strong>A Fiscaliza\u00e7\u00e3o<\/strong><\/span><\/p>\n<p style=\"text-align: justify;\"><span style=\"font-size: 14pt;\">A fiscaliza\u00e7\u00e3o do cumprimento das obriga\u00e7\u00f5es constantes no Termo ser\u00e1 realizada pelo Minist\u00e9rio P\u00fablico ou por qualquer outro \u00f3rg\u00e3o, de of\u00edcio ou em virtude de requisi\u00e7\u00e3o da 15\u00aa Promotoria de Justi\u00e7a da Fazenda P\u00fablica Municipal.<\/span><\/p>\n","protected":false},"excerpt":{"rendered":"<p> [&hellip;]<\/p>\n","protected":false},"author":4,"featured_media":7620,"comment_status":"open","ping_status":"open","sticky":false,"template":"","format":"standard","meta":{"om_disable_all_campaigns":false,"_monsterinsights_skip_tracking":false,"_monsterinsights_sitenote_active":false,"_monsterinsights_sitenote_note":"","_monsterinsights_sitenote_category":0,"_uf_show_specific_survey":0,"_uf_disable_surveys":false,"footnotes":""},"categories":[2],"tags":[],"class_list":["post-12545","post","type-post","status-publish","format-standard","has-post-thumbnail","hentry","category-not_mpal"],"aioseo_notices":[],"_links":{"self":[{"href":"https:\/\/www.mpal.mp.br\/index.php?rest_route=\/wp\/v2\/posts\/12545","targetHints":{"allow":["GET"]}}],"collection":[{"href":"https:\/\/www.mpal.mp.br\/index.php?rest_route=\/wp\/v2\/posts"}],"about":[{"href":"https:\/\/www.mpal.mp.br\/index.php?rest_route=\/wp\/v2\/types\/post"}],"author":[{"embeddable":true,"href":"https:\/\/www.mpal.mp.br\/index.php?rest_route=\/wp\/v2\/users\/4"}],"replies":[{"embeddable":true,"href":"https:\/\/www.mpal.mp.br\/index.php?rest_route=%2Fwp%2Fv2%2Fcomments&post=12545"}],"version-history":[{"count":1,"href":"https:\/\/www.mpal.mp.br\/index.php?rest_route=\/wp\/v2\/posts\/12545\/revisions"}],"predecessor-version":[{"id":12546,"href":"https:\/\/www.mpal.mp.br\/index.php?rest_route=\/wp\/v2\/posts\/12545\/revisions\/12546"}],"wp:featuredmedia":[{"embeddable":true,"href":"https:\/\/www.mpal.mp.br\/index.php?rest_route=\/wp\/v2\/media\/7620"}],"wp:attachment":[{"href":"https:\/\/www.mpal.mp.br\/index.php?rest_route=%2Fwp%2Fv2%2Fmedia&parent=12545"}],"wp:term":[{"taxonomy":"category","embeddable":true,"href":"https:\/\/www.mpal.mp.br\/index.php?rest_route=%2Fwp%2Fv2%2Fcategories&post=12545"},{"taxonomy":"post_tag","embeddable":true,"href":"https:\/\/www.mpal.mp.br\/index.php?rest_route=%2Fwp%2Fv2%2Ftags&post=12545"}],"curies":[{"name":"wp","href":"https:\/\/api.w.org\/{rel}","templated":true}]}}